{"id":5800,"date":"2021-11-17T13:56:12","date_gmt":"2021-11-17T11:56:12","guid":{"rendered":"http:\/\/ich.md\/?p=5800"},"modified":"2021-11-17T14:11:07","modified_gmt":"2021-11-17T12:11:07","slug":"aparitie-editoriala-a-ipc-victoria-rocaciuc-naratiune-si-simbol-in-grafica-de-carte-moldoveneasca-1945-2010","status":"publish","type":"post","link":"https:\/\/ich.md\/?p=5800","title":{"rendered":"Apari\u021bie editorial\u0103 a IPC: Victoria Rocaciuc. Nara\u021biune \u0219i simbol \u00een grafica de carte moldoveneasc\u0103 1945-2010"},"content":{"rendered":"<p>Cercet\u0103toarea IPC Victoria Rocaciuc,\u00a0doctor \u00een studiul artelor,\u00a0 a editat cartea <strong><em>Nara\u021biune \u0219i simbol \u00een grafica de carte moldoveneasc\u0103 1945-2010<\/em><\/strong><\/p>\n<p>\u00cen monografie, autoarea \u00eencearc\u0103 s\u0103 justifice necesitatea studierii aprofundate a contextului istoric \u0219i teoretic referitor la nara\u021biune \u0219i simbol \u00een grafica de carte moldoveneasc\u0103, ofer\u0103 op\u021biuni posibile de clasificare, ce determin\u0103 criteriile de evaluare a operelor, stabilind obiective noi pentru urm\u0103toarele cercet\u0103ri.<\/p>\n<p>Nara\u021biunea \u0219i simbolul au devenit categorii estetice de baz\u0103, iar simbolul, ca fenomen al culturii, ocup\u0103 locul central \u00een toate sferele \u0219tiin\u021bifice, de aceea apare necesitatea studierii acestora \u0219i din punct de vedere al studiului artelor.<\/p>\n<p>\u00cen perioada actual\u0103, analiza nara\u021biunii \u0219i simbolului \u00een artele vizuale \u0219i \u00een arta graficii de carte moldoveneasc\u0103, \u00een special, reprezint\u0103 una dintre sarcinile importante \u0219i destul de complexe.<\/p>\n<p>Una dintre premise a devenit tendin\u021ba cercet\u0103rilor istorice, c\u00e2nd aspectul teoretic \u00eenso\u021be\u0219te procesul de studiere a datelor din arhive \u0219i muzee. Biografiile de crea\u021bie ale multor autori nu sunt pe deplin cercetate, nu toate operele de valoare sunt puse \u00een circula\u021bie \u0219tiin\u021bific\u0103, lipsesc datele de catalog ale acestora. \u00cen aceste condi\u021bii, schimb\u0103rile necesare ale accentelor din punct de vedere teoretic nu \u00eentotdeauna sunt serios fundamentate.<\/p>\n<p>O alt\u0103 dificultate a studiului este determinat\u0103 de concep\u0163iile contradictorii \u00een privin\u0163a nara\u021biunii \u0219i simbolului \u00een \u0219tiin\u021b\u0103 \u0219i art\u0103 universal\u0103, interferen\u021bele diferitor aspecte ale acestora \u0219i alte interconexiuni.<\/p>\n<p>\u00cen epoca sovietic\u0103, termenii \u201enara\u021biune\u201d \u0219i \u201esimbol\u201d uneori erau \u00eenlocui\u0163i de conceptele de \u201econ\u021binut\u201d \u0219i \u201eform\u0103\u201d, deseori utilizate \u00een sens negativ, iar, \u00een unele cazuri, combinate cu categoriile estetice ale frumosului \u0219i ur\u00e2tului. La etapa actual\u0103, \u00een lume, exist\u0103 un num\u0103r mare de reprezentan\u021bi ai \u201eformalismului\u201d \u0219i ai \u0219colilor semiotice. Sunt \u00een curs de dezvoltare noile \u0219tiin\u021be \u2013 pragmalingvistica, semiologia \u0219i naratologia, care influen\u021beaz\u0103 \u00een\u021belegerea \u0219i analiza imaginii artistice \u00een artele vizuale.<\/p>\n<p style=\"text-align: center;\"><strong><em>\u00a0Felicit\u0103m autoarea cu ocazia edit\u0103rii c\u0103r\u021bii \u0219i \u00eei ur\u0103m succese \u00een continuare !<\/em><\/strong><\/p>\n<p><a href=\"http:\/\/ich.md\/wp-content\/uploads\/2021\/11\/1-VICTORIA-coperta-4.jpg\"><img decoding=\"async\" loading=\"lazy\" class=\"aligncenter wp-image-5802 size-large\" src=\"http:\/\/ich.md\/wp-content\/uploads\/2021\/11\/1-VICTORIA-coperta-4-1024x592.jpg\" alt=\"\" width=\"1024\" height=\"592\" \/><\/a> <a href=\"http:\/\/ich.md\/wp-content\/uploads\/2021\/11\/VICTORIA-coperta.jpg\"><img decoding=\"async\" loading=\"lazy\" class=\"aligncenter wp-image-5801 size-medium\" src=\"http:\/\/ich.md\/wp-content\/uploads\/2021\/11\/VICTORIA-coperta-212x300.jpg\" alt=\"\" width=\"212\" height=\"300\" \/><\/a><\/p>\n<p>&nbsp;<\/p>\n<p><strong>Rocaciuc, Victoria. Nara\u0163iune \u015fi simbol \u00een grafica de carte moldoveneasc\u0103, 1945-2010 \/ <\/strong>Victoria Rocaciuc; redactor \u015ftiin\u0163ific: Tudor Stavil\u0103; Ministerul Educa\u021biei \u0219i Cercet\u0103rii, Institutul Patrimoniului Cultural. \u2013 Chi\u015fin\u0103u: S. n., 2021. \u2013 280 p.<\/p>\n<p>ISBN 978-9975-47-217-3.<\/p>\n<p>&nbsp;<\/p>\n","protected":false},"excerpt":{"rendered":"<p>Cercet\u0103toarea IPC Victoria Rocaciuc,\u00a0doctor \u00een studiul artelor,\u00a0 a editat cartea Nara\u021biune \u0219i simbol \u00een grafica de carte moldoveneasc\u0103 1945-2010 \u00cen monografie, autoarea \u00eencearc\u0103 s\u0103 justifice<span class=\"read-more-link\"><a class=\"read-more\" href=\"https:\/\/ich.md\/?p=5800\">Read More<\/a><\/span><\/p>\n","protected":false},"author":2,"featured_media":5801,"comment_status":"closed","ping_status":"closed","sticky":false,"template":"","format":"standard","meta":[],"categories":[10],"tags":[],"_links":{"self":[{"href":"https:\/\/ich.md\/index.php?rest_route=\/wp\/v2\/posts\/5800"}],"collection":[{"href":"https:\/\/ich.md\/index.php?rest_route=\/wp\/v2\/posts"}],"about":[{"href":"https:\/\/ich.md\/index.php?rest_route=\/wp\/v2\/types\/post"}],"author":[{"embeddable":true,"href":"https:\/\/ich.md\/index.php?rest_route=\/wp\/v2\/users\/2"}],"replies":[{"embeddable":true,"href":"https:\/\/ich.md\/index.php?rest_route=%2Fwp%2Fv2%2Fcomments&post=5800"}],"version-history":[{"count":7,"href":"https:\/\/ich.md\/index.php?rest_route=\/wp\/v2\/posts\/5800\/revisions"}],"predecessor-version":[{"id":5809,"href":"https:\/\/ich.md\/index.php?rest_route=\/wp\/v2\/posts\/5800\/revisions\/5809"}],"wp:featuredmedia":[{"embeddable":true,"href":"https:\/\/ich.md\/index.php?rest_route=\/wp\/v2\/media\/5801"}],"wp:attachment":[{"href":"https:\/\/ich.md\/index.php?rest_route=%2Fwp%2Fv2%2Fmedia&parent=5800"}],"wp:term":[{"taxonomy":"category","embeddable":true,"href":"https:\/\/ich.md\/index.php?rest_route=%2Fwp%2Fv2%2Fcategories&post=5800"},{"taxonomy":"post_tag","embeddable":true,"href":"https:\/\/ich.md\/index.php?rest_route=%2Fwp%2Fv2%2Ftags&post=5800"}],"curies":[{"name":"wp","href":"https:\/\/api.w.org\/{rel}","templated":true}]}}