{"id":5810,"date":"2021-11-19T09:40:59","date_gmt":"2021-11-19T07:40:59","guid":{"rendered":"http:\/\/ich.md\/?p=5810"},"modified":"2021-11-19T13:50:36","modified_gmt":"2021-11-19T11:50:36","slug":"masa-rotunda-omagiala-emil-loteanu-o-noua-galaxie-cinematografica","status":"publish","type":"post","link":"https:\/\/ich.md\/?p=5810","title":{"rendered":"Masa rotund\u0103 omagial\u0103: Emil Loteanu: o nou\u0103 galaxie cinematografic\u0103"},"content":{"rendered":"<p style=\"text-align: center;\">Institutul Patrimoniului Cultural<\/p>\n<p style=\"text-align: center;\">anun\u021b\u0103 organizarea<\/p>\n<h2 style=\"text-align: center;\">Mesei rotunde omagiale<\/h2>\n<h2 style=\"text-align: center;\"><strong><em>Emil Loteanu: o nou\u0103 galaxie cinematografic\u0103 <\/em><\/strong><\/h2>\n<p style=\"text-align: center;\">Manifestareava avea loc la 23 noiembrie 2021, orele 11.00 \u00een incinta Institutului Patrimoniului Cultural. Bd. \u015etefan cel Mare \u015fi Sf\u00e2nt, nr. 1<\/p>\n<p style=\"text-align: center;\"><strong>Forma desf\u0103\u0219ur\u0103rii:<\/strong><br \/>\ncu participare direct\u0103 \u0219i online<br \/>\n(prin aplica\u021bia Google Meet)<\/p>\n<p style=\"text-align: center;\"><strong>Pentru conectarea online accesa\u021bi linkul:<\/strong><br \/>\n<strong><a href=\"https:\/\/meet.google.com\/mvn-qnie-prh\">https:\/\/meet.google.com\/mvn-qnie-prh<\/a><\/strong><\/p>\n<p style=\"text-align: center;\"><strong>PROGRAM<\/strong><br \/>\n11.00 \u2013 14.00<br \/>\nModeratori: dr. hab. Ana-Maria PL\u0102M\u0102DEAL\u0102,<br \/>\ndr. hab. Victor GHILA\u0218<\/p>\n<p style=\"text-align: center;\"><em>Cuv\u00e2nt de salut<\/em><\/p>\n<p style=\"margin: 0mm; text-align: center;\" align=\"center\"><strong>Dr. hab. Victor GHILA\u0218,<\/strong><br \/>\nDirectorul Institutului Patrimoniului Cultural<br \/>\n<strong>Orest DABIJA,<\/strong><br \/>\n\u0218ef direc\u021bie arte \u0219i industrii creative,\u00a0Ministerul Culturii al Republicii Moldova<br \/>\n<strong>Virgil M\u0102RGINEANU,<\/strong><br \/>\nPre\u015fedintele Uniunii Cinea\u015ftilor din Republica Moldova<\/p>\n<p style=\"margin: 0mm; text-align: center;\" align=\"center\"><strong>Marcel LOTEANU<\/strong>,<\/p>\n<p style=\"margin: 0mm; text-align: center;\" align=\"center\">Cineast, Rom\u00e2nia<\/p>\n<p style=\"text-align: center;\"><em>Comunic\u0103ri<\/em><\/p>\n<p style=\"text-align: center;\"><strong>Acad. Eugen Doga<\/strong><br \/>\nEmil Loteanu: via\u021ba \u0219i arta<\/p>\n<p style=\"text-align: center;\"><strong>Dr. hab. Ana-Maria Pl\u0103m\u0103deal\u0103<\/strong><br \/>\nMesajul iluminist al crea\u021biei lui Emil Loteanu<\/p>\n<p style=\"text-align: center;\"><strong>Acad. Mihai Cimpoi<\/strong><br \/>\nLirica lui Emil Loteanu: poetica zborului<\/p>\n<p style=\"text-align: center;\"><strong>Dr. Dumitru Ol\u0103rescu<\/strong><br \/>\nRegizorul Emil Loteanu: poezia realit\u0103\u021bii<\/p>\n<p style=\"text-align: center;\"><strong>\u0414\u0440. \u0412\u0430\u043b\u0435\u0440\u0438\u0439 \u0424\u043e\u043c\u0438\u043d<\/strong><br \/>\n\u042d\u043c\u0438\u043b\u044c \u041b\u043e\u0442\u0435\u0430\u043d\u0443: \u0441\u0430\u043c\u043e\u0431\u044b\u0442\u043d\u043e\u0441\u0442\u044c \u0434\u0430\u0440\u043e\u0432\u0430\u043d\u0438\u044f\u00a0\u0438 \u0442\u0432\u043e\u0440\u0447\u0435\u0441\u043a\u043e\u0433\u043e \u043f\u0440\u043e\u0446\u0435\u0441\u0441\u0430<\/p>\n<p style=\"text-align: center;\"><em>Evoc\u0103ri<\/em><br \/>\n<strong>Vladimir Be\u015fleag\u0103<\/strong><br \/>\n<strong>Victor Voinicescu \u2013 So\u021bki<\/strong><br \/>\n<strong>Dumitru H\u0103b\u0103\u0219escu<\/strong><br \/>\n<strong>Valentina Plugaru<\/strong><\/p>\n<p style=\"text-align: center;\"><strong>Comitetul de organizare:<\/strong><br \/>\nDr. hab. Victor Ghila\u0219<br \/>\nDr. hab. Ana-Maria Pl\u0103m\u0103deal\u0103<br \/>\nDr. Dumitru Ol\u0103rescu<br \/>\nDr. Violeta Tipa<br \/>\nDr. Adrian Dolghi<\/p>\n","protected":false},"excerpt":{"rendered":"<p>Institutul Patrimoniului Cultural anun\u021b\u0103 organizarea Mesei rotunde omagiale Emil Loteanu: o nou\u0103 galaxie cinematografic\u0103 Manifestareava avea loc la 23 noiembrie 2021, orele 11.00 \u00een incinta<span class=\"read-more-link\"><a class=\"read-more\" href=\"https:\/\/ich.md\/?p=5810\">Read More<\/a><\/span><\/p>\n","protected":false},"author":2,"featured_media":5820,"comment_status":"closed","ping_status":"closed","sticky":false,"template":"","format":"standard","meta":[],"categories":[10],"tags":[],"_links":{"self":[{"href":"https:\/\/ich.md\/index.php?rest_route=\/wp\/v2\/posts\/5810"}],"collection":[{"href":"https:\/\/ich.md\/index.php?rest_route=\/wp\/v2\/posts"}],"about":[{"href":"https:\/\/ich.md\/index.php?rest_route=\/wp\/v2\/types\/post"}],"author":[{"embeddable":true,"href":"https:\/\/ich.md\/index.php?rest_route=\/wp\/v2\/users\/2"}],"replies":[{"embeddable":true,"href":"https:\/\/ich.md\/index.php?rest_route=%2Fwp%2Fv2%2Fcomments&post=5810"}],"version-history":[{"count":10,"href":"https:\/\/ich.md\/index.php?rest_route=\/wp\/v2\/posts\/5810\/revisions"}],"predecessor-version":[{"id":5828,"href":"https:\/\/ich.md\/index.php?rest_route=\/wp\/v2\/posts\/5810\/revisions\/5828"}],"wp:featuredmedia":[{"embeddable":true,"href":"https:\/\/ich.md\/index.php?rest_route=\/wp\/v2\/media\/5820"}],"wp:attachment":[{"href":"https:\/\/ich.md\/index.php?rest_route=%2Fwp%2Fv2%2Fmedia&parent=5810"}],"wp:term":[{"taxonomy":"category","embeddable":true,"href":"https:\/\/ich.md\/index.php?rest_route=%2Fwp%2Fv2%2Fcategories&post=5810"},{"taxonomy":"post_tag","embeddable":true,"href":"https:\/\/ich.md\/index.php?rest_route=%2Fwp%2Fv2%2Ftags&post=5810"}],"curies":[{"name":"wp","href":"https:\/\/api.w.org\/{rel}","templated":true}]}}