{"id":5934,"date":"2021-12-02T09:16:14","date_gmt":"2021-12-02T07:16:14","guid":{"rendered":"http:\/\/ich.md\/?p=5934"},"modified":"2021-12-02T09:17:10","modified_gmt":"2021-12-02T07:17:10","slug":"aparitie-editoriala-a-ipc-ana-marian-monografia-album-iurie-canasin-calea-spre-descoperirea-misterului-creatiei","status":"publish","type":"post","link":"https:\/\/ich.md\/?p=5934","title":{"rendered":"Apari\u021bie editorial\u0103 a IPC:  Ana Marian. Monografia-album  IURIE  CANA\u015eIN. CALEA SPRE DESCOPERIREA MISTERULUI CREA\u0162IEI"},"content":{"rendered":"<p>Recent, cercet\u0103toarea IPC Ana Marian, doctor \u00een studiul artelor, a editat monografia-album, dedicat\u0103 crea\u021biei sculptorului Iurie Cana\u0219in, a fost elaborat\u0103 \u00een perioada 2011-2021, \u00een calitate de lucrare extraplan. Ea con\u0163ine at\u00e2t fotografiile operelor din atelierul sculptorului, c\u00e2t \u015fi cele care se afl\u0103 \u00een colec\u0163iile particulare. Structura lucr\u0103rii este bine definitivat\u0103: textul de baz\u0103 \u00een limba rom\u00e2n\u0103, con\u0163in\u00e2nd analiza stilistic\u0103 a operelor de sculptur\u0103, divizate \u00een compartimente aparte dup\u0103 genurile abordate (portret, sculptur\u0103 monumental\u0103, ciclul de compozi\u0163ii tematice \u201eArtistul \u015fi Modelul\u201d, desene \u015fi schi\u0163e, etc.).Urmeaz\u0103 textul tradus \u00een limba englez\u0103, 2 rezumate \u00een limbile rom\u00e2n\u0103 \u015fi englez\u0103, CV autorului, biobibliografia. Lucrarea a fost minu\u0163ios elaborat\u0103 de machetatorul \u015fi fotograful Vitaliu Pogol\u015fa. Monografia-album, editat\u0103 la \u00ce.S. Tipografia Central\u0103, con\u0163ine 172 pagini \u015fi peste 300 de imagini foto alb-negru \u0219i color.<\/p>\n<p style=\"text-align: center;\"><strong>Felicit\u0103m autoarea cu ocazia apari\u021biei c\u0103r\u021bii \u0219i \u00eei urm\u0103m succese \u00een continuare !<\/strong><em><a href=\"http:\/\/ich.md\/wp-content\/uploads\/2021\/12\/cop_1.jpg\"><img decoding=\"async\" loading=\"lazy\" class=\"aligncenter wp-image-5935 size-large\" src=\"http:\/\/ich.md\/wp-content\/uploads\/2021\/12\/cop_1-1024x571.jpg\" alt=\"\" width=\"1024\" height=\"571\" \/><\/a><\/em><\/p>\n<p><strong>Monografia-album\u00a0 IURIE\u00a0 CANA\u015eIN. CALEA SPRE DESCOPERIREA MISTERULUI CREA\u0162IEI, Ana Marian, redactor \u0219tiin\u021bific: Tudor Stavil\u0103; Ministerul Educa\u021biei \u0219i Cercet\u0103rii; Institutul Patrimoniului Cultural. \u2013 Chi\u0219in\u0103u, 2021, 172 pagini, il.<\/strong><\/p>\n<p><strong>ISBN 978-9975-47-214-2<\/strong><\/p>\n<p><strong>\u00a0<\/strong><\/p>\n<p><strong>Sculptorul Iurie Cana\u015fin<\/strong> (n\u0103scut la 27 septembrie 1939, sta\u0163ia Receica, regiunea Samara, URSS; emigrat \u00een 1953 la Dub\u0103sari, RSSM) va parcurge o cale complicat\u0103 spre \u00eensu\u015firea meseriei de sculptor (f\u0103c\u00e2nd studii \u00een anii 1957-1962 la fosta \u015fcoal\u0103 de pictur\u0103 <em>Ilia Repin, <\/em>actualul Colegiu republican de arte plastice <em>Alexandru Pl\u0103m\u0103deal\u0103; <\/em>\u00een anii 1962-1968 \u2013 la \u015ecoala superioar\u0103 industrial\u0103 de arte plastice (fosta <em>Stroganov<\/em>), Moscova). Sculptorul devine c\u00e2\u015ftig\u0103tor al c\u00e2torva concursuri de sculptur\u0103: \u00een 1975 \u00een Iugoslavia la Simpozionul interna\u0163ional de sculptur\u0103 cu compozi\u0163ia <em>Moldova \u00een ospe\u0163ie la Macedonia <\/em>(lemn); \u00een 1991 \u2013 premiul I la concursul republican pentru cea mai bun\u0103 lucrare cu chipul lui Mihai Eminescu; \u00een 1992 ia premiul I la concursul republican pentru cel mai bun monument dedicat victimelor conflictelor armate de pe Nistru din anii 1991-1992 pentru lucrarea cu titlul <em>Templul suferin\u0163ei dedicat jertfelor din Transnistria; <\/em>\u015fi \u00een 1992 la concursul interna\u0163ional pentru cea mai bun\u0103 lucrare sculptural\u0103 dedicat\u0103 jertfelor conflictului de pe Nistru ia premiul I pentru lucrarea cu titlul <em>Columna Dragostei. <\/em><\/p>\n<p>Activitatea sculptorului Iurie Cana\u015fin a fost \u00eenalt apreciat\u0103 de contemporani. \u00cen anul 1997 i se confer\u0103 titlul Maestru Emerit \u00een Art\u0103. \u00cen anul 2000 ob\u0163ine titlul de Academician al Academiei Interna\u0163ionale de Cadre a Consiliului Europei\/UNESCO din Kiev, iar \u00een anul 2001 devine Cavaler al Ordinului Steaua Rom\u00e2niei (\u00een grad de Comandor) pentru promovarea valorilor artei rom\u00e2ne\u015fti \u00een lume. \u00cen acela\u015fi an devine Cavaler al \u201eOrdinului Republicii\u201d. Tot \u00een 2001 ob\u0163ine medalia \u201eMihai Eminescu\u201d din partea Pre\u015fedintelui Rom\u00e2niei. Iar din 2012 este Artist al Poporului din Republica Moldova. Multiplele expozi\u0163ii, \u00een grup \u015fi personale, pe care le-a avut pe parcursul activit\u0103\u0163ii sale profesionale de 60 ani, vor culmina cu o expozi\u0163ie personal\u0103 la Paris, \u00een cadrul c\u0103reia a prezentat 125 lucr\u0103ri (anul 1994).<\/p>\n<p>\u00centreaga crea\u0163ie a Maestrului \u00een Art\u0103, sculptorului Iurie Cana\u015fin constituie o m\u0103rturie a unui spirit creativ polivalent, preocupat de a reprezenta lumea l\u0103untric\u0103 a personajelor sale remarcabile, asum\u00e2ndu-\u015fi sarcina complicat\u0103 de a separa valoarea de nonvaloare, lucrurile trec\u0103toare de cele eterne. D\u0103ruirea sculptorului pentru spectator este f\u0103r\u0103 rezerve, \u00een toate crea\u0163iile sale sim\u0163indu-se pasiunea pentru frumos.<\/p>\n","protected":false},"excerpt":{"rendered":"<p>Recent, cercet\u0103toarea IPC Ana Marian, doctor \u00een studiul artelor, a editat monografia-album, dedicat\u0103 crea\u021biei sculptorului Iurie Cana\u0219in, a fost elaborat\u0103 \u00een perioada 2011-2021, \u00een calitate<span class=\"read-more-link\"><a class=\"read-more\" href=\"https:\/\/ich.md\/?p=5934\">Read More<\/a><\/span><\/p>\n","protected":false},"author":2,"featured_media":5936,"comment_status":"closed","ping_status":"closed","sticky":false,"template":"","format":"standard","meta":[],"categories":[10],"tags":[],"_links":{"self":[{"href":"https:\/\/ich.md\/index.php?rest_route=\/wp\/v2\/posts\/5934"}],"collection":[{"href":"https:\/\/ich.md\/index.php?rest_route=\/wp\/v2\/posts"}],"about":[{"href":"https:\/\/ich.md\/index.php?rest_route=\/wp\/v2\/types\/post"}],"author":[{"embeddable":true,"href":"https:\/\/ich.md\/index.php?rest_route=\/wp\/v2\/users\/2"}],"replies":[{"embeddable":true,"href":"https:\/\/ich.md\/index.php?rest_route=%2Fwp%2Fv2%2Fcomments&post=5934"}],"version-history":[{"count":2,"href":"https:\/\/ich.md\/index.php?rest_route=\/wp\/v2\/posts\/5934\/revisions"}],"predecessor-version":[{"id":5938,"href":"https:\/\/ich.md\/index.php?rest_route=\/wp\/v2\/posts\/5934\/revisions\/5938"}],"wp:featuredmedia":[{"embeddable":true,"href":"https:\/\/ich.md\/index.php?rest_route=\/wp\/v2\/media\/5936"}],"wp:attachment":[{"href":"https:\/\/ich.md\/index.php?rest_route=%2Fwp%2Fv2%2Fmedia&parent=5934"}],"wp:term":[{"taxonomy":"category","embeddable":true,"href":"https:\/\/ich.md\/index.php?rest_route=%2Fwp%2Fv2%2Fcategories&post=5934"},{"taxonomy":"post_tag","embeddable":true,"href":"https:\/\/ich.md\/index.php?rest_route=%2Fwp%2Fv2%2Ftags&post=5934"}],"curies":[{"name":"wp","href":"https:\/\/api.w.org\/{rel}","templated":true}]}}