{"id":5976,"date":"2021-12-06T15:32:57","date_gmt":"2021-12-06T13:32:57","guid":{"rendered":"http:\/\/ich.md\/?p=5976"},"modified":"2021-12-07T10:07:34","modified_gmt":"2021-12-07T08:07:34","slug":"la-6-decembrie-2021-a-avut-loc-audierea-raportelor-privind-implementarea-proiectelor-din-cadrul-programului-de-stat-2020-2023","status":"publish","type":"post","link":"https:\/\/ich.md\/?p=5976","title":{"rendered":"La 6 decembrie 2021 a avut loc audierea Raportelor privind implementarea proiectelor din cadrul Programului de stat 2020-2023"},"content":{"rendered":"<p>La 6 decembrie 2021 au avut loc audierile publice a rapoartelor privind implementarea proiectelor \u00een cadrul Programului de Stat \u00een cadrul \u0219edin\u021bei comune a Sec\u021biei \u0218tiin\u021be Socioumanistice \u0219i Arte a A\u0218M \u0219i a Consiliului \u0218tiin\u021bific al IPC.<\/p>\n<ol>\n<li>Evolu\u021bia tradi\u021biilor \u0219i procesele etnice \u00een Republica Moldova: suport teoretic \u0219i aplicativ \u00een promovarea valorilor etnoculturale \u0219i coeziunii sociale Institutul Patrimoniului Cultural dr. Gr\u0103dinaru Natalia<\/li>\n<\/ol>\n<div class=\"ead-preview\"><div class=\"ead-document\" style=\"position: relative;width: 100%;height: 100%;border: none;min-height: 500px;\" data-pdf-src=\"http:\/\/ich.md\/wp-content\/uploads\/2021\/12\/Prezentare_raport_model_Program-de-stat_etapa-2021.pdf\" data-viewer=\"browser\"><div class=\"ead-iframe-wrapper\"><iframe src=\"\/\/docs.google.com\/viewer?url=http%3A%2F%2Fich.md%2Fwp-content%2Fuploads%2F2021%2F12%2FPrezentare_raport_model_Program-de-stat_etapa-2021.pdf&amp;embedded=true&amp;hl=en\" title=\"Embedded Document\" class=\"ead-iframe\" style=\"width: 100%;height: 100%;border: none;min-height: 500px;visibility: hidden;\"><\/iframe><\/div>\t\t\t<div class=\"ead-document-loading\" style=\"width:100%;height:100%;position:absolute;left:0;top:0;z-index:10;\">\n\t\t\t\t<div class=\"ead-loading-wrap\">\n\t\t\t\t\t<div class=\"ead-loading-main\">\n\t\t\t\t\t\t<div class=\"ead-loading\">\n\t\t\t\t\t\t\t<img src=\"https:\/\/ich.md\/wp-content\/plugins\/embed-any-document\/images\/loading.svg\" width=\"55\" height=\"55\" alt=\"Loader\">\n\t\t\t\t\t\t\t<span>Loading...<\/span>\n\t\t\t\t\t\t<\/div>\n\t\t\t\t\t<\/div>\n\t\t\t\t\t<div class=\"ead-loading-foot\">\n\t\t\t\t\t\t<div class=\"ead-loading-foot-title\">\n\t\t\t\t\t\t\t<img src=\"https:\/\/ich.md\/wp-content\/plugins\/embed-any-document\/images\/EAD-logo.svg\" alt=\"EAD Logo\" width=\"36\" height=\"23\"\/>\n\t\t\t\t\t\t\t<span>Taking too long?<\/span>\n\t\t\t\t\t\t<\/div>\n\t\t\t\t\t\t<p>\n\t\t\t\t\t\t\t<div class=\"ead-document-btn ead-reload-btn\" role=\"button\">\n\t\t\t\t\t\t\t\t<img src=\"https:\/\/ich.md\/wp-content\/plugins\/embed-any-document\/images\/reload.svg\" alt=\"Reload\" width=\"12\" height=\"12\"\/> Reload document\t\t\t\t\t\t\t<\/div>\n\t\t\t\t\t\t\t<span>|<\/span>\n\t\t\t\t\t\t\t<a href=\"#\" class=\"ead-document-btn\" target=\"_blank\">\n\t\t\t\t\t\t\t\t<img src=\"https:\/\/ich.md\/wp-content\/plugins\/embed-any-document\/images\/open.svg\" alt=\"Open\" width=\"12\" height=\"12\"\/> Open in new tab\t\t\t\t\t\t\t<\/a>\n\t\t\t\t\t<\/div>\n\t\t\t\t<\/div>\n\t\t\t<\/div>\n\t\t<\/div><p class=\"embed_download\"><a href=\"http:\/\/ich.md\/wp-content\/uploads\/2021\/12\/Prezentare_raport_model_Program-de-stat_etapa-2021.pdf\" download >Download <\/a><\/p><\/div>\n<ol start=\"2\">\n<li>Dimensiunea identitar\u0103 a artelor din Republica Moldova ca factor activ al dezvolt\u0103rii durabile a societ\u0103\u021bii \u00een contextul dialogului intercultural european\u00a0\u00a0\u00a0\u00a0\u00a0\u00a0\u00a0\u00a0\u00a0 Institutul Patrimoniului Cultural\u00a0\u00a0\u00a0\u00a0 dr. hab. Ghila\u0219 Victor<\/li>\n<\/ol>\n<div class=\"ead-preview\"><div class=\"ead-document\" style=\"position: relative;width: 100%;height: 100%;border: none;min-height: 500px;\" data-pdf-src=\"http:\/\/ich.md\/wp-content\/uploads\/2021\/12\/PPT_Raport.Ghilas.pdf\" data-viewer=\"browser\"><div class=\"ead-iframe-wrapper\"><iframe src=\"\/\/docs.google.com\/viewer?url=http%3A%2F%2Fich.md%2Fwp-content%2Fuploads%2F2021%2F12%2FPPT_Raport.Ghilas.pdf&amp;embedded=true&amp;hl=en\" title=\"Embedded Document\" class=\"ead-iframe\" style=\"width: 100%;height: 100%;border: none;min-height: 500px;visibility: hidden;\"><\/iframe><\/div>\t\t\t<div class=\"ead-document-loading\" style=\"width:100%;height:100%;position:absolute;left:0;top:0;z-index:10;\">\n\t\t\t\t<div class=\"ead-loading-wrap\">\n\t\t\t\t\t<div class=\"ead-loading-main\">\n\t\t\t\t\t\t<div class=\"ead-loading\">\n\t\t\t\t\t\t\t<img src=\"https:\/\/ich.md\/wp-content\/plugins\/embed-any-document\/images\/loading.svg\" width=\"55\" height=\"55\" alt=\"Loader\">\n\t\t\t\t\t\t\t<span>Loading...<\/span>\n\t\t\t\t\t\t<\/div>\n\t\t\t\t\t<\/div>\n\t\t\t\t\t<div class=\"ead-loading-foot\">\n\t\t\t\t\t\t<div class=\"ead-loading-foot-title\">\n\t\t\t\t\t\t\t<img src=\"https:\/\/ich.md\/wp-content\/plugins\/embed-any-document\/images\/EAD-logo.svg\" alt=\"EAD Logo\" width=\"36\" height=\"23\"\/>\n\t\t\t\t\t\t\t<span>Taking too long?<\/span>\n\t\t\t\t\t\t<\/div>\n\t\t\t\t\t\t<p>\n\t\t\t\t\t\t\t<div class=\"ead-document-btn ead-reload-btn\" role=\"button\">\n\t\t\t\t\t\t\t\t<img src=\"https:\/\/ich.md\/wp-content\/plugins\/embed-any-document\/images\/reload.svg\" alt=\"Reload\" width=\"12\" height=\"12\"\/> Reload document\t\t\t\t\t\t\t<\/div>\n\t\t\t\t\t\t\t<span>|<\/span>\n\t\t\t\t\t\t\t<a href=\"#\" class=\"ead-document-btn\" target=\"_blank\">\n\t\t\t\t\t\t\t\t<img src=\"https:\/\/ich.md\/wp-content\/plugins\/embed-any-document\/images\/open.svg\" alt=\"Open\" width=\"12\" height=\"12\"\/> Open in new tab\t\t\t\t\t\t\t<\/a>\n\t\t\t\t\t<\/div>\n\t\t\t\t<\/div>\n\t\t\t<\/div>\n\t\t<\/div><p class=\"embed_download\"><a href=\"http:\/\/ich.md\/wp-content\/uploads\/2021\/12\/PPT_Raport.Ghilas.pdf\" download >Download <\/a><\/p><\/div>\n<p><strong>Transmisiunea online<\/strong><\/p>\n<p><iframe loading=\"lazy\" width=\"1160\" height=\"870\" src=\"https:\/\/www.youtube.com\/embed\/EftHi1Rd-Hc?feature=oembed\" frameborder=\"0\" allow=\"accelerometer; autoplay; clipboard-write; encrypted-media; gyroscope; picture-in-picture\" allowfullscreen><\/iframe><\/p>\n<p><strong>Galerie foto:<\/strong><\/p>\n<div id='gallery-1' class='gallery galleryid-5976 gallery-columns-2 gallery-size-large'><figure class='gallery-item'>\n\t\t\t<div class='gallery-icon landscape'>\n\t\t\t\t<a href='https:\/\/ich.md\/?attachment_id=5979'><img width=\"1024\" height=\"461\" src=\"https:\/\/ich.md\/wp-content\/uploads\/2021\/12\/20211206_100952-1024x461.jpg\" class=\"attachment-large size-large\" alt=\"\" decoding=\"async\" loading=\"lazy\" \/><\/a>\n\t\t\t<\/div><\/figure><figure class='gallery-item'>\n\t\t\t<div class='gallery-icon landscape'>\n\t\t\t\t<a href='https:\/\/ich.md\/?attachment_id=5980'><img width=\"1024\" height=\"461\" src=\"https:\/\/ich.md\/wp-content\/uploads\/2021\/12\/20211206_104606-1024x461.jpg\" class=\"attachment-large size-large\" alt=\"\" decoding=\"async\" loading=\"lazy\" \/><\/a>\n\t\t\t<\/div><\/figure><figure class='gallery-item'>\n\t\t\t<div class='gallery-icon landscape'>\n\t\t\t\t<a href='https:\/\/ich.md\/?attachment_id=5981'><img width=\"1024\" height=\"461\" src=\"https:\/\/ich.md\/wp-content\/uploads\/2021\/12\/20211206_104613-1024x461.jpg\" class=\"attachment-large size-large\" alt=\"\" decoding=\"async\" loading=\"lazy\" \/><\/a>\n\t\t\t<\/div><\/figure><figure class='gallery-item'>\n\t\t\t<div class='gallery-icon landscape'>\n\t\t\t\t<a href='https:\/\/ich.md\/?attachment_id=5982'><img width=\"1024\" height=\"461\" src=\"https:\/\/ich.md\/wp-content\/uploads\/2021\/12\/20211206_104650-1024x461.jpg\" class=\"attachment-large size-large\" alt=\"\" decoding=\"async\" loading=\"lazy\" \/><\/a>\n\t\t\t<\/div><\/figure><figure class='gallery-item'>\n\t\t\t<div class='gallery-icon landscape'>\n\t\t\t\t<a href='https:\/\/ich.md\/?attachment_id=5983'><img width=\"1024\" height=\"461\" src=\"https:\/\/ich.md\/wp-content\/uploads\/2021\/12\/20211206_104655-1024x461.jpg\" class=\"attachment-large size-large\" alt=\"\" decoding=\"async\" loading=\"lazy\" \/><\/a>\n\t\t\t<\/div><\/figure><figure class='gallery-item'>\n\t\t\t<div class='gallery-icon landscape'>\n\t\t\t\t<a href='https:\/\/ich.md\/?attachment_id=5984'><img width=\"1024\" height=\"461\" src=\"https:\/\/ich.md\/wp-content\/uploads\/2021\/12\/20211206_104702-1024x461.jpg\" class=\"attachment-large size-large\" alt=\"\" decoding=\"async\" loading=\"lazy\" \/><\/a>\n\t\t\t<\/div><\/figure>\n\t\t<\/div>\n\n<p>&nbsp;<\/p>\n<p>&nbsp;<\/p>\n","protected":false},"excerpt":{"rendered":"<p>La 6 decembrie 2021 au avut loc audierile publice a rapoartelor privind implementarea proiectelor \u00een cadrul Programului de Stat \u00een cadrul \u0219edin\u021bei comune a Sec\u021biei<span class=\"read-more-link\"><a class=\"read-more\" href=\"https:\/\/ich.md\/?p=5976\">Read More<\/a><\/span><\/p>\n","protected":false},"author":2,"featured_media":5979,"comment_status":"closed","ping_status":"closed","sticky":false,"template":"","format":"standard","meta":[],"categories":[10],"tags":[],"_links":{"self":[{"href":"https:\/\/ich.md\/index.php?rest_route=\/wp\/v2\/posts\/5976"}],"collection":[{"href":"https:\/\/ich.md\/index.php?rest_route=\/wp\/v2\/posts"}],"about":[{"href":"https:\/\/ich.md\/index.php?rest_route=\/wp\/v2\/types\/post"}],"author":[{"embeddable":true,"href":"https:\/\/ich.md\/index.php?rest_route=\/wp\/v2\/users\/2"}],"replies":[{"embeddable":true,"href":"https:\/\/ich.md\/index.php?rest_route=%2Fwp%2Fv2%2Fcomments&post=5976"}],"version-history":[{"count":3,"href":"https:\/\/ich.md\/index.php?rest_route=\/wp\/v2\/posts\/5976\/revisions"}],"predecessor-version":[{"id":5988,"href":"https:\/\/ich.md\/index.php?rest_route=\/wp\/v2\/posts\/5976\/revisions\/5988"}],"wp:featuredmedia":[{"embeddable":true,"href":"https:\/\/ich.md\/index.php?rest_route=\/wp\/v2\/media\/5979"}],"wp:attachment":[{"href":"https:\/\/ich.md\/index.php?rest_route=%2Fwp%2Fv2%2Fmedia&parent=5976"}],"wp:term":[{"taxonomy":"category","embeddable":true,"href":"https:\/\/ich.md\/index.php?rest_route=%2Fwp%2Fv2%2Fcategories&post=5976"},{"taxonomy":"post_tag","embeddable":true,"href":"https:\/\/ich.md\/index.php?rest_route=%2Fwp%2Fv2%2Ftags&post=5976"}],"curies":[{"name":"wp","href":"https:\/\/api.w.org\/{rel}","templated":true}]}}