{"id":5989,"date":"2021-12-07T14:26:32","date_gmt":"2021-12-07T12:26:32","guid":{"rendered":"http:\/\/ich.md\/?p=5989"},"modified":"2021-12-07T14:29:32","modified_gmt":"2021-12-07T12:29:32","slug":"aparitie-editoriala-a-ipc-valentin-arapu-relatiile-comerciale-dintre-moldova-si-polonia-in-a-doua-jumatate-a-secolului-al-xviii-lea","status":"publish","type":"post","link":"https:\/\/ich.md\/?p=5989","title":{"rendered":"Apari\u021bie editorial\u0103 a IPC: Valentin ARAPU, Rela\u021biile comerciale dintre Moldova \u0219i Polonia \u00een a doua jum\u0103tate a secolului al XVIII-lea"},"content":{"rendered":"<p style=\"text-align: center;\">Cercet\u0103torul IPC, Valentin Arapu, doctor \u00een istorie, \u00een colaborare cu Editura Eikon din\u00a0Bucure\u0219ti, au editat monografia<\/p>\n<p style=\"text-align: center;\"><em><strong>RELA\u021aIILE COMERCIALE DINTRE MOLDOVA \u0218I POLONIA <\/strong><\/em><\/p>\n<p style=\"text-align: center;\"><em><strong>\u00ceN A DOUA JUM\u0102TATE A SECOLULUI AL XVIII-LEA<\/strong><\/em><\/p>\n<p style=\"text-align: center;\"><strong>Felicit\u0103m autorul cu ocazia apari\u021biei c\u0103r\u021bii \u0219i \u00eei urm\u0103m succese \u00een continuare !<\/strong><\/p>\n<p>\u00cen monografie sunt cercetate multiple aspecte ale problemei privind rela\u021biile comerciale dintre Moldova \u0219i Polonia \u00een a doua jum\u0103tate a secolului al XVIII-lea, fiind nuan\u021bate cele mai relevante componente ale temei respective, implicit: reperele conceptuale ale comer\u021bului; transform\u0103rile de ordin social \u0219i economic; tendin\u021bele de modernizare din ambele state; geneza elementelor cu caracter modern timpuriu; specializarea produselor \u0219i m\u0103rfurilor comercializate; corela\u021bia dintre import \u0219i export; statutul juridic al Moldovei \u0219i al Poloniei \u00een context interna\u021bional; politica vamal\u0103, protec\u021bionist\u0103 \u0219i mercantilist\u0103; litigiile comerciale; specificul \u0219i diversitatea sistemelor monetare; impactul conflictelor militare, al epidemiilor \u0219i al calamit\u0103\u021bilor naturale asupra schimburilor bilaterale de m\u0103rfuri.<\/p>\n<p>Pe dimensiunea etnologic\u0103 este scoas\u0103 \u00een eviden\u021b\u0103 contribu\u021bia negustorilor p\u0103m\u00e2nteni \u0219i a celor alogeni la dezvoltarea comer\u021bului bilateral, fiind elucidate tr\u0103s\u0103turile esen\u021biale ale culturii comerciale a exponen\u021bilor principali ale raporturilor economice dintre \u021aara Moldovei \u0219i Polonia \u00een a doua jum\u0103tate a secolului al XVIII-lea. Negustorii antrena\u021bi \u00een rela\u021biile comerciale dintre Moldova \u0219i Polonia reprezentau o p\u0103tur\u0103 foarte pestri\u021b\u0103 din punct de vedere etnic, fiind alc\u0103tuit\u0103 din moldoveni, armeni, evrei, greci, ruteni etc. Negustorii moldoveni erau uni\u021bi \u00een bresle profesionale, activau \u00een conformitate cu statutele existente, bucur\u00e2ndu-se de bun\u0103voin\u021ba domnilor, de scutiri, drepturi \u0219i privilegii. Este de accentuat faptul c\u0103 purt\u0103tori ai comer\u021bului moldo-polon, de r\u00e2nd cu negustorii moldoveni, erau to\u021bi p\u0103m\u00e2ntenii, \u00een special locuitorii din regiunea limitrof\u0103 frontierei, care mergeau periodic pe malul polon s\u0103-\u0219i v\u00e2nd\u0103 produsele sau s\u0103-\u0219i procure marf\u0103.<\/p>\n<p>&nbsp;<\/p>\n<p><a href=\"http:\/\/ich.md\/wp-content\/uploads\/2021\/12\/VALENTIN-ARAPU_RelatiileMoldovaPolonia_COP_145205-1.png\"><img decoding=\"async\" loading=\"lazy\" class=\"aligncenter wp-image-5990 size-large\" src=\"http:\/\/ich.md\/wp-content\/uploads\/2021\/12\/VALENTIN-ARAPU_RelatiileMoldovaPolonia_COP_145205-1-1024x681.png\" alt=\"\" width=\"1024\" height=\"681\" \/><\/a><\/p>\n<p><strong>Valentin ARAPU, <em>Rela\u021biile comerciale dintre Moldova \u0219i Polonia \u00een a doua jum\u0103tate a secolului al XVIII-lea,<\/em> Colec\u021bia: <em>Rom\u00e2nii \u00een istoria universal\u0103<\/em> \/ <em>The Romanians in world history<\/em> (Vol. 442), Bucure\u0219ti, Editura Eikon, 2021, 398 p. ISBN 978-606-49-0581-9.<\/strong><\/p>\n<p><strong><a href=\"https:\/\/www.librariaeikon.ro\/istorie\/1122-relatiile-comerciale-dintre-moldova-si-polonia-in-a-doua-jumatate-a-secolului-al-xviii-lea.html\">https:\/\/www.librariaeikon.ro\/istorie\/1122-relatiile-comerciale-dintre-moldova-si-polonia-in-a-doua-jumatate-a-secolului-al-xviii-lea.html<\/a><\/strong><\/p>\n<p>&nbsp;<\/p>\n<p>&nbsp;<\/p>\n<p>&nbsp;<\/p>\n<p>&nbsp;<\/p>\n","protected":false},"excerpt":{"rendered":"<p>Cercet\u0103torul IPC, Valentin Arapu, doctor \u00een istorie, \u00een colaborare cu Editura Eikon din\u00a0Bucure\u0219ti, au editat monografia RELA\u021aIILE COMERCIALE DINTRE MOLDOVA \u0218I POLONIA \u00ceN A DOUA<span class=\"read-more-link\"><a class=\"read-more\" href=\"https:\/\/ich.md\/?p=5989\">Read More<\/a><\/span><\/p>\n","protected":false},"author":2,"featured_media":5991,"comment_status":"closed","ping_status":"closed","sticky":false,"template":"","format":"standard","meta":[],"categories":[10],"tags":[],"_links":{"self":[{"href":"https:\/\/ich.md\/index.php?rest_route=\/wp\/v2\/posts\/5989"}],"collection":[{"href":"https:\/\/ich.md\/index.php?rest_route=\/wp\/v2\/posts"}],"about":[{"href":"https:\/\/ich.md\/index.php?rest_route=\/wp\/v2\/types\/post"}],"author":[{"embeddable":true,"href":"https:\/\/ich.md\/index.php?rest_route=\/wp\/v2\/users\/2"}],"replies":[{"embeddable":true,"href":"https:\/\/ich.md\/index.php?rest_route=%2Fwp%2Fv2%2Fcomments&post=5989"}],"version-history":[{"count":5,"href":"https:\/\/ich.md\/index.php?rest_route=\/wp\/v2\/posts\/5989\/revisions"}],"predecessor-version":[{"id":5996,"href":"https:\/\/ich.md\/index.php?rest_route=\/wp\/v2\/posts\/5989\/revisions\/5996"}],"wp:featuredmedia":[{"embeddable":true,"href":"https:\/\/ich.md\/index.php?rest_route=\/wp\/v2\/media\/5991"}],"wp:attachment":[{"href":"https:\/\/ich.md\/index.php?rest_route=%2Fwp%2Fv2%2Fmedia&parent=5989"}],"wp:term":[{"taxonomy":"category","embeddable":true,"href":"https:\/\/ich.md\/index.php?rest_route=%2Fwp%2Fv2%2Fcategories&post=5989"},{"taxonomy":"post_tag","embeddable":true,"href":"https:\/\/ich.md\/index.php?rest_route=%2Fwp%2Fv2%2Ftags&post=5989"}],"curies":[{"name":"wp","href":"https:\/\/api.w.org\/{rel}","templated":true}]}}