{"id":5999,"date":"2021-12-09T15:29:59","date_gmt":"2021-12-09T13:29:59","guid":{"rendered":"http:\/\/ich.md\/?p=5999"},"modified":"2021-12-14T08:57:14","modified_gmt":"2021-12-14T06:57:14","slug":"5999","status":"publish","type":"post","link":"https:\/\/ich.md\/?p=5999","title":{"rendered":"Rapoartele \u0219tiin\u021bifice anuale privind implementarea proiectelor din cadrul Programului de Stat (2020-2023)"},"content":{"rendered":"<p>Institutul Patrimoniului Cultural aduce la cuno\u0219tin\u021b\u0103 opiniei publice \u0219i persoanelor interesate rapoartele \u0219tiin\u021bifice privind implementarea proiectelor de cercetare \u00een anul 2021 din cadrul Programului de Stat 2020-2023.<\/p>\n<p style=\"text-align: center;\"><strong>RAPORT ANUAL<\/strong><\/p>\n<p style=\"text-align: center;\"><strong>privind implementarea proiectului<\/strong><strong>:\u00a0<em>20.80009.1606.12<\/em><\/strong><\/p>\n<p style=\"text-align: center;\"><em><strong>\u201e<\/strong><\/em><strong>Dimensiunea identitar\u0103 a artelor din Republica Moldova ca factor activ al dezvolt\u0103rii durabile a societ\u0103\u021bii \u00een contextul dialogului intercultural european\u201d<\/strong><\/p>\n<p style=\"text-align: center;\">Coordonator: dr. hab. Victor Ghila\u0219<\/p>\n<div class=\"ead-preview\"><div class=\"ead-document\" style=\"position: relative;width: 100%;height: 100%;border: none;min-height: 500px;\" data-pdf-src=\"http:\/\/ich.md\/wp-content\/uploads\/2021\/12\/RAPORT_PROIECT_ARTE_21-COMPLETAT-2.pdf\" data-viewer=\"browser\"><div class=\"ead-iframe-wrapper\"><iframe src=\"\/\/docs.google.com\/viewer?url=http%3A%2F%2Fich.md%2Fwp-content%2Fuploads%2F2021%2F12%2FRAPORT_PROIECT_ARTE_21-COMPLETAT-2.pdf&amp;embedded=true&amp;hl=en\" title=\"Embedded Document\" class=\"ead-iframe\" style=\"width: 100%;height: 100%;border: none;min-height: 500px;visibility: hidden;\"><\/iframe><\/div>\t\t\t<div class=\"ead-document-loading\" style=\"width:100%;height:100%;position:absolute;left:0;top:0;z-index:10;\">\n\t\t\t\t<div class=\"ead-loading-wrap\">\n\t\t\t\t\t<div class=\"ead-loading-main\">\n\t\t\t\t\t\t<div class=\"ead-loading\">\n\t\t\t\t\t\t\t<img src=\"https:\/\/ich.md\/wp-content\/plugins\/embed-any-document\/images\/loading.svg\" width=\"55\" height=\"55\" alt=\"Loader\">\n\t\t\t\t\t\t\t<span>Loading...<\/span>\n\t\t\t\t\t\t<\/div>\n\t\t\t\t\t<\/div>\n\t\t\t\t\t<div class=\"ead-loading-foot\">\n\t\t\t\t\t\t<div class=\"ead-loading-foot-title\">\n\t\t\t\t\t\t\t<img src=\"https:\/\/ich.md\/wp-content\/plugins\/embed-any-document\/images\/EAD-logo.svg\" alt=\"EAD Logo\" width=\"36\" height=\"23\"\/>\n\t\t\t\t\t\t\t<span>Taking too long?<\/span>\n\t\t\t\t\t\t<\/div>\n\t\t\t\t\t\t<p>\n\t\t\t\t\t\t\t<div class=\"ead-document-btn ead-reload-btn\" role=\"button\">\n\t\t\t\t\t\t\t\t<img src=\"https:\/\/ich.md\/wp-content\/plugins\/embed-any-document\/images\/reload.svg\" alt=\"Reload\" width=\"12\" height=\"12\"\/> Reload document\t\t\t\t\t\t\t<\/div>\n\t\t\t\t\t\t\t<span>|<\/span>\n\t\t\t\t\t\t\t<a href=\"#\" class=\"ead-document-btn\" target=\"_blank\">\n\t\t\t\t\t\t\t\t<img src=\"https:\/\/ich.md\/wp-content\/plugins\/embed-any-document\/images\/open.svg\" alt=\"Open\" width=\"12\" height=\"12\"\/> Open in new tab\t\t\t\t\t\t\t<\/a>\n\t\t\t\t\t<\/div>\n\t\t\t\t<\/div>\n\t\t\t<\/div>\n\t\t<\/div><p class=\"embed_download\"><a href=\"http:\/\/ich.md\/wp-content\/uploads\/2021\/12\/RAPORT_PROIECT_ARTE_21-COMPLETAT-2.pdf\" download >Download <\/a><\/p><\/div>\n<p>&nbsp;<\/p>\n<p style=\"text-align: center;\"><strong>RAPORT ANUAL<\/strong><\/p>\n<p style=\"text-align: center;\"><strong>privind implementarea proiectului: 20.80009.1606.02<\/strong><\/p>\n<p style=\"text-align: center;\"><strong>\u201eEvolu\u021bia tradi\u021biilor \u0219i procesele etnice \u00een Republica Moldova: suport teoretic \u0219i aplicativ \u00een promovarea valorilor etnoculturale \u0219i coeziunii sociale\u201d<\/strong><\/p>\n<p style=\"text-align: center;\">Coordonator: dr. Natalia Gr\u0103dinaru<\/p>\n<div class=\"ead-preview\"><div class=\"ead-document\" style=\"position: relative;width: 100%;height: 100%;border: none;min-height: 500px;\" data-pdf-src=\"http:\/\/ich.md\/wp-content\/uploads\/2021\/12\/Raport-Etnologie-2021_09.12.2021.Final_-1.pdf\" data-viewer=\"browser\"><div class=\"ead-iframe-wrapper\"><iframe src=\"\/\/docs.google.com\/viewer?url=http%3A%2F%2Fich.md%2Fwp-content%2Fuploads%2F2021%2F12%2FRaport-Etnologie-2021_09.12.2021.Final_-1.pdf&amp;embedded=true&amp;hl=en\" title=\"Embedded Document\" class=\"ead-iframe\" style=\"width: 100%;height: 100%;border: none;min-height: 500px;visibility: hidden;\"><\/iframe><\/div>\t\t\t<div class=\"ead-document-loading\" style=\"width:100%;height:100%;position:absolute;left:0;top:0;z-index:10;\">\n\t\t\t\t<div class=\"ead-loading-wrap\">\n\t\t\t\t\t<div class=\"ead-loading-main\">\n\t\t\t\t\t\t<div class=\"ead-loading\">\n\t\t\t\t\t\t\t<img src=\"https:\/\/ich.md\/wp-content\/plugins\/embed-any-document\/images\/loading.svg\" width=\"55\" height=\"55\" alt=\"Loader\">\n\t\t\t\t\t\t\t<span>Loading...<\/span>\n\t\t\t\t\t\t<\/div>\n\t\t\t\t\t<\/div>\n\t\t\t\t\t<div class=\"ead-loading-foot\">\n\t\t\t\t\t\t<div class=\"ead-loading-foot-title\">\n\t\t\t\t\t\t\t<img src=\"https:\/\/ich.md\/wp-content\/plugins\/embed-any-document\/images\/EAD-logo.svg\" alt=\"EAD Logo\" width=\"36\" height=\"23\"\/>\n\t\t\t\t\t\t\t<span>Taking too long?<\/span>\n\t\t\t\t\t\t<\/div>\n\t\t\t\t\t\t<p>\n\t\t\t\t\t\t\t<div class=\"ead-document-btn ead-reload-btn\" role=\"button\">\n\t\t\t\t\t\t\t\t<img src=\"https:\/\/ich.md\/wp-content\/plugins\/embed-any-document\/images\/reload.svg\" alt=\"Reload\" width=\"12\" height=\"12\"\/> Reload document\t\t\t\t\t\t\t<\/div>\n\t\t\t\t\t\t\t<span>|<\/span>\n\t\t\t\t\t\t\t<a href=\"#\" class=\"ead-document-btn\" target=\"_blank\">\n\t\t\t\t\t\t\t\t<img src=\"https:\/\/ich.md\/wp-content\/plugins\/embed-any-document\/images\/open.svg\" alt=\"Open\" width=\"12\" height=\"12\"\/> Open in new tab\t\t\t\t\t\t\t<\/a>\n\t\t\t\t\t<\/div>\n\t\t\t\t<\/div>\n\t\t\t<\/div>\n\t\t<\/div><p class=\"embed_download\"><a href=\"http:\/\/ich.md\/wp-content\/uploads\/2021\/12\/Raport-Etnologie-2021_09.12.2021.Final_-1.pdf\" download >Download <\/a><\/p><\/div>\n","protected":false},"excerpt":{"rendered":"<p>Institutul Patrimoniului Cultural aduce la cuno\u0219tin\u021b\u0103 opiniei publice \u0219i persoanelor interesate rapoartele \u0219tiin\u021bifice privind implementarea proiectelor de cercetare \u00een anul 2021 din cadrul Programului de<span class=\"read-more-link\"><a class=\"read-more\" href=\"https:\/\/ich.md\/?p=5999\">Read More<\/a><\/span><\/p>\n","protected":false},"author":2,"featured_media":6006,"comment_status":"closed","ping_status":"closed","sticky":false,"template":"","format":"standard","meta":[],"categories":[10],"tags":[],"_links":{"self":[{"href":"https:\/\/ich.md\/index.php?rest_route=\/wp\/v2\/posts\/5999"}],"collection":[{"href":"https:\/\/ich.md\/index.php?rest_route=\/wp\/v2\/posts"}],"about":[{"href":"https:\/\/ich.md\/index.php?rest_route=\/wp\/v2\/types\/post"}],"author":[{"embeddable":true,"href":"https:\/\/ich.md\/index.php?rest_route=\/wp\/v2\/users\/2"}],"replies":[{"embeddable":true,"href":"https:\/\/ich.md\/index.php?rest_route=%2Fwp%2Fv2%2Fcomments&post=5999"}],"version-history":[{"count":7,"href":"https:\/\/ich.md\/index.php?rest_route=\/wp\/v2\/posts\/5999\/revisions"}],"predecessor-version":[{"id":6032,"href":"https:\/\/ich.md\/index.php?rest_route=\/wp\/v2\/posts\/5999\/revisions\/6032"}],"wp:featuredmedia":[{"embeddable":true,"href":"https:\/\/ich.md\/index.php?rest_route=\/wp\/v2\/media\/6006"}],"wp:attachment":[{"href":"https:\/\/ich.md\/index.php?rest_route=%2Fwp%2Fv2%2Fmedia&parent=5999"}],"wp:term":[{"taxonomy":"category","embeddable":true,"href":"https:\/\/ich.md\/index.php?rest_route=%2Fwp%2Fv2%2Fcategories&post=5999"},{"taxonomy":"post_tag","embeddable":true,"href":"https:\/\/ich.md\/index.php?rest_route=%2Fwp%2Fv2%2Ftags&post=5999"}],"curies":[{"name":"wp","href":"https:\/\/api.w.org\/{rel}","templated":true}]}}