{"id":6099,"date":"2022-01-18T10:17:28","date_gmt":"2022-01-18T08:17:28","guid":{"rendered":"http:\/\/ich.md\/?p=6099"},"modified":"2022-01-18T11:22:59","modified_gmt":"2022-01-18T09:22:59","slug":"masa-rotunda-cercetarea-istoriei-holocaustului-ca-mijloc-de-promovare-a-memoriei-victimelor-si-%d0%b0-culturii-tolerantei","status":"publish","type":"post","link":"https:\/\/ich.md\/?p=6099","title":{"rendered":"Masa Rotund\u0103 \u201eCercetarea istoriei Holocaustului ca mijloc de promovare a memoriei victimelor \u0219i \u0430 culturii toleran\u021bei\u201d"},"content":{"rendered":"<p style=\"text-align: center;\">La 25 ianuarie 2022 \u00een incinta Institutului Patrimoniului Cultural va avea loc<\/p>\n<p style=\"text-align: center;\"><strong>Masa Rotund\u0103 \u201e<em>Cercetarea istoriei Holocaustului ca mijloc de promovare a memoriei victimelor \u0219i \u0430 culturii toleran\u021bei\u201d.<\/em><\/strong><\/p>\n<p style=\"text-align: center;\">Manifestarea \u0219tiin\u021bific\u0103 este organizat\u0103 \u00een cadrul <em>S\u0103pt\u0103m\u00e2nii Memoriei Holocaustului<\/em><\/p>\n<p style=\"text-align: center;\">Evenimentul\u00a0 va avea loc \u00een format mixt: cu participare direct\u0103 \u0219i online (prin aplica\u021bia <em>Google Meet)<\/em><\/p>\n<p>&nbsp;<\/p>\n<p style=\"text-align: center;\"><strong>PROGRAM:<\/strong><\/p>\n<p style=\"text-align: center;\"><strong>Mar\u021bi, 25 ianuarie 2022 <\/strong><\/p>\n<p style=\"text-align: center;\"><strong>9.30 \u2013 12.00<\/strong><\/p>\n<p style=\"text-align: center;\"><strong>\u00a0<\/strong><\/p>\n<p style=\"text-align: center;\"><strong>Accesa\u021bi linkul<\/strong>:<\/p>\n<p style=\"text-align: center;\"><a href=\"https:\/\/meet.google.com\/fve-egrd-xxg\"><strong>https:\/\/meet.google.com\/fve-egrd-xxg<\/strong><\/a><\/p>\n<p style=\"text-align: center;\"><strong>\u00a0<\/strong><\/p>\n<p style=\"text-align: center;\"><strong>Moderator:<\/strong><\/p>\n<p style=\"text-align: center;\">Dr. Ion DUMINICA,\u00a0\u0219eful Centrului de Etnologie, Institutul Patrimoniului Cultural<\/p>\n<p style=\"text-align: center;\"><strong>\u00a0<\/strong><\/p>\n<p style=\"text-align: center;\"><strong>Mesaj de salut:<\/strong><\/p>\n<p style=\"text-align: center;\">Dr. hab. Victor GHILA\u0218,\u00a0directorul Institutului Patrimoniului Cultural<\/p>\n<p style=\"text-align: center;\"><strong>\u00a0<\/strong><strong>\u00a0<\/strong><\/p>\n<p style=\"text-align: center;\"><strong>Comunic\u0103ri<\/strong><\/p>\n<p style=\"text-align: center;\"><strong>\u00a0<\/strong>Dr. Irina \u0218IHOVA<\/p>\n<p style=\"text-align: center;\"><strong><em>Siturile \u0219i politicile de comemorare\u00a0<\/em><\/strong><strong><em>a Holocaustului \u00een Republica Moldova<\/em><\/strong><\/p>\n<p style=\"text-align: center;\">Dr. hab. Jozefina CU\u0218NIR<\/p>\n<p style=\"text-align: center;\"><strong><em>\u0425\u043e\u043b\u043e\u043a\u043e\u0441\u0442 \u0438\u00a0\u043f\u043e\u0433\u0440\u043e\u043c 1903 \u0433\u043e\u0434\u0430 \u043a\u0430\u043a\u00a0\u043a\u0430\u0442\u0430\u0441\u0442\u0440\u043e\u0444\u044b \u0432\u00a0\u044d\u0442\u0438\u0447\u0435\u0441\u043a\u043e\u0439 \u044d\u0432\u043e\u043b\u044e\u0446\u0438\u0438 \u0447\u0435\u043b\u043e\u0432\u0435\u0447\u0435\u0441\u0442\u0432\u0430: \u043d\u0430 \u043c\u0430\u0442\u0435\u0440\u0438\u0430\u043b\u0435 \u043a\u043d\u0438\u0433\u0438 \u0414. \u0414\u043e\u0440\u043e\u043d\u0430 (\u0421\u043f\u0435\u043a\u0442\u043e\u0440\u0430) \u00ab\u041a\u0438\u0448\u0438\u043d\u0435\u0432\u0441\u043a\u043e\u0435 \u0433\u0435\u0442\u0442\u043e\u00a0\u2013\u00a0\u043f\u043e\u0441\u043b\u0435\u0434\u043d\u0438\u0439 \u043f\u043e\u0433\u0440\u043e\u043c\u00bb.<\/em><\/strong><\/p>\n<p style=\"text-align: center;\">Dr. Victor DAMIAN<\/p>\n<p style=\"text-align: center;\"><strong><em>\u0418\u0437\u044f\u0441\u043b\u0430\u0432 \u041b\u0435\u0432\u0438\u0442 \u2013 \u043f\u0435\u0440\u0432\u044b\u0439 \u0438\u0441\u0441\u043b\u0435\u0434\u043e\u0432\u0430\u0442\u0435\u043b\u044c \u0442\u0435\u043c\u044b \u0425\u043e\u043b\u043e\u043a\u043e\u0441\u0442\u0430 \u0432 \u0420\u0435\u0441\u043f\u0443\u0431\u043b\u0438\u043a\u0435 \u041c\u043e\u043b\u0434\u043e\u0432\u0430<\/em><\/strong><\/p>\n<p style=\"text-align: center;\"><strong>\u00a0<\/strong>Iulii PALIHOVICI<\/p>\n<p style=\"text-align: center;\"><strong><em>Amintiri despre perioada Holocaustului<\/em><\/strong><\/p>\n<p style=\"text-align: center;\">Dr. Ion DUMINICA<\/p>\n<p style=\"text-align: center;\"><strong><em>Deportarea, izolarea \u0219i exterminarea romilor basarabeni\u00a0<\/em><\/strong><strong><em>\u00een Transnistria (1942-1944)<\/em><\/strong><\/p>\n<p>&nbsp;<\/p>\n<p style=\"text-align: center;\"><strong>Discu\u021bii<\/strong><\/p>\n<p>&nbsp;<\/p>\n<p style=\"text-align: center;\"><strong>Comitetul \u0219tiin\u021bific \/ Comitetul de organizare:<\/strong><\/p>\n<p style=\"text-align: center;\">Dr. hab. Victor GHILA\u0218, dr. Adrian DOLGHI,<\/p>\n<p style=\"text-align: center;\">dr. Ion DUMINICA, dr. Victor DAMIAN<\/p>\n<p>&nbsp;<\/p>\n","protected":false},"excerpt":{"rendered":"<p>La 25 ianuarie 2022 \u00een incinta Institutului Patrimoniului Cultural va avea loc Masa Rotund\u0103 \u201eCercetarea istoriei Holocaustului ca mijloc de promovare a memoriei victimelor \u0219i<span class=\"read-more-link\"><a class=\"read-more\" href=\"https:\/\/ich.md\/?p=6099\">Read More<\/a><\/span><\/p>\n","protected":false},"author":2,"featured_media":6103,"comment_status":"closed","ping_status":"closed","sticky":false,"template":"","format":"standard","meta":[],"categories":[10],"tags":[],"_links":{"self":[{"href":"https:\/\/ich.md\/index.php?rest_route=\/wp\/v2\/posts\/6099"}],"collection":[{"href":"https:\/\/ich.md\/index.php?rest_route=\/wp\/v2\/posts"}],"about":[{"href":"https:\/\/ich.md\/index.php?rest_route=\/wp\/v2\/types\/post"}],"author":[{"embeddable":true,"href":"https:\/\/ich.md\/index.php?rest_route=\/wp\/v2\/users\/2"}],"replies":[{"embeddable":true,"href":"https:\/\/ich.md\/index.php?rest_route=%2Fwp%2Fv2%2Fcomments&post=6099"}],"version-history":[{"count":9,"href":"https:\/\/ich.md\/index.php?rest_route=\/wp\/v2\/posts\/6099\/revisions"}],"predecessor-version":[{"id":6111,"href":"https:\/\/ich.md\/index.php?rest_route=\/wp\/v2\/posts\/6099\/revisions\/6111"}],"wp:featuredmedia":[{"embeddable":true,"href":"https:\/\/ich.md\/index.php?rest_route=\/wp\/v2\/media\/6103"}],"wp:attachment":[{"href":"https:\/\/ich.md\/index.php?rest_route=%2Fwp%2Fv2%2Fmedia&parent=6099"}],"wp:term":[{"taxonomy":"category","embeddable":true,"href":"https:\/\/ich.md\/index.php?rest_route=%2Fwp%2Fv2%2Fcategories&post=6099"},{"taxonomy":"post_tag","embeddable":true,"href":"https:\/\/ich.md\/index.php?rest_route=%2Fwp%2Fv2%2Ftags&post=6099"}],"curies":[{"name":"wp","href":"https:\/\/api.w.org\/{rel}","templated":true}]}}