{"id":6112,"date":"2022-01-18T11:28:28","date_gmt":"2022-01-18T09:28:28","guid":{"rendered":"http:\/\/ich.md\/?p=6112"},"modified":"2022-02-15T13:36:54","modified_gmt":"2022-02-15T11:36:54","slug":"aparitie-editoriala-a-ipc-sergius-ciocanu-orheiul-vechi-localitati-si-asezaminte-monastice-secolele-xvi-xix","status":"publish","type":"post","link":"https:\/\/ich.md\/?p=6112","title":{"rendered":"Apari\u021bie editorial\u0103 a IPC:\u00a0Sergius Ciocanu. Orheiul Vechi: Localit\u0103\u021bi \u0219i a\u0219ez\u0103minte monastice (secolele XVI-XIX)"},"content":{"rendered":"<p style=\"text-align: center;\">Recent, cercet\u0103torul IPC Sergius Ciocanu, doctor \u00een studiul artelor, a editat monografia<\/p>\n<p style=\"text-align: center;\"><strong><em>Orheiul Vechi: Localit\u0103\u021bi \u0219i a\u0219ez\u0103minte monastice (secolele XVI-XIX)<\/em><\/strong><\/p>\n<p>Cartea este structurat\u0103 \u00een: Introducere, cinci capitole, \u00cencheiere, Anexe \u0219i Indice geografic.<\/p>\n<p>Primul capitol con\u021bine analiza istoriografiei problemei ce vizeaz\u0103 localizarea toponimului Orheiul Vechi \u0219i apari\u021bia ipotezei privind \u00eentemeierea actualului ora\u0219 Orhei drept rezultat al abandon\u0103rii sitului urban de pe promontoriul Pe\u0219tera. Fiecare dintre capitolele urm\u0103toare este consacrat uneia dintre cele patru mo\u0219ii istorice care acoper\u0103 din punct de vedere teritorial a\u0219a-numita zon\u0103 a <em>Orheiului Vechi<\/em>, respectiv: mo\u0219iei satului desfiin\u021bat Mih\u0103ila\u0219a \u0219i mo\u0219iilor satelor Br\u0103ne\u0219ti, Trebujeni, Ma\u0219c\u0103u\u021bi. Ultimele trei capitole con\u021bin c\u00e2te dou\u0103 subcapitole. Primul dintre subcapitole este consacrat dezvolt\u0103rii istorice \u0219i spa\u021biale a comunit\u0103\u021bilor laice locale, iar al doilea \u2013 dezvolt\u0103rii istorice \u0219i, dup\u0103 caz, arhitectural-spa\u021biale a a\u0219ez\u0103m\u00e2ntului monastic g\u0103zduit de mo\u0219ia \u00een cauz\u0103. Fiecare capitol este dotat cu h\u0103r\u021bi, planuri, fotografii \u0219i desene.<\/p>\n<p>Capitolele se completeaz\u0103 reciproc, oferind, \u00een cadrul limitelor temporale stabilite, o imagine unitar\u0103 a dezvolt\u0103rii \u00eentregii zone a <em>Orheiului Vechi<\/em>.<\/p>\n<p>La Anexe au fost plasate tabele cronologice ale celor mai importante evenimente istorice legate de localit\u0103\u021bile cercetate \u015fi de comunit\u0103\u021bile monahale care au existat pe teritoriul mo\u0219iilor acestora. Anexele con\u021bin \u0219i circa cincizeci de documente identificate de autor \u00een fondurile Arhivei Na\u0163ionale a Republici Moldova referitoare la istoria acestor sate \u015fi a\u0219ez\u0103minte monastice.<\/p>\n<p style=\"text-align: center;\"><strong>Felicit\u0103m autorul cu ocazia apari\u021biei c\u0103r\u021bii \u0219i \u00eei ur\u0103m succese \u00een continuare !<\/strong><\/p>\n<p><a href=\"http:\/\/ich.md\/wp-content\/uploads\/2022\/01\/Coperta-carte-Orheiul-Vechi-e1642498451230.jpg\"><img decoding=\"async\" loading=\"lazy\" class=\"aligncenter wp-image-6113\" src=\"http:\/\/ich.md\/wp-content\/uploads\/2022\/01\/Coperta-carte-Orheiul-Vechi-748x1024.jpg\" alt=\"\" width=\"330\" height=\"453\" \/><\/a><\/p>\n<p><strong>Sergius Ciocanu, <\/strong><em><strong>Orheiul Vechi: Localit\u0103\u021bi \u0219i a\u0219ez\u0103minte monastice (secolele XVI-XIX)<\/strong>, <\/em>Ed. Cartdidact, Chi\u0219in\u0103u, 2021. \u2013 220 p.<\/p>\n<p>ISBN 978-9975-3497-6-5<\/p>\n","protected":false},"excerpt":{"rendered":"<p>Recent, cercet\u0103torul IPC Sergius Ciocanu, doctor \u00een studiul artelor, a editat monografia Orheiul Vechi: Localit\u0103\u021bi \u0219i a\u0219ez\u0103minte monastice (secolele XVI-XIX) Cartea este structurat\u0103 \u00een: Introducere,<span class=\"read-more-link\"><a class=\"read-more\" href=\"https:\/\/ich.md\/?p=6112\">Read More<\/a><\/span><\/p>\n","protected":false},"author":2,"featured_media":6113,"comment_status":"closed","ping_status":"closed","sticky":false,"template":"","format":"standard","meta":[],"categories":[10],"tags":[],"_links":{"self":[{"href":"https:\/\/ich.md\/index.php?rest_route=\/wp\/v2\/posts\/6112"}],"collection":[{"href":"https:\/\/ich.md\/index.php?rest_route=\/wp\/v2\/posts"}],"about":[{"href":"https:\/\/ich.md\/index.php?rest_route=\/wp\/v2\/types\/post"}],"author":[{"embeddable":true,"href":"https:\/\/ich.md\/index.php?rest_route=\/wp\/v2\/users\/2"}],"replies":[{"embeddable":true,"href":"https:\/\/ich.md\/index.php?rest_route=%2Fwp%2Fv2%2Fcomments&post=6112"}],"version-history":[{"count":9,"href":"https:\/\/ich.md\/index.php?rest_route=\/wp\/v2\/posts\/6112\/revisions"}],"predecessor-version":[{"id":6191,"href":"https:\/\/ich.md\/index.php?rest_route=\/wp\/v2\/posts\/6112\/revisions\/6191"}],"wp:featuredmedia":[{"embeddable":true,"href":"https:\/\/ich.md\/index.php?rest_route=\/wp\/v2\/media\/6113"}],"wp:attachment":[{"href":"https:\/\/ich.md\/index.php?rest_route=%2Fwp%2Fv2%2Fmedia&parent=6112"}],"wp:term":[{"taxonomy":"category","embeddable":true,"href":"https:\/\/ich.md\/index.php?rest_route=%2Fwp%2Fv2%2Fcategories&post=6112"},{"taxonomy":"post_tag","embeddable":true,"href":"https:\/\/ich.md\/index.php?rest_route=%2Fwp%2Fv2%2Ftags&post=6112"}],"curies":[{"name":"wp","href":"https:\/\/api.w.org\/{rel}","templated":true}]}}