{"id":6125,"date":"2022-01-24T12:55:10","date_gmt":"2022-01-24T10:55:10","guid":{"rendered":"http:\/\/ich.md\/?p=6125"},"modified":"2022-01-24T14:40:42","modified_gmt":"2022-01-24T12:40:42","slug":"materialele-rezumatele-conferintelor-organizate-de-ipc-in-anii-2016-2021","status":"publish","type":"post","link":"https:\/\/ich.md\/?p=6125","title":{"rendered":"MATERIALELE \/ REZUMATELE CONFERIN\u021aELOR  ORGANIZATE DE IPC \u00ceN ANII 2016-2021"},"content":{"rendered":"<p style=\"text-align: center;\"><strong>MATERIALELE \/ REZUMATELE CONFERIN\u021aELOR <\/strong><\/p>\n<p style=\"text-align: center;\"><strong>ORGANIZATE DE IPC \u00ceN ANII 2016-2021<\/strong><\/p>\n<p style=\"text-align: center;\">Linkurile duc c\u0103tre Instrumentul Bibliometric Na\u021bional (repozitoriul na\u021bional al publica\u021biilor \u0219tiin\u021bifice)<\/p>\n<p style=\"text-align: center;\"><strong>\u00a0<\/strong><\/p>\n<p style=\"text-align: center;\"><strong>2021<\/strong><\/p>\n<p><a href=\"https:\/\/ibn.idsi.md\/ro\/collection_view\/1429\"><strong>Conferin\u021ba \u0219tiin\u021bific\u0103 na\u021bional\u0103 cu participare interna\u021bional\u0103<\/strong> <strong>&#8222;Valorificarea patrimoniului etnocultural \u00een cercetare \u0219i educa\u021bie&#8221;,<\/strong><\/a><\/p>\n<p>Chi\u0219in\u0103u, Moldova, 30 noiembrie 2021<\/p>\n<p><a href=\"https:\/\/ibn.idsi.md\/ro\/collection_view\/1428\"><strong>Conferin\u021ba \u0219tiin\u021bific\u0103 na\u021bional\u0103<\/strong><strong> &#8222;Valorificarea artelor plastice \u0219i arhitecturii na\u021bionale &#8211; un imperativ al vremii&#8221;,<\/strong><\/a><\/p>\n<p>Chi\u0219in\u0103u, Moldova, 25 noiembrie 2021<\/p>\n<p><a href=\"https:\/\/ibn.idsi.md\/ro\/collection_view\/1431\"><strong>Simpozionul \u0218tiin\u021bific Interna\u021bional &#8222;Rela\u021biile etnoculturale moldo-ucrainene \u00een aspect sincronic \u0219i diacronic&#8221; in memoriam academicianului Constantin Popovici<\/strong><\/a><\/p>\n<p>Chi\u0219in\u0103u, Moldova, 10 noiembrie 2021<\/p>\n<p><a href=\"https:\/\/ibn.idsi.md\/ro\/collection_view\/1277\"><strong>Simpozionul \u0219tiin\u021bific na\u021bional &#8222;Simpozionul na\u021bional de studii culturale&#8221; dedicat Zilelor Europene ale Patrimoniului ,<\/strong><\/a><\/p>\n<p>Chi\u0219in\u0103u, Moldova, 28 septembrie 2021<\/p>\n<p><a href=\"https:\/\/ibn.idsi.md\/ro\/collection_view\/1178\"><strong>Conferin\u021ba \u0219tiin\u021bific\u0103 na\u021bional\u0103<\/strong><strong> &#8222;Portul popular \u2013 expresie a istoriei \u0219i culturii neamului&#8221;,<\/strong><\/a><\/p>\n<p>Chi\u0219in\u0103u, Moldova, 22 iunie 2021<\/p>\n<p><a href=\"https:\/\/ibn.idsi.md\/ro\/collection_view\/1359\"><strong>Conferin\u021ba \u0219tiin\u021bific\u0103 interna\u021bional\u0103 &#8222;Patrimoniul cultural: cercetare, valorificare, promovare&#8221;<\/strong>,<\/a><\/p>\n<p>Chi\u0219in\u0103u, Moldova, 27-28 mai 2021<\/p>\n<p><a href=\"https:\/\/ibn.idsi.md\/ro\/collection_view\/1179\"><strong>Conferin\u021ba \u0219tiin\u021bific\u0103 interna\u021bional\u0103 &#8222;Patrimoniul cultural: cercetare, valorificare, promovare&#8221;,<\/strong><\/a><\/p>\n<p>Chi\u0219in\u0103u, Moldova, 27-28 mai 2021<\/p>\n<p><a href=\"https:\/\/ibn.idsi.md\/ro\/collection_view\/1323\"><strong>Simpozionul \u0219tiin\u021bific interna\u021bional de Etnologie &#8222;Tradi\u021bii \u0219i procese etnice&#8221;, Edi\u021bia 2<\/strong><\/a><\/p>\n<p>Chi\u0219in\u0103u, Moldova, 30 martie 2021<\/p>\n<p>&nbsp;<\/p>\n<p style=\"text-align: center;\"><strong>\u00a0<\/strong><strong>2020<\/strong><\/p>\n<p><strong><a href=\"https:\/\/ibn.idsi.md\/ro\/collection_view\/751\">Conferin\u021ba \u0219tiin\u021bific\u0103 na\u021bional\u0103<\/a> <\/strong><strong><u><a href=\"https:\/\/ibn.idsi.md\/ro\/collection_view\/751\">Valentina Rusu-Ciobanu \u2013 100 de ani de la na\u0219tere<\/a><\/u><\/strong><\/p>\n<p><strong>Perioada:<\/strong>\u00a030 noiembrie 2020<\/p>\n<p><strong><a href=\"https:\/\/ibn.idsi.md\/ro\/collection_view\/738\">Conferin\u021ba \u0219tiin\u021bific\u0103 na\u021bional\u0103 cu participare interna\u021bional\u0103<\/a><\/strong> <strong><a href=\"https:\/\/ibn.idsi.md\/ro\/collection_view\/738\">Valorificarea patrimoniului etnocultural \u00een educa\u021bia tinerei genera\u021bii \u0219i a societ\u0103\u021bii civile<\/a><\/strong><\/p>\n<p><strong>Perioada:<\/strong>\u00a024 noiembrie 2020<\/p>\n<p><strong><a href=\"https:\/\/ibn.idsi.md\/ro\/collection_view\/773\">Simpozionul \u0219tiin\u021bific interna\u021bional de Etnologie<\/a> <\/strong><strong><u><a href=\"https:\/\/ibn.idsi.md\/ro\/collection_view\/773\">Tradi\u021bii \u0219i procese etnice,\u00a0<\/a><\/u>Edi\u021bia a 1-a,<\/strong><\/p>\n<p><strong>Perioada:<\/strong>\u00a06 octombrie 2020<\/p>\n<p><strong><a href=\"https:\/\/ibn.idsi.md\/ro\/collection_view\/721\">Simpozionul na\u021bional de studii culturale<\/a><\/strong><\/p>\n<p><strong>Perioada:<\/strong>\u00a024 septembrie 2020<\/p>\n<p><strong><a href=\"https:\/\/ibn.idsi.md\/ro\/collection_view\/589\">Conferin\u021ba \u0219tiin\u021bific\u0103 interna\u021bional\u0103 Patrimoniul cultural: cercetare, valorificare, promovare<\/a><\/strong><\/p>\n<p><strong>Perioada:<\/strong>\u00a028-29 mai 2020<\/p>\n<p><strong><a href=\"https:\/\/ibn.idsi.md\/ro\/collection_view\/759\">Volumul cu materialele conferin\u021bei \u0219tiin\u021bifice interna\u021bionale \u201ePatrimoniul cultural: cercetare, valorificare, promovare\u201d<\/a><\/strong><\/p>\n<p><strong>Perioada:<\/strong>\u00a028-29 mai 2020<\/p>\n<p>&nbsp;<\/p>\n<p style=\"text-align: center;\"><strong>2019<\/strong><\/p>\n<p><a href=\"https:\/\/ibn.idsi.md\/ro\/collection_view\/360\"><strong>Conferin\u021ba \u0219tiin\u021bific\u0103 na\u021bional\u0103 cu participare interna\u021bional\u0103<\/strong> <strong>Valorificarea patrimoniului etnocultural \u00een educa\u021bia tinerei genera\u021bii \u0219i a societ\u0103\u021bii civile<\/strong><\/a><\/p>\n<p><strong>Perioada:\u00a030 octombrie 2019<\/strong><\/p>\n<p><strong><a href=\"https:\/\/ibn.idsi.md\/ro\/collection_view\/426\">Conferin\u021ba \u0219tiin\u021bific\u0103 interna\u021bional\u0103<\/a><\/strong> <strong><a href=\"https:\/\/ibn.idsi.md\/ro\/collection_view\/426\">Patrimoniul cultural: cercetare, valorificare, promovare<\/a><\/strong><\/p>\n<p><strong>Perioada:\u00a029-31 octombrie 2019<\/strong><\/p>\n<p><strong><a href=\"https:\/\/ibn.idsi.md\/ro\/collection_view\/405\">Simpozionul na\u021bional de studii culturale<\/a><\/strong><\/p>\n<p><strong>Perioada:\u00a026 septembrie 2019<\/strong><\/p>\n<p><a href=\"https:\/\/ibn.idsi.md\/ro\/collection_view\/761\"><strong>Volumul I. Studii culturale<\/strong><\/a><\/p>\n<p><strong>\u00a0<\/strong><\/p>\n<p style=\"text-align: center;\"><strong>\u00a0<\/strong><strong>2016-2018<\/strong><\/p>\n<p><a href=\"https:\/\/ibn.idsi.md\/ro\/collection_view\/130\"><strong>Conferin\u021ba \u0219tiin\u021bific\u0103 interna\u021bional\u0103 Valorificarea patrimoniului etnocultural al Republicii Moldova \u00een cercetare \u0219i educa\u021bie<\/strong><\/a><\/p>\n<p><strong>Perioada:<\/strong>\u00a015 noiembrie 2018<\/p>\n<p><strong><a href=\"https:\/\/ibn.idsi.md\/ro\/collection_view\/109\">Conferin\u021ba \u0219tiin\u021bific\u0103 interna\u021bional\u0103<\/a> <\/strong><strong><a href=\"https:\/\/ibn.idsi.md\/ro\/collection_view\/109\">Via\u021ba cotidian\u0103 \u00een spa\u021biul Est-European din cele mai vechi timpuri p\u00e2n\u0103 \u00een prezent: abord\u0103ri interdisciplinare<\/a><\/strong><\/p>\n<p><strong>Perioada:<\/strong>\u00a030 octombrie 2018<\/p>\n<p><strong><a href=\"https:\/\/ibn.idsi.md\/ro\/collection_view\/31\">Conferin\u021ba \u0219tiin\u021bific\u0103 na\u021bional\u0103 cu participare interna\u021bional\u0103<\/a> <\/strong><strong><a href=\"https:\/\/ibn.idsi.md\/ro\/collection_view\/31\">Valorificarea patrimoniului etnocultural al Republicii Moldova \u00een cercetare \u0219i educa\u021bie<\/a><\/strong><\/p>\n<p><strong>Perioada:<\/strong>\u00a016 noiembrie 2017<\/p>\n<p><a href=\"https:\/\/ibn.idsi.md\/ro\/collection_view\/28\"><strong>Conferin\u021ba \u0219tiin\u021bific\u0103 interna\u021bional\u0103 Patrimoniul cultural: cercetare, valorificare, promovare<\/strong><\/a><\/p>\n<p><strong>Perioada:<\/strong>\u00a030-31 mai 2017<\/p>\n<p><strong><a href=\"https:\/\/ibn.idsi.md\/ro\/collection_view\/26\">Conferin\u021ba \u0219tiin\u021bific\u0103 interna\u021bional\u0103 \u00a0&#8222;Patrimoniul etnologic: concepte, tendin\u021be \u0219i abord\u0103ri&#8221;,<\/a><\/strong><\/p>\n<p>Chi\u0219in\u0103u, Moldova, 23-24 mai 2017<\/p>\n<p><strong><a href=\"https:\/\/ibn.idsi.md\/ro\/collection_view\/417\">Conferin\u021ba \u0219tiin\u021bific\u0103 na\u021bional\u0103 cu participare interna\u021bional\u0103<\/a> <\/strong><strong><a href=\"https:\/\/ibn.idsi.md\/ro\/collection_view\/417\">Valorificarea patrimoniului etnocultural al Republicii Moldova \u00een educa\u021bia tinerei genera\u021bii<\/a><\/strong><\/p>\n<p><strong>Perioada:<\/strong>\u00a017 noiembrie 2016<strong>erioada:<\/strong>\u00a023-24 mai 2017<\/p>\n<p><strong><a href=\"https:\/\/ibn.idsi.md\/ro\/collection_view\/30\">Conferin\u021ba \u0219tiin\u021bific\u0103 interna\u021bional\u0103<\/a> <a href=\"https:\/\/ibn.idsi.md\/ro\/collection_view\/30\">Patrimoniul spiritual \u0219i istorico-cultural al ru\u0219ilor din Moldova<\/a><\/strong><\/p>\n<p><strong>Perioada:<\/strong>\u00a023 martie 2016<\/p>\n<p>&nbsp;<\/p>\n","protected":false},"excerpt":{"rendered":"<p>MATERIALELE \/ REZUMATELE CONFERIN\u021aELOR ORGANIZATE DE IPC \u00ceN ANII 2016-2021 Linkurile duc c\u0103tre Instrumentul Bibliometric Na\u021bional (repozitoriul na\u021bional al publica\u021biilor \u0219tiin\u021bifice) \u00a0 2021 Conferin\u021ba \u0219tiin\u021bific\u0103<span class=\"read-more-link\"><a class=\"read-more\" href=\"https:\/\/ich.md\/?p=6125\">Read More<\/a><\/span><\/p>\n","protected":false},"author":2,"featured_media":6130,"comment_status":"closed","ping_status":"closed","sticky":false,"template":"","format":"standard","meta":[],"categories":[10],"tags":[],"_links":{"self":[{"href":"https:\/\/ich.md\/index.php?rest_route=\/wp\/v2\/posts\/6125"}],"collection":[{"href":"https:\/\/ich.md\/index.php?rest_route=\/wp\/v2\/posts"}],"about":[{"href":"https:\/\/ich.md\/index.php?rest_route=\/wp\/v2\/types\/post"}],"author":[{"embeddable":true,"href":"https:\/\/ich.md\/index.php?rest_route=\/wp\/v2\/users\/2"}],"replies":[{"embeddable":true,"href":"https:\/\/ich.md\/index.php?rest_route=%2Fwp%2Fv2%2Fcomments&post=6125"}],"version-history":[{"count":5,"href":"https:\/\/ich.md\/index.php?rest_route=\/wp\/v2\/posts\/6125\/revisions"}],"predecessor-version":[{"id":6132,"href":"https:\/\/ich.md\/index.php?rest_route=\/wp\/v2\/posts\/6125\/revisions\/6132"}],"wp:featuredmedia":[{"embeddable":true,"href":"https:\/\/ich.md\/index.php?rest_route=\/wp\/v2\/media\/6130"}],"wp:attachment":[{"href":"https:\/\/ich.md\/index.php?rest_route=%2Fwp%2Fv2%2Fmedia&parent=6125"}],"wp:term":[{"taxonomy":"category","embeddable":true,"href":"https:\/\/ich.md\/index.php?rest_route=%2Fwp%2Fv2%2Fcategories&post=6125"},{"taxonomy":"post_tag","embeddable":true,"href":"https:\/\/ich.md\/index.php?rest_route=%2Fwp%2Fv2%2Ftags&post=6125"}],"curies":[{"name":"wp","href":"https:\/\/api.w.org\/{rel}","templated":true}]}}