{"id":6137,"date":"2022-01-28T12:26:38","date_gmt":"2022-01-28T10:26:38","guid":{"rendered":"http:\/\/ich.md\/?p=6137"},"modified":"2022-01-28T12:37:10","modified_gmt":"2022-01-28T10:37:10","slug":"la-25-ianuarie-2022-a-avut-loc-masa-rotunda-cercetarea-istoriei-holocaustului-ca-mijloc-de-promovare-a-memoriei-victimelor-si-%d0%b0-culturii-tolerantei","status":"publish","type":"post","link":"https:\/\/ich.md\/?p=6137","title":{"rendered":"La 25 ianuarie 2022 a avut loc Masa rotund\u0103  \u201eCercetarea istoriei Holocaustului ca mijloc de promovare a memoriei victimelor \u0219i \u0430 culturii toleran\u021bei\u201d"},"content":{"rendered":"<p>Institutului Patrimoniului Cultural a organizat la 25 ianuarie 2022 Masa rotund\u0103 \u201eCercetarea istoriei Holocaustului ca mijloc de promovare a memoriei victimelor \u0219i \u0430 culturii toleran\u021bei\u201d. Acest eveniment este \u00eenscris \u00een <em>Programul ac\u021biunilor consacrate comemor\u0103rii victimelor Holocaustului \u00een Republica Moldova<\/em>.<\/p>\n<p>La 22 iulie 2016 a fost aprobat\u0103 <em>Declara\u021bia Parlamentului Republicii Moldova cu privire la acceptarea Raportului final al Comisiei Interna\u021bionale pentru Studierea Holocaustului, prezidat\u0103 de Elie Wiesel<\/em> (HP 190\/2016). Prezenta Declara\u021bie a Parlamentului Republicii Moldova vine s\u0103 aduc\u0103 un omagiu victimelor \u0219i supravie\u021buitorilor Holocaustului \u0219i s\u0103 condamne persecu\u021bia sistematic\u0103 \u0219i exterminarea evreilor de c\u0103tre nazi\u0219ti \u0219i de c\u0103tre colaboratorii acestora \u00een perioada anilor 1937\u20131944 pe teritoriul actual al Republicii Moldova. Conform datelor raportului, doar \u00een anul 1941 \u00eentre 45000\u201360000 de evrei au fost omor\u00e2\u021bi \u00een Basarabia \u0219i \u00een Bucovina, circa 105000\u2013120000 evrei au murit ca rezultat al expulz\u0103rilor \u00een Transnistria. Conform datelor aceluia\u0219i raport, din circa 25000 de romi deporta\u021bi \u00een anul 1942 \u00een Transnistria, 11000 au murit.<\/p>\n<p>Holocaustul reprezint\u0103 o mare tragedie istoric\u0103, dar \u0219i o lec\u021bie ale c\u0103rei fapte trebuie condamnate, precum \u0219i cunoscute. Condamnarea ac\u021biunilor de \u00eenvr\u0103jbire, antisemite, xenofobe, de persecu\u021bie \u0219i de exterminare a evreilor este o garan\u021bie c\u0103 astfel de evenimente tragice de tr\u0103dare a umanit\u0103\u021bii nu vor mai avea loc \u00een societatea noastr\u0103.<\/p>\n<p>La 22 decembrie 2020 Guvernul Republicii Moldova a aprobat <em>Planul de ac\u021biuni pentru anii 2021-2024 privind promovarea memoriei Holocaustului \u0219i a culturii toleran\u021bei \u00een vederea combaterii rasismului, antisemitismului, xenofobiei \u0219i altor forme de intoleran\u021b\u0103 <\/em>(HG 980\/2020), \u00een cadrul c\u0103ruia Institutul Patrimoniului Cultural a fost inclus \u00een calitate de <em>Partener de cooperare<\/em> pentru realizarea ac\u021biunilor planificate la compartimentele de cercetare, educa\u021bie \u0219i comemorare a fenomenului Holocaustului \u00een Republica Moldova.<\/p>\n<p>Cu un mesaj de salut c\u0103tre participan\u021bii Mesei rotunde s-a adresat dr. hab. Victor GHILA\u0218, directorul Institutului Patrimoniului Cultural, care a men\u021bionat c\u0103 dup\u0103 \u00eencheierea celui de-al II-lea r\u0103zboi mondial, abordarea complex\u0103 a tematicii Holocaustului \u00een statele est-europene a fost \u00eenchis\u0103, inclusiv cercetarea arhivelor; pentru a nu declan\u0219a conflicte \u00eentre cet\u0103\u021beni \u0219i popoare \u2013\u00a0 subiectul dat a fost \u00een mare parte tabuizat. Spre regret, aceast\u0103 tragedie a avut loc \u0219i pe teritoriul actual al Republicii Moldova, unde pe parcursul celui de-al II-lea r\u0103zboi mondial au fost atestate politicile criminale de exterminare masiv\u0103 a popula\u021biei civile \u00een baza apartenen\u021bei etnice: \u201ea\u0219a-numi\u021bii du\u0219mani de ras\u0103\u201d, care \u00een mare parte au fost evreii \u0219i romii. \u00cen prezent, aceast\u0103 tragedie istoric\u0103 trebuie s\u0103 fie cunoscut\u0103 \u0219i condamnat\u0103; este o obliga\u021bie istoric\u0103 a genera\u021biilor viitoare s\u0103 comemoreze victimele \u0219i supravie\u021buitorii celei mai grave crime a secolului XX.<\/p>\n<p>\u00cen cadrul Mesei rotunde \u201eCercetarea istoriei Holocaustului ca mijloc de promovare a memoriei victimelor \u0219i \u0430 culturii toleran\u021bei\u201d au participat 20 de cercet\u0103tori \u0219tiin\u021bifici \u0219i reprezentan\u021bi ai MECC, fiind prezentate 5 comunic\u0103ri \u0219tiin\u021bifice:<\/p>\n<p>Dr. Irina \u0218IHOVA \u201eSiturile \u0219i politicile de comemorare a Holocaustului \u00een Republica Moldova\u201d;<\/p>\n<p>Dr. hab. Jozefina CU\u0218NIR \u201e\u0425\u043e\u043b\u043e\u043a\u043e\u0441\u0442 \u0438 \u043f\u043e\u0433\u0440\u043e\u043c 1903 \u0433\u043e\u0434\u0430 \u043a\u0430\u043a \u043a\u0430\u0442\u0430\u0441\u0442\u0440\u043e\u0444\u044b \u0432\u044d\u0442\u0438\u0447\u0435\u0441\u043a\u043e\u0439 \u044d\u0432\u043e\u043b\u044e\u0446\u0438\u0438 \u0447\u0435\u043b\u043e\u0432\u0435\u0447\u0435\u0441\u0442\u0432\u0430: \u043d\u0430 \u043c\u0430\u0442\u0435\u0440\u0438\u0430\u043b\u0435 \u043a\u043d\u0438\u0433\u0438 \u0414. \u0414\u043e\u0440\u043e\u043d\u0430 (\u0421\u043f\u0435\u043a\u0442\u043e\u0440\u0430) \u00ab\u041a\u0438\u0448\u0438\u043d\u0435\u0432\u0441\u043a\u043e\u0435 \u0433\u0435\u0442\u0442\u043e-\u043f\u043e\u0441\u043b\u0435\u0434\u043d\u0438\u0439 \u043f\u043e\u0433\u0440\u043e\u043c\u00bb\u201d;<\/p>\n<p>Dr. Victor DAMIAN \u201e\u0418\u0437\u044f\u0441\u043b\u0430\u0432 \u041b\u0435\u0432\u0438\u0442 \u2013 \u043f\u0435\u0440\u0432\u044b\u0439 \u0438\u0441\u0441\u043b\u0435\u0434\u043e\u0432\u0430\u0442\u0435\u043b\u044c \u0442\u0435\u043c\u044b \u0425\u043e\u043b\u043e\u043a\u043e\u0441\u0442\u0430 \u0432 \u0420\u0435\u0441\u043f\u0443\u0431\u043b\u0438\u043a\u0435 \u041c\u043e\u043b\u0434\u043e\u0432\u0430\u201d;<\/p>\n<p>Iulii PALIHOVICI \u201eAmintiri despre perioada Holocaustului\u201d;<\/p>\n<p>Dr. Ion DUMINICA \u201eDeportarea, izolarea \u0219i exterminarea romilor basarabeni \u00een Transnistria (1942-1944)\u201d.<\/p>\n<p>Aten\u021bia participan\u021bilor la manifestarea \u0219tiin\u021bific\u0103 a fost captat\u0103 de actualitatea comunic\u0103rilor prezentate, \u00een baza c\u0103rora au fost abordate un \u0219ir de subiecte aferente domeniului de cercetare complex\u0103 a fenomenului Holocaustului: a) Importan\u021ba extinderii procesului de studiere a Holocaustului \u00een institu\u021biile de \u00eenv\u0103\u021b\u0103m\u00e2nt din Republica Moldova, \u00een baza Curriculumului aprobat la disciplina op\u021bional\u0103 \u201eHolocaust: istorie \u0219i lec\u021bii de via\u021b\u0103\u201d (Chi\u0219in\u0103u, 2018); b) Necesitatea edific\u0103rii unui complex memorial \u00een mun. Chi\u0219in\u0103u pentru consemnarea victimelor Holocaustului \u00eempotriva romilor basarabeni \u00een cel de-al II-lea r\u0103zboi mondial; c) Necesitatea aprob\u0103rii de c\u0103tre Parlamentul Republicii Moldova a unei noi date comemorative \u2013 <em>23 august Ziua de comemorare a victimelor regimurilor totalitare, stalinismului \u0219i nazismului<\/em>. <em>\u00a0<\/em><\/p>\n<p><strong>\u00cenregistrarea video<\/strong><\/p>\n<p><iframe loading=\"lazy\" width=\"1160\" height=\"653\" src=\"https:\/\/www.youtube.com\/embed\/f2UwbR7aTrI?feature=oembed\" frameborder=\"0\" allow=\"accelerometer; autoplay; clipboard-write; encrypted-media; gyroscope; picture-in-picture\" allowfullscreen><\/iframe><\/p>\n<p>&nbsp;<\/p>\n<p><strong>Galerie foto:<\/strong><\/p>\n<div id='gallery-1' class='gallery galleryid-6137 gallery-columns-2 gallery-size-large'><figure class='gallery-item'>\n\t\t\t<div class='gallery-icon landscape'>\n\t\t\t\t<a href='https:\/\/ich.md\/?attachment_id=6138'><img width=\"1024\" height=\"461\" src=\"https:\/\/ich.md\/wp-content\/uploads\/2022\/01\/20220125_093819-1024x461.jpg\" class=\"attachment-large size-large\" alt=\"\" decoding=\"async\" loading=\"lazy\" \/><\/a>\n\t\t\t<\/div><\/figure><figure class='gallery-item'>\n\t\t\t<div class='gallery-icon landscape'>\n\t\t\t\t<a href='https:\/\/ich.md\/?attachment_id=6147'><img width=\"624\" height=\"351\" src=\"https:\/\/ich.md\/wp-content\/uploads\/2022\/01\/Picture1.png\" class=\"attachment-large size-large\" alt=\"\" decoding=\"async\" loading=\"lazy\" \/><\/a>\n\t\t\t<\/div><\/figure><figure class='gallery-item'>\n\t\t\t<div class='gallery-icon landscape'>\n\t\t\t\t<a href='https:\/\/ich.md\/?attachment_id=6148'><img width=\"624\" height=\"351\" src=\"https:\/\/ich.md\/wp-content\/uploads\/2022\/01\/Picture3.png\" class=\"attachment-large size-large\" alt=\"\" decoding=\"async\" loading=\"lazy\" \/><\/a>\n\t\t\t<\/div><\/figure><figure class='gallery-item'>\n\t\t\t<div class='gallery-icon landscape'>\n\t\t\t\t<a href='https:\/\/ich.md\/?attachment_id=6139'><img width=\"1024\" height=\"461\" src=\"https:\/\/ich.md\/wp-content\/uploads\/2022\/01\/20220125_093821-1024x461.jpg\" class=\"attachment-large size-large\" alt=\"\" decoding=\"async\" loading=\"lazy\" \/><\/a>\n\t\t\t<\/div><\/figure><figure class='gallery-item'>\n\t\t\t<div class='gallery-icon landscape'>\n\t\t\t\t<a href='https:\/\/ich.md\/?attachment_id=6140'><img width=\"1024\" height=\"461\" src=\"https:\/\/ich.md\/wp-content\/uploads\/2022\/01\/20220125_095513-1024x461.jpg\" class=\"attachment-large size-large\" alt=\"\" decoding=\"async\" loading=\"lazy\" \/><\/a>\n\t\t\t<\/div><\/figure><figure class='gallery-item'>\n\t\t\t<div class='gallery-icon landscape'>\n\t\t\t\t<a href='https:\/\/ich.md\/?attachment_id=6149'><img width=\"624\" height=\"351\" src=\"https:\/\/ich.md\/wp-content\/uploads\/2022\/01\/Picture4.png\" class=\"attachment-large size-large\" alt=\"\" decoding=\"async\" loading=\"lazy\" \/><\/a>\n\t\t\t<\/div><\/figure><figure class='gallery-item'>\n\t\t\t<div class='gallery-icon landscape'>\n\t\t\t\t<a href='https:\/\/ich.md\/?attachment_id=6150'><img width=\"624\" height=\"351\" src=\"https:\/\/ich.md\/wp-content\/uploads\/2022\/01\/Picture5.png\" class=\"attachment-large size-large\" alt=\"\" decoding=\"async\" loading=\"lazy\" \/><\/a>\n\t\t\t<\/div><\/figure><figure class='gallery-item'>\n\t\t\t<div class='gallery-icon landscape'>\n\t\t\t\t<a href='https:\/\/ich.md\/?attachment_id=6153'><img width=\"624\" height=\"351\" src=\"https:\/\/ich.md\/wp-content\/uploads\/2022\/01\/Picture8.png\" class=\"attachment-large size-large\" alt=\"\" decoding=\"async\" loading=\"lazy\" \/><\/a>\n\t\t\t<\/div><\/figure><figure class='gallery-item'>\n\t\t\t<div class='gallery-icon landscape'>\n\t\t\t\t<a href='https:\/\/ich.md\/?attachment_id=6146'><img width=\"1024\" height=\"768\" src=\"https:\/\/ich.md\/wp-content\/uploads\/2022\/01\/IMG_20220125_105820_498-1024x768.jpg\" class=\"attachment-large size-large\" alt=\"\" decoding=\"async\" loading=\"lazy\" \/><\/a>\n\t\t\t<\/div><\/figure><figure class='gallery-item'>\n\t\t\t<div class='gallery-icon landscape'>\n\t\t\t\t<a href='https:\/\/ich.md\/?attachment_id=6145'><img width=\"1024\" height=\"768\" src=\"https:\/\/ich.md\/wp-content\/uploads\/2022\/01\/IMG_20220125_105714_362-1024x768.jpg\" class=\"attachment-large size-large\" alt=\"\" decoding=\"async\" loading=\"lazy\" \/><\/a>\n\t\t\t<\/div><\/figure><figure class='gallery-item'>\n\t\t\t<div class='gallery-icon landscape'>\n\t\t\t\t<a href='https:\/\/ich.md\/?attachment_id=6151'><img width=\"624\" height=\"351\" src=\"https:\/\/ich.md\/wp-content\/uploads\/2022\/01\/Picture6.png\" class=\"attachment-large size-large\" alt=\"\" decoding=\"async\" loading=\"lazy\" \/><\/a>\n\t\t\t<\/div><\/figure><figure class='gallery-item'>\n\t\t\t<div class='gallery-icon landscape'>\n\t\t\t\t<a href='https:\/\/ich.md\/?attachment_id=6152'><img width=\"624\" height=\"351\" src=\"https:\/\/ich.md\/wp-content\/uploads\/2022\/01\/Picture7.png\" class=\"attachment-large size-large\" alt=\"\" decoding=\"async\" loading=\"lazy\" \/><\/a>\n\t\t\t<\/div><\/figure><figure class='gallery-item'>\n\t\t\t<div class='gallery-icon landscape'>\n\t\t\t\t<a href='https:\/\/ich.md\/?attachment_id=6142'><img width=\"1024\" height=\"461\" src=\"https:\/\/ich.md\/wp-content\/uploads\/2022\/01\/20220125_115428-1024x461.jpg\" class=\"attachment-large size-large\" alt=\"\" decoding=\"async\" loading=\"lazy\" \/><\/a>\n\t\t\t<\/div><\/figure><figure class='gallery-item'>\n\t\t\t<div class='gallery-icon portrait'>\n\t\t\t\t<a href='https:\/\/ich.md\/?attachment_id=6143'><img width=\"720\" height=\"960\" src=\"https:\/\/ich.md\/wp-content\/uploads\/2022\/01\/271888628.jpg\" class=\"attachment-large size-large\" alt=\"\" decoding=\"async\" loading=\"lazy\" \/><\/a>\n\t\t\t<\/div><\/figure><figure class='gallery-item'>\n\t\t\t<div class='gallery-icon portrait'>\n\t\t\t\t<a href='https:\/\/ich.md\/?attachment_id=6144'><img width=\"720\" height=\"960\" src=\"https:\/\/ich.md\/wp-content\/uploads\/2022\/01\/272012696.jpg\" class=\"attachment-large size-large\" alt=\"\" decoding=\"async\" loading=\"lazy\" \/><\/a>\n\t\t\t<\/div><\/figure><figure class='gallery-item'>\n\t\t\t<div class='gallery-icon landscape'>\n\t\t\t\t<a href='https:\/\/ich.md\/?attachment_id=6154'><img width=\"624\" height=\"351\" src=\"https:\/\/ich.md\/wp-content\/uploads\/2022\/01\/Picture9.png\" class=\"attachment-large size-large\" alt=\"\" decoding=\"async\" loading=\"lazy\" \/><\/a>\n\t\t\t<\/div><\/figure><figure class='gallery-item'>\n\t\t\t<div class='gallery-icon landscape'>\n\t\t\t\t<a href='https:\/\/ich.md\/?attachment_id=6155'><img width=\"624\" height=\"351\" src=\"https:\/\/ich.md\/wp-content\/uploads\/2022\/01\/Picture10.png\" class=\"attachment-large size-large\" alt=\"\" decoding=\"async\" loading=\"lazy\" \/><\/a>\n\t\t\t<\/div><\/figure><figure class='gallery-item'>\n\t\t\t<div class='gallery-icon landscape'>\n\t\t\t\t<a href='https:\/\/ich.md\/?attachment_id=6156'><img width=\"624\" height=\"351\" src=\"https:\/\/ich.md\/wp-content\/uploads\/2022\/01\/Picture11.png\" class=\"attachment-large size-large\" alt=\"\" decoding=\"async\" loading=\"lazy\" \/><\/a>\n\t\t\t<\/div><\/figure><figure class='gallery-item'>\n\t\t\t<div class='gallery-icon landscape'>\n\t\t\t\t<a href='https:\/\/ich.md\/?attachment_id=6157'><img width=\"624\" height=\"351\" src=\"https:\/\/ich.md\/wp-content\/uploads\/2022\/01\/Picture12.png\" class=\"attachment-large size-large\" alt=\"\" decoding=\"async\" loading=\"lazy\" \/><\/a>\n\t\t\t<\/div><\/figure><figure class='gallery-item'>\n\t\t\t<div class='gallery-icon landscape'>\n\t\t\t\t<a href='https:\/\/ich.md\/?attachment_id=6158'><img width=\"624\" height=\"351\" src=\"https:\/\/ich.md\/wp-content\/uploads\/2022\/01\/Picture13.png\" class=\"attachment-large size-large\" alt=\"\" decoding=\"async\" loading=\"lazy\" \/><\/a>\n\t\t\t<\/div><\/figure>\n\t\t<\/div>\n\n<p>&nbsp;<\/p>\n","protected":false},"excerpt":{"rendered":"<p>Institutului Patrimoniului Cultural a organizat la 25 ianuarie 2022 Masa rotund\u0103 \u201eCercetarea istoriei Holocaustului ca mijloc de promovare a memoriei victimelor \u0219i \u0430 culturii toleran\u021bei\u201d.<span class=\"read-more-link\"><a class=\"read-more\" href=\"https:\/\/ich.md\/?p=6137\">Read More<\/a><\/span><\/p>\n","protected":false},"author":2,"featured_media":6152,"comment_status":"closed","ping_status":"closed","sticky":false,"template":"","format":"standard","meta":[],"categories":[10],"tags":[],"_links":{"self":[{"href":"https:\/\/ich.md\/index.php?rest_route=\/wp\/v2\/posts\/6137"}],"collection":[{"href":"https:\/\/ich.md\/index.php?rest_route=\/wp\/v2\/posts"}],"about":[{"href":"https:\/\/ich.md\/index.php?rest_route=\/wp\/v2\/types\/post"}],"author":[{"embeddable":true,"href":"https:\/\/ich.md\/index.php?rest_route=\/wp\/v2\/users\/2"}],"replies":[{"embeddable":true,"href":"https:\/\/ich.md\/index.php?rest_route=%2Fwp%2Fv2%2Fcomments&post=6137"}],"version-history":[{"count":5,"href":"https:\/\/ich.md\/index.php?rest_route=\/wp\/v2\/posts\/6137\/revisions"}],"predecessor-version":[{"id":6163,"href":"https:\/\/ich.md\/index.php?rest_route=\/wp\/v2\/posts\/6137\/revisions\/6163"}],"wp:featuredmedia":[{"embeddable":true,"href":"https:\/\/ich.md\/index.php?rest_route=\/wp\/v2\/media\/6152"}],"wp:attachment":[{"href":"https:\/\/ich.md\/index.php?rest_route=%2Fwp%2Fv2%2Fmedia&parent=6137"}],"wp:term":[{"taxonomy":"category","embeddable":true,"href":"https:\/\/ich.md\/index.php?rest_route=%2Fwp%2Fv2%2Fcategories&post=6137"},{"taxonomy":"post_tag","embeddable":true,"href":"https:\/\/ich.md\/index.php?rest_route=%2Fwp%2Fv2%2Ftags&post=6137"}],"curies":[{"name":"wp","href":"https:\/\/api.w.org\/{rel}","templated":true}]}}