{"id":6173,"date":"2022-02-10T16:21:23","date_gmt":"2022-02-10T14:21:23","guid":{"rendered":"http:\/\/ich.md\/?p=6173"},"modified":"2022-02-10T16:21:23","modified_gmt":"2022-02-10T14:21:23","slug":"felicitare-cu-ocazia-zilei-internationale-a-fetelor-si-femeilor-cu-activitati-in-domeniul-stiintei","status":"publish","type":"post","link":"https:\/\/ich.md\/?p=6173","title":{"rendered":"felicitare cu ocazia Zilei interna\u021bionale a fetelor \u0219i femeilor cu activit\u0103\u021bi \u00een domeniul \u0219tiin\u021bei"},"content":{"rendered":"<p class=\"MsoNormal\" style=\"text-align: center;\"><span style=\"font-size: 12.0pt; line-height: 107%; font-family: 'Times New Roman',serif;\">Stimate doamne \u0219i domni\u0219oare cercet\u0103tori \u0219tiin\u021bifici,<\/span><\/p>\n<p class=\"MsoNormal\" style=\"text-align: center;\"><span style=\"font-size: 12.0pt; line-height: 107%; font-family: 'Times New Roman',serif;\">dragele noastre colege,<\/span><\/p>\n<p class=\"MsoNormal\" style=\"text-align: center;\"><span style=\"font-size: 12.0pt; line-height: 107%; font-family: 'Times New Roman',serif;\">V\u0103 aducem sincere \u0219i calde felicit\u0103ri cu ocazia Zilei interna\u021bionale a fetelor \u0219i femeilor cu activit\u0103\u021bi \u00een domeniul \u0219tiin\u021bei, s\u0103rb\u0103torit\u0103 anual la 11 februarie. <\/span><\/p>\n<p class=\"MsoNormal\" style=\"text-align: center;\"><span style=\"font-size: 12.0pt; line-height: 107%; font-family: 'Times New Roman',serif;\">V\u0103 ur\u0103m mult\u0103 s\u0103n\u0103tate, creativitate \u0219i succese mari \u00een activitatea de cercetare.<\/span><\/p>\n<p>&nbsp;<\/p>\n<p class=\"MsoNormal\" style=\"text-align: center;\"><span style=\"font-size: 12.0pt; line-height: 107%; font-family: 'Times New Roman',serif;\">Cu toat\u0103 considera\u021biunea,<\/span><\/p>\n<p class=\"MsoNormal\" style=\"text-align: center;\"><span style=\"font-size: 12.0pt; line-height: 107%; font-family: 'Times New Roman',serif;\">Conducerea Institutului Patrimoniului Cultural<\/span><\/p>\n","protected":false},"excerpt":{"rendered":"<p>Stimate doamne \u0219i domni\u0219oare cercet\u0103tori \u0219tiin\u021bifici, dragele noastre colege, V\u0103 aducem sincere \u0219i calde felicit\u0103ri cu ocazia Zilei interna\u021bionale a fetelor \u0219i femeilor cu activit\u0103\u021bi<span class=\"read-more-link\"><a class=\"read-more\" href=\"https:\/\/ich.md\/?p=6173\">Read More<\/a><\/span><\/p>\n","protected":false},"author":2,"featured_media":6174,"comment_status":"closed","ping_status":"closed","sticky":false,"template":"","format":"standard","meta":[],"categories":[10],"tags":[],"_links":{"self":[{"href":"https:\/\/ich.md\/index.php?rest_route=\/wp\/v2\/posts\/6173"}],"collection":[{"href":"https:\/\/ich.md\/index.php?rest_route=\/wp\/v2\/posts"}],"about":[{"href":"https:\/\/ich.md\/index.php?rest_route=\/wp\/v2\/types\/post"}],"author":[{"embeddable":true,"href":"https:\/\/ich.md\/index.php?rest_route=\/wp\/v2\/users\/2"}],"replies":[{"embeddable":true,"href":"https:\/\/ich.md\/index.php?rest_route=%2Fwp%2Fv2%2Fcomments&post=6173"}],"version-history":[{"count":1,"href":"https:\/\/ich.md\/index.php?rest_route=\/wp\/v2\/posts\/6173\/revisions"}],"predecessor-version":[{"id":6175,"href":"https:\/\/ich.md\/index.php?rest_route=\/wp\/v2\/posts\/6173\/revisions\/6175"}],"wp:featuredmedia":[{"embeddable":true,"href":"https:\/\/ich.md\/index.php?rest_route=\/wp\/v2\/media\/6174"}],"wp:attachment":[{"href":"https:\/\/ich.md\/index.php?rest_route=%2Fwp%2Fv2%2Fmedia&parent=6173"}],"wp:term":[{"taxonomy":"category","embeddable":true,"href":"https:\/\/ich.md\/index.php?rest_route=%2Fwp%2Fv2%2Fcategories&post=6173"},{"taxonomy":"post_tag","embeddable":true,"href":"https:\/\/ich.md\/index.php?rest_route=%2Fwp%2Fv2%2Ftags&post=6173"}],"curies":[{"name":"wp","href":"https:\/\/api.w.org\/{rel}","templated":true}]}}