{"id":6193,"date":"2022-02-15T15:06:53","date_gmt":"2022-02-15T13:06:53","guid":{"rendered":"http:\/\/ich.md\/?p=6193"},"modified":"2022-02-15T15:18:59","modified_gmt":"2022-02-15T13:18:59","slug":"6193","status":"publish","type":"post","link":"https:\/\/ich.md\/?p=6193","title":{"rendered":"Institutul Patrimoniului Cultural anun\u021b\u0103 Conferin\u021ba \u0218tiin\u021bific\u0103 Na\u021bional\u0103  \u201eCinematografia Na\u021bional\u0103: Istorie \u0219i Destine\u201d"},"content":{"rendered":"<p style=\"text-align: center;\"><strong>INSTITUTUL PATRIMONIULUI CULTURAL<\/strong><\/p>\n<p style=\"text-align: center;\"><strong>CENTRUL STUDIUL ARTELOR<\/strong><\/p>\n<p style=\"text-align: center;\">Are deosebita onoare de a V\u0103 invita s\u0103 participa\u021bi la<\/p>\n<p style=\"text-align: center;\"><strong>CONFERIN\u021aA \u0218TIIN\u021aIFIC\u0102 NA\u021aIONAL\u0102 <\/strong><\/p>\n<p style=\"text-align: center;\"><strong>\u201eCINEMATOGRAFIA NA\u021aIONAL\u0102: ISTORIE \u0218I DESTINE\u201d <\/strong><\/p>\n<p style=\"text-align: center;\"><strong>dedicat\u0103 celor 70 ani de la fondarea cinematografiei na\u021bionale<\/strong><\/p>\n<p>Reuniunea \u0219tiin\u021bific\u0103 este organizat\u0103 \u00een cadrul Programului de Stat: <em>Dimensiunea identitar\u0103 a artelor din Republica Moldova ca factor activ al dezvolt\u0103rii durabile a societ\u0103\u021bii \u00een contextul dialogului intercultural european<\/em>.<\/p>\n<p>Conferin\u021ba este \u00eenscris\u0103 \u00een Registrul na\u021bional al manifest\u0103rilor \u0219tiin\u021bifice interna\u021bionale pentru anul 2022 din Republica Moldova.<\/p>\n<p>Lucr\u0103rile conferin\u021bei vor avea loc la <strong>7 aprilie 2022 <\/strong>\u00een format mixt online \u0219i \u00een incinta Institutului Patrimoniului Cultural, bd. \u0218tefan cel Mare \u0219i Sf\u00e2nt, 1.<\/p>\n<p>Comunic\u0103rile vor aborda subiecte referitoare la evolu\u021bia artei cinematografice din Republica Moldova:<\/p>\n<ul>\n<li>Aspecte \u0219i etape artistice, estetice mai semnificative prin care a trecut \u0219i s-a afirmat cinematografia na\u021bional\u0103 \u00een lume;<\/li>\n<li>destine de personalit\u0103\u021bi care au contribuit la evolu\u021bia filmului moldovenesc;<\/li>\n<li>aspecte din via\u021ba \u0219i crea\u021bia cinea\u0219tilor \u00een cadrul studioului \u201eMoldova-film\u201d;<\/li>\n<li>cinematografia na\u021bional\u0103 la timpul prezent: realiz\u0103ri, probleme, perspective.<\/li>\n<\/ul>\n<p>Comunic\u0103rile nu vor dep\u0103\u0219i 15 minute.<\/p>\n<p>Propunerile de participare vor fi trimise p\u00e2n\u0103 la data de <strong>20 martie 2022<\/strong> la adresa: <strong><a href=\"mailto:cinematografia70@gmail.com\">cinematografia70@gmail.com<\/a><\/strong> \u015fi vor include: <em>Numele, prenumele participantului, titlul \u0219tiin\u021bific \u0219i afilierea institu\u021bional\u0103, titlul comunic\u0103rii, rezumatul comunic\u0103rii (1900\u20132000 de semne cu spa\u021bii), cinci cuvinte cheie.<\/em><\/p>\n<p><strong>Limbile de lucru ale conferin\u021bei sunt <\/strong><em>rom\u00e2na, rusa.<\/em><\/p>\n<p>Programul conferin\u021bei \u0219i rezumatele comunic\u0103rilor vor fi publicate \u0219i difuzate participan\u021bilor, dar \u0219i pe site-ul Institutului.<\/p>\n<p>Lucr\u0103rile prezentate \u00een cadrul conferin\u021bei, dup\u0103 recenzare, vor fi publicate \u00eentr-un volum de studii \u0219tiin\u021bifice. Termenul de recep\u021bionare a articolelor pentru volumul cu materialele Conferin\u021bei: <strong>1 iunie 2022.<\/strong><\/p>\n<p>V\u0103 mul\u021bumim \u0219i a\u0219tept\u0103m propunerile Dumneavoastr\u0103.<\/p>\n<p><strong>Comitetul de organizare.<\/strong><\/p>\n<p><strong>\u00a0<\/strong><\/p>\n<p>Pentru informa\u021bii: 022 26 09 60<\/p>\n","protected":false},"excerpt":{"rendered":"<p>INSTITUTUL PATRIMONIULUI CULTURAL CENTRUL STUDIUL ARTELOR Are deosebita onoare de a V\u0103 invita s\u0103 participa\u021bi la CONFERIN\u021aA \u0218TIIN\u021aIFIC\u0102 NA\u021aIONAL\u0102 \u201eCINEMATOGRAFIA NA\u021aIONAL\u0102: ISTORIE \u0218I DESTINE\u201d dedicat\u0103<span class=\"read-more-link\"><a class=\"read-more\" href=\"https:\/\/ich.md\/?p=6193\">Read More<\/a><\/span><\/p>\n","protected":false},"author":2,"featured_media":6194,"comment_status":"closed","ping_status":"closed","sticky":false,"template":"","format":"standard","meta":[],"categories":[10],"tags":[],"_links":{"self":[{"href":"https:\/\/ich.md\/index.php?rest_route=\/wp\/v2\/posts\/6193"}],"collection":[{"href":"https:\/\/ich.md\/index.php?rest_route=\/wp\/v2\/posts"}],"about":[{"href":"https:\/\/ich.md\/index.php?rest_route=\/wp\/v2\/types\/post"}],"author":[{"embeddable":true,"href":"https:\/\/ich.md\/index.php?rest_route=\/wp\/v2\/users\/2"}],"replies":[{"embeddable":true,"href":"https:\/\/ich.md\/index.php?rest_route=%2Fwp%2Fv2%2Fcomments&post=6193"}],"version-history":[{"count":3,"href":"https:\/\/ich.md\/index.php?rest_route=\/wp\/v2\/posts\/6193\/revisions"}],"predecessor-version":[{"id":6197,"href":"https:\/\/ich.md\/index.php?rest_route=\/wp\/v2\/posts\/6193\/revisions\/6197"}],"wp:featuredmedia":[{"embeddable":true,"href":"https:\/\/ich.md\/index.php?rest_route=\/wp\/v2\/media\/6194"}],"wp:attachment":[{"href":"https:\/\/ich.md\/index.php?rest_route=%2Fwp%2Fv2%2Fmedia&parent=6193"}],"wp:term":[{"taxonomy":"category","embeddable":true,"href":"https:\/\/ich.md\/index.php?rest_route=%2Fwp%2Fv2%2Fcategories&post=6193"},{"taxonomy":"post_tag","embeddable":true,"href":"https:\/\/ich.md\/index.php?rest_route=%2Fwp%2Fv2%2Ftags&post=6193"}],"curies":[{"name":"wp","href":"https:\/\/api.w.org\/{rel}","templated":true}]}}