{"id":6227,"date":"2022-02-24T13:42:52","date_gmt":"2022-02-24T11:42:52","guid":{"rendered":"http:\/\/ich.md\/?p=6227"},"modified":"2022-03-03T09:08:34","modified_gmt":"2022-03-03T07:08:34","slug":"prezentarea-cartii-relatiile-comerciale-dintre-moldova-si-polonia-in-a-doua-jumatate-a-secolului-al-xviii-lea-autor-valentin-arapu","status":"publish","type":"post","link":"https:\/\/ich.md\/?p=6227","title":{"rendered":"Prezentarea c\u0103r\u021bii: Rela\u021biile comerciale dintre Moldova \u0219i Polonia \u00een a doua jum\u0103tate a secolului al XVIII-lea. Autor: Valentin Arapu"},"content":{"rendered":"<p style=\"text-align: center;\">Joi, 3 martie 2022, ora: 10.00<\/p>\n<p style=\"text-align: center;\">\u00een incinta IPC, va avea loc prezentarea c\u0103r\u021bii:<\/p>\n<p style=\"text-align: center;\"><strong>Rela\u021biile comerciale dintre Moldova \u0219i Polonia \u00een a doua jum\u0103tate a secolului al XVIII-lea<\/strong><\/p>\n<p style=\"text-align: center;\"><strong>\u00a0<\/strong>Autor:\u00a0Valentin Arapu, doctor \u00een istorie<\/p>\n<p style=\"text-align: center;\"><strong>\u00a0<\/strong><strong>Prezint\u0103: <\/strong>Raisa Osadci, etnolog, \u0219ef Sec\u021bie Etnologie Rom\u00e2neasc\u0103<\/p>\n<p style=\"text-align: center;\"><strong>\u00a0<\/strong>\u00cen cadrul prezent\u0103rii va avea loc un dialog cu autorul despre con\u021binutul \u0219i procesul de elaborare a c\u0103r\u021bii. Doritorii, vor putea s\u0103 adreseze \u00eentreb\u0103ri \u0219i s\u0103 participe la discu\u021bie. Sunt invitate toate persoanele interesate.<\/p>\n<p style=\"text-align: center;\">Evenimentul va avea loc\u00a0<strong>online<\/strong>\u00a0prin intermediul aplica\u021biei ZOOM:<\/p>\n<p style=\"text-align: center;\">Accesa\u021bi linkul:<\/p>\n<div style=\"text-align: center;\"><a href=\"https:\/\/us02web.zoom.us\/j\/82960238705?pwd=QmlLOUo1STFaTVFpRUhoNTNFUUpOdz09\" target=\"_blank\" rel=\"noopener\" data-saferedirecturl=\"https:\/\/www.google.com\/url?q=https:\/\/us02web.zoom.us\/j\/82960238705?pwd%3DQmlLOUo1STFaTVFpRUhoNTNFUUpOdz09&amp;source=gmail&amp;ust=1645794795623000&amp;usg=AOvVaw1VQmYk9niKDfzYPsIS3Kzz\">https:\/\/us02web.zoom.us\/j\/<wbr \/>82960238705?pwd=<wbr \/>QmlLOUo1STFaTVFpRUhoNTNFUUpOdz<wbr \/>09<\/a><\/div>\n<div style=\"text-align: center;\"><\/div>\n<div style=\"text-align: center;\">Meeting ID: 829 6023 8705<\/div>\n<div style=\"text-align: center;\">Passcode: 839093<\/div>\n<p style=\"text-align: center;\">De asemenea evenimentul va fi transmis online:<\/p>\n<p style=\"text-align: center;\"><strong>Linkul va fi plasat la \u00eenceputul prezent\u0103rii c\u0103r\u021bii<\/strong><\/p>\n<p><iframe loading=\"lazy\" width=\"1160\" height=\"870\" src=\"https:\/\/www.youtube.com\/embed\/oZvXz7X7rhg?feature=oembed\" frameborder=\"0\" allow=\"accelerometer; autoplay; clipboard-write; encrypted-media; gyroscope; picture-in-picture\" allowfullscreen><\/iframe><\/p>\n<p style=\"text-align: center;\"><strong>\u0219i la\u00a0https:\/\/idsi.md\/tv<\/strong><\/p>\n<p><a href=\"http:\/\/ich.md\/wp-content\/uploads\/2021\/12\/VALENTIN-ARAPU_RelatiileMoldovaPolonia_COP_145205-1.png\"><img decoding=\"async\" loading=\"lazy\" class=\"aligncenter size-large wp-image-5990\" src=\"http:\/\/ich.md\/wp-content\/uploads\/2021\/12\/VALENTIN-ARAPU_RelatiileMoldovaPolonia_COP_145205-1-1024x681.png\" alt=\"\" width=\"1024\" height=\"681\" \/><\/a><\/p>\n","protected":false},"excerpt":{"rendered":"<p>Joi, 3 martie 2022, ora: 10.00 \u00een incinta IPC, va avea loc prezentarea c\u0103r\u021bii: Rela\u021biile comerciale dintre Moldova \u0219i Polonia \u00een a doua jum\u0103tate a<span class=\"read-more-link\"><a class=\"read-more\" href=\"https:\/\/ich.md\/?p=6227\">Read More<\/a><\/span><\/p>\n","protected":false},"author":2,"featured_media":5991,"comment_status":"closed","ping_status":"closed","sticky":false,"template":"","format":"standard","meta":[],"categories":[10],"tags":[],"_links":{"self":[{"href":"https:\/\/ich.md\/index.php?rest_route=\/wp\/v2\/posts\/6227"}],"collection":[{"href":"https:\/\/ich.md\/index.php?rest_route=\/wp\/v2\/posts"}],"about":[{"href":"https:\/\/ich.md\/index.php?rest_route=\/wp\/v2\/types\/post"}],"author":[{"embeddable":true,"href":"https:\/\/ich.md\/index.php?rest_route=\/wp\/v2\/users\/2"}],"replies":[{"embeddable":true,"href":"https:\/\/ich.md\/index.php?rest_route=%2Fwp%2Fv2%2Fcomments&post=6227"}],"version-history":[{"count":7,"href":"https:\/\/ich.md\/index.php?rest_route=\/wp\/v2\/posts\/6227\/revisions"}],"predecessor-version":[{"id":6246,"href":"https:\/\/ich.md\/index.php?rest_route=\/wp\/v2\/posts\/6227\/revisions\/6246"}],"wp:featuredmedia":[{"embeddable":true,"href":"https:\/\/ich.md\/index.php?rest_route=\/wp\/v2\/media\/5991"}],"wp:attachment":[{"href":"https:\/\/ich.md\/index.php?rest_route=%2Fwp%2Fv2%2Fmedia&parent=6227"}],"wp:term":[{"taxonomy":"category","embeddable":true,"href":"https:\/\/ich.md\/index.php?rest_route=%2Fwp%2Fv2%2Fcategories&post=6227"},{"taxonomy":"post_tag","embeddable":true,"href":"https:\/\/ich.md\/index.php?rest_route=%2Fwp%2Fv2%2Ftags&post=6227"}],"curies":[{"name":"wp","href":"https:\/\/api.w.org\/{rel}","templated":true}]}}