{"id":6247,"date":"2022-03-07T10:07:31","date_gmt":"2022-03-07T08:07:31","guid":{"rendered":"http:\/\/ich.md\/?p=6247"},"modified":"2022-03-08T12:19:44","modified_gmt":"2022-03-08T10:19:44","slug":"felicitare-cu-ocazia-zilei-de-8-martie-5","status":"publish","type":"post","link":"https:\/\/ich.md\/?p=6247","title":{"rendered":"Felicitare cu ocazia zilei de 8 martie !"},"content":{"rendered":"<p style=\"text-align: center;\"><span style=\"color: #008000;\"><strong>Distinse Doamne \u0219i Domni\u0219oare,<\/strong><\/span><\/p>\n<p>Ziua de 8 Martie ne ofer\u0103 prilejul potrivit pentru a V\u0103 exprima alesele noastre sentimente de ad\u00e2nc respect \u0219i apreciere a muncii Dumneavoastr\u0103 devotate. Este o zi special\u0103 pentru noi to\u021bi, con\u0219tientiz\u00e2nd, \u00een acela\u0219i timp, faptul c\u0103 la feminin se declin\u0103 astfel de valori general umane precum via\u021ba, p\u00e2inea, voin\u021ba, fericirea \u0219i, nu \u00een ultimul r\u00e2nd, \u0219tiin\u021ba, care este domeniul Dumneavoastr\u0103 de activitate. Aceasta ne oblig\u0103 o data \u00een plus s\u0103 V\u0103 pre\u021buim \u0219i s\u0103 V\u0103 asigur\u0103m de \u00eentreaga noastr\u0103 recuno\u0219tin\u021b\u0103.<\/p>\n<p>V\u0103 mul\u021bumim pentru toate lucrurile bune, pe care le-a\u021bi realizat pe plan profesional, dorindu-V\u0103 ca \u00eemplinirile frumoase, s\u0103n\u0103tatea \u015fi spiritul acestei zile s\u0103 V\u0103 \u00eenso\u021beasc\u0103 pretutindeni.<\/p>\n<p>Cu ocazia acestei zile, V\u0103 rug\u0103m s\u0103 accepta\u021bi g\u00e2ndurile noastre curate \u0219i senine ca prim\u0103vara pentru ve\u0219nicia ei!<\/p>\n<p style=\"text-align: center;\"><span style=\"color: #008000;\"><strong>V\u0103 dorim un 8 Martie special !<\/strong><\/span><\/p>\n<p>Cu toat\u0103 considera\u021biunea,<\/p>\n<p>Conducerea Institutului Patrimoniului Cultural<\/p>\n<p><strong>\u00a0<\/strong><\/p>\n<p><a href=\"http:\/\/ich.md\/wp-content\/uploads\/2022\/03\/2f44142687e150ec03d42c587350a468.jpg\"><img decoding=\"async\" loading=\"lazy\" class=\"aligncenter size-full wp-image-6249\" src=\"http:\/\/ich.md\/wp-content\/uploads\/2022\/03\/2f44142687e150ec03d42c587350a468.jpg\" alt=\"\" width=\"371\" height=\"400\" \/><\/a><\/p>\n","protected":false},"excerpt":{"rendered":"<p>Distinse Doamne \u0219i Domni\u0219oare, Ziua de 8 Martie ne ofer\u0103 prilejul potrivit pentru a V\u0103 exprima alesele noastre sentimente de ad\u00e2nc respect \u0219i apreciere a<span class=\"read-more-link\"><a class=\"read-more\" href=\"https:\/\/ich.md\/?p=6247\">Read More<\/a><\/span><\/p>\n","protected":false},"author":2,"featured_media":6249,"comment_status":"closed","ping_status":"closed","sticky":false,"template":"","format":"standard","meta":[],"categories":[10],"tags":[],"_links":{"self":[{"href":"https:\/\/ich.md\/index.php?rest_route=\/wp\/v2\/posts\/6247"}],"collection":[{"href":"https:\/\/ich.md\/index.php?rest_route=\/wp\/v2\/posts"}],"about":[{"href":"https:\/\/ich.md\/index.php?rest_route=\/wp\/v2\/types\/post"}],"author":[{"embeddable":true,"href":"https:\/\/ich.md\/index.php?rest_route=\/wp\/v2\/users\/2"}],"replies":[{"embeddable":true,"href":"https:\/\/ich.md\/index.php?rest_route=%2Fwp%2Fv2%2Fcomments&post=6247"}],"version-history":[{"count":2,"href":"https:\/\/ich.md\/index.php?rest_route=\/wp\/v2\/posts\/6247\/revisions"}],"predecessor-version":[{"id":6256,"href":"https:\/\/ich.md\/index.php?rest_route=\/wp\/v2\/posts\/6247\/revisions\/6256"}],"wp:featuredmedia":[{"embeddable":true,"href":"https:\/\/ich.md\/index.php?rest_route=\/wp\/v2\/media\/6249"}],"wp:attachment":[{"href":"https:\/\/ich.md\/index.php?rest_route=%2Fwp%2Fv2%2Fmedia&parent=6247"}],"wp:term":[{"taxonomy":"category","embeddable":true,"href":"https:\/\/ich.md\/index.php?rest_route=%2Fwp%2Fv2%2Fcategories&post=6247"},{"taxonomy":"post_tag","embeddable":true,"href":"https:\/\/ich.md\/index.php?rest_route=%2Fwp%2Fv2%2Ftags&post=6247"}],"curies":[{"name":"wp","href":"https:\/\/api.w.org\/{rel}","templated":true}]}}