{"id":6251,"date":"2022-03-07T15:06:44","date_gmt":"2022-03-07T13:06:44","guid":{"rendered":"http:\/\/ich.md\/?p=6251"},"modified":"2022-03-08T11:50:01","modified_gmt":"2022-03-08T09:50:01","slug":"prezentarea-cartii-structuri-si-semnificatii-mitofolclorice-in-arhitectura-populara-din-republica-moldova-autor-vitalie-malcoci","status":"publish","type":"post","link":"https:\/\/ich.md\/?p=6251","title":{"rendered":"Prezentarea c\u0103r\u021bii: Structuri \u0219i semnifica\u021bii mitofolclorice \u00een arhitectura popular\u0103 din Republica Moldova. Autor: Vitalie Malcoci"},"content":{"rendered":"<p style=\"text-align: center;\">Joi, 10 martie 2022, ora: 10.00<\/p>\n<p style=\"text-align: center;\">\u00een incinta IPC, va avea loc prezentarea c\u0103r\u021bii:<\/p>\n<p style=\"text-align: center;\"><em><strong>Structuri \u0219i semnifica\u021bii mitofolclorice \u00een arhitectura popular\u0103 din Republica Moldova<\/strong><\/em><\/p>\n<p style=\"text-align: center;\">Autor:\u00a0Vitalie Malcoci, doctor \u00een studiul artelor<\/p>\n<p style=\"text-align: center;\"><strong>\u00a0Prezint\u0103:\u00a0<\/strong>Constantin Sp\u00eenu, doctor \u00een studiul artelor<\/p>\n<p>\u00cen cadrul prezent\u0103rii va avea loc un dialog cu autorul despre con\u021binutul \u0219i procesul de elaborare a c\u0103r\u021bii. Doritorii, vor putea s\u0103 adreseze \u00eentreb\u0103ri \u0219i s\u0103 participe la discu\u021bie. Sunt invitate toate persoanele interesate.<\/p>\n<p style=\"text-align: center;\">Evenimentul va avea loc\u00a0<strong>online<\/strong>\u00a0prin intermediul aplica\u021biei ZOOM:<\/p>\n<p style=\"text-align: center;\">Accesa\u021bi linkul:<\/p>\n<div style=\"text-align: center;\"><a href=\"https:\/\/us02web.zoom.us\/j\/83839340017?pwd=RjdJQTExR0dFWGRaVnV1OGU2ZUkyZz09\" target=\"_blank\" rel=\"noopener\" data-saferedirecturl=\"https:\/\/www.google.com\/url?q=https:\/\/us02web.zoom.us\/j\/83839340017?pwd%3DRjdJQTExR0dFWGRaVnV1OGU2ZUkyZz09&amp;source=gmail&amp;ust=1646818278870000&amp;usg=AOvVaw3idkQtZeWWFX_4FlLuhXzq\">https:\/\/us02web.zoom.us\/j\/<wbr \/>83839340017?pwd=<wbr \/>RjdJQTExR0dFWGRaVnV1OGU2ZUkyZz<wbr \/>09<\/a><\/div>\n<div style=\"text-align: center;\">Meeting ID: 838 3934 0017<\/div>\n<div style=\"text-align: center;\">Passcode: 983148<\/div>\n<p style=\"text-align: center;\">De asemenea evenimentul va fi transmis online:<\/p>\n<p><iframe loading=\"lazy\" width=\"1160\" height=\"870\" src=\"https:\/\/www.youtube.com\/embed\/3fo0cTf7QYg?feature=oembed\" frameborder=\"0\" allow=\"accelerometer; autoplay; clipboard-write; encrypted-media; gyroscope; picture-in-picture\" allowfullscreen><\/iframe><\/p>\n<p style=\"text-align: center;\"><strong>\u0219i la\u00a0https:\/\/idsi.md\/tv<\/strong><\/p>\n","protected":false},"excerpt":{"rendered":"<p>Joi, 10 martie 2022, ora: 10.00 \u00een incinta IPC, va avea loc prezentarea c\u0103r\u021bii: Structuri \u0219i semnifica\u021bii mitofolclorice \u00een arhitectura popular\u0103 din Republica Moldova Autor:\u00a0Vitalie<span class=\"read-more-link\"><a class=\"read-more\" href=\"https:\/\/ich.md\/?p=6251\">Read More<\/a><\/span><\/p>\n","protected":false},"author":2,"featured_media":6089,"comment_status":"closed","ping_status":"closed","sticky":false,"template":"","format":"standard","meta":[],"categories":[10],"tags":[],"_links":{"self":[{"href":"https:\/\/ich.md\/index.php?rest_route=\/wp\/v2\/posts\/6251"}],"collection":[{"href":"https:\/\/ich.md\/index.php?rest_route=\/wp\/v2\/posts"}],"about":[{"href":"https:\/\/ich.md\/index.php?rest_route=\/wp\/v2\/types\/post"}],"author":[{"embeddable":true,"href":"https:\/\/ich.md\/index.php?rest_route=\/wp\/v2\/users\/2"}],"replies":[{"embeddable":true,"href":"https:\/\/ich.md\/index.php?rest_route=%2Fwp%2Fv2%2Fcomments&post=6251"}],"version-history":[{"count":4,"href":"https:\/\/ich.md\/index.php?rest_route=\/wp\/v2\/posts\/6251\/revisions"}],"predecessor-version":[{"id":6255,"href":"https:\/\/ich.md\/index.php?rest_route=\/wp\/v2\/posts\/6251\/revisions\/6255"}],"wp:featuredmedia":[{"embeddable":true,"href":"https:\/\/ich.md\/index.php?rest_route=\/wp\/v2\/media\/6089"}],"wp:attachment":[{"href":"https:\/\/ich.md\/index.php?rest_route=%2Fwp%2Fv2%2Fmedia&parent=6251"}],"wp:term":[{"taxonomy":"category","embeddable":true,"href":"https:\/\/ich.md\/index.php?rest_route=%2Fwp%2Fv2%2Fcategories&post=6251"},{"taxonomy":"post_tag","embeddable":true,"href":"https:\/\/ich.md\/index.php?rest_route=%2Fwp%2Fv2%2Ftags&post=6251"}],"curies":[{"name":"wp","href":"https:\/\/api.w.org\/{rel}","templated":true}]}}