{"id":6409,"date":"2022-08-16T10:22:04","date_gmt":"2022-08-16T07:22:04","guid":{"rendered":"https:\/\/ich.md\/?p=6409"},"modified":"2022-08-16T10:35:10","modified_gmt":"2022-08-16T07:35:10","slug":"conferinta-stiintifica-nationala-salvgardarea-si-conservarea-digitala-a-patrimoniului-etnografic-chisinau-25-august-2022","status":"publish","type":"post","link":"https:\/\/ich.md\/?p=6409","title":{"rendered":"Conferin\u021ba \u0219tiin\u021bific\u0103 na\u021bional\u0103 SALVGARDAREA \u0218I CONSERVAREA DIGITAL\u0102, A PATRIMONIULUI ETNOGRAFIC, Chi\u0219in\u0103u, 24 noiembrie 2022"},"content":{"rendered":"\n<p class=\"has-text-align-center\">Institutul Patrimoniului Cultural \u00een parteneriat cu<strong> <\/strong>Comisia Na\u021bional\u0103 pentru Salvgardarea Patrimoniului Cultural Imaterial \u0219i Muzeul Na\u021bional de Etnografie \u0219i Istorie Natural\u0103<\/p>\n\n\n\n<p class=\"has-text-align-center\">anun\u021b\u0103 organizarea<\/p>\n\n\n\n<p class=\"has-text-align-center\"><strong>Conferin\u021bei \u0219tiin\u021bifice na\u021bionale<\/strong><\/p>\n\n\n\n<p class=\"has-text-align-center\"><strong>SALVGARDAREA \u0218I CONSERVAREA DIGITAL\u0102<\/strong><\/p>\n\n\n\n<p class=\"has-text-align-center\"><strong>A PATRIMONIULUI ETNOGRAFIC<\/strong><\/p>\n\n\n\n<p class=\"has-text-align-center\"><strong>Chi\u0219in\u0103u, <strong>24 noiembrie 2022<\/strong><\/strong><\/p>\n\n\n\n<p class=\"has-text-align-center\">Comunic\u0103rile vor aborda subiecte referitoare la ariile tematice:<\/p>\n\n\n\n<ul><li><em>Salvgardarea \u0219i conservarea digital\u0103 a patrimoniului etnografic<\/em><\/li><li><em>Metode tradi\u021bionale, moderne \u0219i digitale de conservare a patrimoniului cultural<\/em><\/li><li><em>Valorificarea materialelor etnografice conservate (inclusiv digital) \u00een cercetare<\/em><\/li><\/ul>\n\n\n\n<p>Persoanele interesate s\u0103 participe la conferin\u021b\u0103 sunt rugate s\u0103 expedieze titlul comunic\u0103rii p\u00e2n\u0103 la 31 august<strong> 2022 <\/strong>la adresa <a href=\"mailto:propatrimoniu@gmail.com\"><strong>propatrimoniu@gmail.com<\/strong><\/a><strong>.<\/strong><\/p>\n\n\n\n<p>Organizatorii vor publica lucr\u0103rile, care vor fi prezentate \u00een cadrul conferin\u021bei, \u00eentr-un volum de studii \u0219tiin\u021bifice cu titlul conferin\u021bei.&nbsp;Termenul de recep\u021bionare a articolelor pentru volumul cu materialele Conferin\u021bei este <strong>30 septembrie 2022 <\/strong>la adresa <a href=\"mailto:propatrimoniu@gmail.com\"><strong>propatrimoniu@gmail.com<\/strong><\/a><strong>.<\/strong><\/p>\n\n\n\n<p><em>Manifestarea \u0219tiin\u021bific\u0103 face parte din ac\u021biunile planificate \u00een cadrul proiectului <strong>21.70105.8 \u0218D<\/strong> \u201eArhiva etnografic\u0103 digital\u0103 cu acces deschis \u2013 prezervarea \u0219i valorificarea tradi\u021biei pentru dezvoltare durabil\u0103\u201d\/ Program interna\u021bional \u201eOferta de solu\u021bii privind promovarea conceptului de \u0218tiin\u021b\u0103 deschis\u0103 \u0219i dezvoltarea tehnologiilor digitale \u00een domeniile cercet\u0103rii \u0219i inov\u0103rii\u201d \/ Programul UE Orizont 2020&nbsp;(CG-ENI\/2017\/ 386-980 CE)&nbsp;\u201eSuportul Financiar pentru participarea Republicii Moldova \u00een Programul Cadru al Uniunii Europene de cercetare \u0219i inovare ORIZONT 2020\u201d.<\/em><\/p>\n\n\n\n<p><strong>Comitetul de organizare<\/strong><\/p>\n\n\n\n<p><strong><a href=\"http:\/\/ich.md\/wp-content\/uploads\/2022\/04\/Aviz.Conf_.Arghiva.pdf\" data-type=\"URL\" data-id=\"http:\/\/ich.md\/wp-content\/uploads\/2022\/04\/Aviz.Conf_.Arghiva.pdf\">NORMELE DE REDACTARE A LUCR\u0102RILOR<\/a><\/strong><\/p>\n","protected":false},"excerpt":{"rendered":"<p>Institutul Patrimoniului Cultural \u00een parteneriat cu Comisia Na\u021bional\u0103 pentru Salvgardarea Patrimoniului Cultural Imaterial \u0219i Muzeul Na\u021bional de Etnografie \u0219i Istorie Natural\u0103 anun\u021b\u0103 organizarea Conferin\u021bei \u0219tiin\u021bifice<span class=\"read-more-link\"><a class=\"read-more\" href=\"https:\/\/ich.md\/?p=6409\">Read More<\/a><\/span><\/p>\n","protected":false},"author":2,"featured_media":6419,"comment_status":"closed","ping_status":"closed","sticky":false,"template":"","format":"standard","meta":[],"categories":[10],"tags":[],"_links":{"self":[{"href":"https:\/\/ich.md\/index.php?rest_route=\/wp\/v2\/posts\/6409"}],"collection":[{"href":"https:\/\/ich.md\/index.php?rest_route=\/wp\/v2\/posts"}],"about":[{"href":"https:\/\/ich.md\/index.php?rest_route=\/wp\/v2\/types\/post"}],"author":[{"embeddable":true,"href":"https:\/\/ich.md\/index.php?rest_route=\/wp\/v2\/users\/2"}],"replies":[{"embeddable":true,"href":"https:\/\/ich.md\/index.php?rest_route=%2Fwp%2Fv2%2Fcomments&post=6409"}],"version-history":[{"count":6,"href":"https:\/\/ich.md\/index.php?rest_route=\/wp\/v2\/posts\/6409\/revisions"}],"predecessor-version":[{"id":6762,"href":"https:\/\/ich.md\/index.php?rest_route=\/wp\/v2\/posts\/6409\/revisions\/6762"}],"wp:featuredmedia":[{"embeddable":true,"href":"https:\/\/ich.md\/index.php?rest_route=\/wp\/v2\/media\/6419"}],"wp:attachment":[{"href":"https:\/\/ich.md\/index.php?rest_route=%2Fwp%2Fv2%2Fmedia&parent=6409"}],"wp:term":[{"taxonomy":"category","embeddable":true,"href":"https:\/\/ich.md\/index.php?rest_route=%2Fwp%2Fv2%2Fcategories&post=6409"},{"taxonomy":"post_tag","embeddable":true,"href":"https:\/\/ich.md\/index.php?rest_route=%2Fwp%2Fv2%2Ftags&post=6409"}],"curies":[{"name":"wp","href":"https:\/\/api.w.org\/{rel}","templated":true}]}}