{"id":6486,"date":"2022-05-18T08:33:48","date_gmt":"2022-05-18T05:33:48","guid":{"rendered":"https:\/\/ich.md\/?p=6486"},"modified":"2022-05-18T08:35:50","modified_gmt":"2022-05-18T05:35:50","slug":"prezentarea-cartii-datini-si-mentalitati-traditionale-expresii-ale-identitatii-de-neam-autor-raisa-osadci","status":"publish","type":"post","link":"https:\/\/ich.md\/?p=6486","title":{"rendered":"Prezentarea c\u0103r\u021bii: \u201eDatini \u015fi mentalit\u0103\u0163i tradi\u0163ionale: expresii ale identit\u0103\u0163ii de neam\u201d\u00a0 Autor:\u00a0Raisa Osadci"},"content":{"rendered":"\n<p class=\"has-text-align-center\">Joi, 19 mai 2022, ora: 10.00<\/p>\n\n\n\n<p class=\"has-text-align-center\">\u00een incinta IPC, va avea loc prezentarea c\u0103r\u021bii:<\/p>\n\n\n\n<p class=\"has-text-align-center\"><strong>\u201eDatini \u015fi mentalit\u0103\u0163i tradi\u0163ionale: expresii ale identit\u0103\u0163ii de neam\u201d<\/strong>&nbsp;<\/p>\n\n\n\n<p class=\"has-text-align-center\">Autor:&nbsp;Raisa Osadci, cercet\u0103tor \u0219tiin\u021bific, Sec\u021bia Etnologie Rom\u00e2neasc\u0103, IPC<\/p>\n\n\n\n<p class=\"has-text-align-center\"><strong>&nbsp;Prezint\u0103:&nbsp;<\/strong>Natalia Gr\u0103dinaru, doctor \u00een istorie \u0219i Valentina Ursu, doctor \u00een istorie<\/p>\n\n\n\n<p class=\"has-text-align-center\">\u00cen cadrul prezent\u0103rii va avea loc un dialog cu autoarea despre con\u021binutul \u0219i procesul de elaborare a c\u0103r\u021bii. Doritorii, vor putea s\u0103 adreseze \u00eentreb\u0103ri \u0219i s\u0103 participe la discu\u021bie. Sunt invitate toate persoanele interesate.<\/p>\n\n\n\n<p class=\"has-text-align-center\">Evenimentul va avea loc \u00een form\u0103 mixt\u0103: cu participare direct\u0103 (sala de \u0219edin\u021be 538, IPC) \u0219i\u00a0<strong>online<\/strong>\u00a0prin intermediul aplica\u021biei\u00a0<strong>ZOOM<\/strong><\/p>\n\n\n\n<p class=\"has-text-align-center\">Accesa\u021bi linkul:<\/p>\n\n\n\n<p class=\"has-text-align-center\"><a href=\"https:\/\/us02web.zoom.us\/j\/82628655579?pwd=sqjUfAYrFBXIhX4bOnwkct7bry1GRP.1\" target=\"_blank\" rel=\"noreferrer noopener\">https:\/\/us02web.zoom.us\/j\/82628655579?pwd=sqjUfAYrFBXIhX4bOnwkct7bry1GRP.1<\/a><br><br>Meeting ID:&nbsp;<a href=\"826%202865%205579\" target=\"_blank\" rel=\"noreferrer noopener\">826 2865 5579<\/a><br>Passcode: 190522<\/p>\n\n\n\n<p class=\"has-text-align-center\">De asemenea evenimentul va fi transmis online:<\/p>\n\n\n\n<p><\/p>\n\n\n\n<figure class=\"wp-block-image size-large\"><a href=\"http:\/\/ich.md\/wp-content\/uploads\/2022\/02\/Osadci-R.-Coperta-Datini-.png\"><img decoding=\"async\" loading=\"lazy\" width=\"1024\" height=\"746\" src=\"http:\/\/ich.md\/wp-content\/uploads\/2022\/02\/Osadci-R.-Coperta-Datini--1024x746.png\" alt=\"\" class=\"wp-image-6186\"\/><\/a><\/figure>\n","protected":false},"excerpt":{"rendered":"<p>Joi, 19 mai 2022, ora: 10.00 \u00een incinta IPC, va avea loc prezentarea c\u0103r\u021bii: \u201eDatini \u015fi mentalit\u0103\u0163i tradi\u0163ionale: expresii ale identit\u0103\u0163ii de neam\u201d&nbsp; Autor:&nbsp;Raisa Osadci,<span class=\"read-more-link\"><a class=\"read-more\" href=\"https:\/\/ich.md\/?p=6486\">Read More<\/a><\/span><\/p>\n","protected":false},"author":2,"featured_media":6184,"comment_status":"closed","ping_status":"closed","sticky":false,"template":"","format":"standard","meta":[],"categories":[10],"tags":[],"_links":{"self":[{"href":"https:\/\/ich.md\/index.php?rest_route=\/wp\/v2\/posts\/6486"}],"collection":[{"href":"https:\/\/ich.md\/index.php?rest_route=\/wp\/v2\/posts"}],"about":[{"href":"https:\/\/ich.md\/index.php?rest_route=\/wp\/v2\/types\/post"}],"author":[{"embeddable":true,"href":"https:\/\/ich.md\/index.php?rest_route=\/wp\/v2\/users\/2"}],"replies":[{"embeddable":true,"href":"https:\/\/ich.md\/index.php?rest_route=%2Fwp%2Fv2%2Fcomments&post=6486"}],"version-history":[{"count":3,"href":"https:\/\/ich.md\/index.php?rest_route=\/wp\/v2\/posts\/6486\/revisions"}],"predecessor-version":[{"id":6489,"href":"https:\/\/ich.md\/index.php?rest_route=\/wp\/v2\/posts\/6486\/revisions\/6489"}],"wp:featuredmedia":[{"embeddable":true,"href":"https:\/\/ich.md\/index.php?rest_route=\/wp\/v2\/media\/6184"}],"wp:attachment":[{"href":"https:\/\/ich.md\/index.php?rest_route=%2Fwp%2Fv2%2Fmedia&parent=6486"}],"wp:term":[{"taxonomy":"category","embeddable":true,"href":"https:\/\/ich.md\/index.php?rest_route=%2Fwp%2Fv2%2Fcategories&post=6486"},{"taxonomy":"post_tag","embeddable":true,"href":"https:\/\/ich.md\/index.php?rest_route=%2Fwp%2Fv2%2Ftags&post=6486"}],"curies":[{"name":"wp","href":"https:\/\/api.w.org\/{rel}","templated":true}]}}