{"id":6509,"date":"2022-05-25T13:40:40","date_gmt":"2022-05-25T10:40:40","guid":{"rendered":"https:\/\/ich.md\/?p=6509"},"modified":"2022-05-29T09:37:54","modified_gmt":"2022-05-29T06:37:54","slug":"conferinta-stiintifica-internationala-patrimoniul-cultural-cercetare-valorificare-promovare-editia-a-xiv-a-2","status":"publish","type":"post","link":"https:\/\/ich.md\/?p=6509","title":{"rendered":"Conferin\u021ba \u0218tiin\u021bific\u0103 Interna\u021bional\u0103. PATRIMONIUL CULTURAL: CERCETARE, VALORIFICARE, PROMOVARE. Edi\u021bia a XIV-a:"},"content":{"rendered":"\n<p class=\"has-text-align-center\"><strong>Institutul Patrimoniului Cultural<\/strong><\/p>\n\n\n\n<p class=\"has-text-align-center\">\u00een parteneriat cu<\/p>\n\n\n\n<p class=\"has-text-align-center\"><strong>Academia de Muzic\u0103, Teatru \u015fi Arte Plastice<\/strong><strong><\/strong><\/p>\n\n\n\n<p class=\"has-text-align-center\"><strong>Muzeul Na\u0163ional de Etnografie \u015fi Istorie Natural\u0103<\/strong><strong><\/strong><\/p>\n\n\n\n<p class=\"has-text-align-center\"><strong>Institutul Studiul Artelor, Folclor \u015fi Etnologie \u201eM. Rylski\u201d, Kiev, Ukraina<\/strong><strong><\/strong><\/p>\n\n\n\n<p class=\"has-text-align-center\"><strong>Universitatea de Teatru \u015fi Film \u201e\u015e. Rustaveli\u201d, Tbilisi, Georgia<\/strong><strong><\/strong><\/p>\n\n\n\n<p class=\"has-text-align-center\"><strong>Biblioteca municipal\u0103 \u201eB.P. Hasdeu\u201d, Filiala de Arte \u201eTudor Arghezi\u201d<\/strong><strong><\/strong><\/p>\n\n\n\n<p class=\"has-text-align-center\">Organizeaz\u0103 la data de 30-31 mai 2022<\/p>\n\n\n\n<p class=\"has-text-align-center\"><strong>Conferin\u021ba \u0218tiin\u021bific\u0103 Interna\u021bional\u0103<\/strong><strong><\/strong><\/p>\n\n\n\n<p class=\"has-text-align-center\"><em><strong>PATRIMONIUL CULTURAL: CERCETARE, VALORIFICARE, PROMOVARE<\/strong><\/em><strong><\/strong><\/p>\n\n\n\n<p class=\"has-text-align-center\"><strong>Edi\u021bia a XIV-a:<\/strong><strong><\/strong><\/p>\n\n\n\n<p class=\"has-text-align-center\"><strong>Studiind patrimoniul cultural, \u00eei asigur\u0103m viitorul, dezvolt\u0103m inteligen\u021ba \u0219i cercetarea \u0219tiin\u021bific\u0103<\/strong><strong><\/strong><\/p>\n\n\n\n<p><\/p>\n\n\n\n<p class=\"has-text-align-center\"><strong>PROGRAMUL CONFERIN\u021aEI \/ CONFERENCE PROGRAM<\/strong><\/p>\n\n\n\n<p class=\"has-text-align-center\">&nbsp;Luni, 30 mai 2022 \/ Monday, May 30, 2022<\/p>\n\n\n\n<p class=\"has-text-align-center\">9.30 \u2013 11.30<\/p>\n\n\n\n<p class=\"has-text-align-center\"><strong>\u0218EDIN\u021aA PLENAR\u0102 \/&nbsp;PLENARY SESSION<\/strong><\/p>\n\n\n\n<p class=\"has-text-align-center\">Locul desf\u0103\u0219ur\u0103rii: Biblioteca municipal\u0103&nbsp;\u201eB. P. Hasdeu\u201d, Filiala de Arte&nbsp;\u201eTudor Arghezi\u201d<\/p>\n\n\n\n<p class=\"has-text-align-center\">11.30 \u2013 12.30 \u2013 Pauz\u0103 \/ break<\/p>\n\n\n\n<p class=\"has-text-align-center\"><strong>SEC\u021aIUNEA I \/ SECTION I<\/strong><\/p>\n\n\n\n<p class=\"has-text-align-center\">DIMENSIUNI INTERCULTURALE \u00ceN ARTA NA\u021aIONAL\u0102 \/ CULTURAL INTERFERENCES IN NATIONAL ART&nbsp;&nbsp; (ARTE AUDIOVIZUALE \/ AUDIOVISUAL ARTS I)<\/p>\n\n\n\n<p class=\"has-text-align-center\">Luni, 30 mai 2022 \/ Monday, May 30, 2022<\/p>\n\n\n\n<p class=\"has-text-align-center\">12.30-17.00<\/p>\n\n\n\n<p class=\"has-text-align-center\">Locul desf\u0103\u0219ur\u0103rii&nbsp;Biblioteca municipal\u0103&nbsp;\u201eB.P. Hasdeu\u201d, Filiala de Arte&nbsp;\u201eTudor Arghezi\u201d<\/p>\n\n\n\n<p class=\"has-text-align-center\"><strong>SEC\u021aIUNEA II \/ SECTION II<\/strong><\/p>\n\n\n\n<p class=\"has-text-align-center\">DIMENSIUNI INTERCULTURALE \u00ceN ARTA NA\u021aIONAL\u0102 \/ CULTURAL INTERFERENCES IN NATIONAL ART<\/p>\n\n\n\n<p class=\"has-text-align-center\">(ARTE AUDIOVIZUALE \/ AUDIOVISUAL ARTS II)<\/p>\n\n\n\n<p class=\"has-text-align-center\">Mar\u021bi, 31 mai 2022 \/ Tuesday, May 31, 2022<\/p>\n\n\n\n<p class=\"has-text-align-center\">10.00 \u2013 13.00<\/p>\n\n\n\n<p class=\"has-text-align-center\">Locul desf\u0103\u0219ur\u0103rii: Biblioteca municipal\u0103&nbsp;\u201eB. P. Hasdeu\u201d, Filiala de Arte&nbsp;\u201eTudor Arghezi\u201d<\/p>\n\n\n\n<p class=\"has-text-align-center\"><strong>SEC\u0162IUNEA III \/ SECTION III<\/strong><\/p>\n\n\n\n<p class=\"has-text-align-center\">PATRIMONIUL CULTURAL: SPA\u021aIU DE FORMARE \u0218I P\u0102STRARE A IDENTIT\u0102\u021aII \/<\/p>\n\n\n\n<p class=\"has-text-align-center\">CULTURAL HERITAGE: SPACE FOR THE FORMATION AND PRESERVATION OF IDENTITY (I)<\/p>\n\n\n\n<p class=\"has-text-align-center\">Luni, 30 mai 2022 \/ Monday, May 30, 2022<\/p>\n\n\n\n<p class=\"has-text-align-center\">12.30-17.00<\/p>\n\n\n\n<p class=\"has-text-align-center\">Locul desf\u0103\u0219ur\u0103rii: Biblioteca municipal\u0103&nbsp;\u201eB. P. Hasdeu\u201d, Filiala de Arte&nbsp;\u201eTudor Arghezi\u201d<\/p>\n\n\n\n<p class=\"has-text-align-center\"><strong>SEC\u0162IUNEA IV \/ SECTION IV<\/strong><\/p>\n\n\n\n<p class=\"has-text-align-center\">PATRIMONIUL CULTURAL: SPA\u021aIU DE FORMARE \u0218I P\u0102STRARE A IDENTIT\u0102\u021aII \/<\/p>\n\n\n\n<p class=\"has-text-align-center\">CULTURAL HERITAGE: SPACE FOR THE FORMATION AND PRESERVATION OF IDENTITY&nbsp; (II)<\/p>\n\n\n\n<p class=\"has-text-align-center\">Mar\u021bi, 31 mai 2022 \/ Tuesday, May 31, 2022<\/p>\n\n\n\n<p class=\"has-text-align-center\">10.00 \u2013 13.00<\/p>\n\n\n\n<p class=\"has-text-align-center\">Locul desf\u0103\u0219ur\u0103rii: Biblioteca municipal\u0103&nbsp;\u201eB. P. Hasdeu\u201d, Filiala de Arte&nbsp;\u201eTudor Arghezi\u201d<\/p>\n\n\n\n<p class=\"has-text-align-center\"><strong>SEC\u0162IUNEA V \/ SECTION V<\/strong><\/p>\n\n\n\n<p class=\"has-text-align-center\">TRADI\u021aII \u0218I OBICEIURI: ISTORIE \u0218I CONTEMPORANEITATE\/ <\/p>\n\n\n\n<p class=\"has-text-align-center\">TRADITIONS AND CUSTOMS: ANCIENT TIMES AND MODERNITY (I)<\/p>\n\n\n\n<p class=\"has-text-align-center\">Luni, 30 mai 2022 \/ Monday, May 30, 2022<\/p>\n\n\n\n<p class=\"has-text-align-center\">12.30\u201317.00<\/p>\n\n\n\n<p class=\"has-text-align-center\">Locul desf\u0103\u0219ur\u0103rii:&nbsp; IPC, biroul 538<\/p>\n\n\n\n<p class=\"has-text-align-center\"><strong>SEC\u0162IUNEA VI \/ SECTION VI<\/strong><\/p>\n\n\n\n<p class=\"has-text-align-center\">PROCESE ETNICE \u0218I ETNOCULTURALE: ISTORIE, PREZENT \u0218I PERSPECTIVE DE CERCETARE \/ ETHNIC AND ETHNOCULTURAL PROCESSES: HISTORY, PRESENT AND RESEARCH PERSPECTIVES<\/p>\n\n\n\n<p class=\"has-text-align-center\">Luni, 30 mai 2022 \/ Monday, May 30, 2022<\/p>\n\n\n\n<p class=\"has-text-align-center\">12.30-17.00<\/p>\n\n\n\n<p class=\"has-text-align-center\">Locul desf\u0103\u0219ur\u0103rii:&nbsp; IPC, biroul 533<\/p>\n\n\n\n<p class=\"has-text-align-center\"><strong>SEC\u0162IUNEA VII \/ SECTION VII<\/strong><\/p>\n\n\n\n<p class=\"has-text-align-center\">CONSERVARE, VALORIFICARE \u0218I PROMOVARE A PATRIMONIULUI CULTURAL \/<\/p>\n\n\n\n<p class=\"has-text-align-center\">CONSERVATION, VALORIZATION AND PROMOTION OF THE CULTURAL HERITAGE<\/p>\n\n\n\n<p class=\"has-text-align-center\">Mar\u021bi, 31 mai 2022 \/ Tuesday, May 31, 2022<\/p>\n\n\n\n<p class=\"has-text-align-center\">10.00 \u2013 13.00<\/p>\n\n\n\n<p class=\"has-text-align-center\">Locul desf\u0103\u0219ur\u0103rii:&nbsp; IPC, biroul 538<\/p>\n\n\n\n<p class=\"has-text-align-center\"><strong>SEC\u0162IUNEA VIII \/ SECTION VIII<\/strong><\/p>\n\n\n\n<p class=\"has-text-align-center\">TRADI\u021aII \u0218I OBICEIURI: ISTORIE \u0218I CONTEMPORANEITATE\/<\/p>\n\n\n\n<p class=\"has-text-align-center\">TRADITIONS AND CUSTOMS: ANCIENT TIMES AND MODERNITY (II)<\/p>\n\n\n\n<p class=\"has-text-align-center\">Mar\u021bi, 31 mai 2022, \/ Tuesday, May 31, 2022<\/p>\n\n\n\n<p class=\"has-text-align-center\">10.00 \u2013 13.00<\/p>\n\n\n\n<p class=\"has-text-align-center\">Locul desf\u0103\u0219ur\u0103rii:&nbsp; IPC, biroul 533<\/p>\n\n\n\n<p class=\"has-text-align-center\"><strong>Programul \u0219i rezumatele comunic\u0103rilor<\/strong><\/p>\n\n\n<div class=\"ead-preview\"><div class=\"ead-document\" style=\"position: relative;padding-top: 90%;\"><div class=\"ead-iframe-wrapper\"><iframe src=\"\/\/docs.google.com\/viewer?url=http%3A%2F%2Fich.md%2Fwp-content%2Fuploads%2F2022%2F05%2Fprogram-rezumate.conf_.30-31.mai_.2022...-1.pdf&amp;embedded=true&amp;hl=en\" title=\"Embedded Document\" class=\"ead-iframe\" style=\"width: 100%;height: 100%;border: none;position: absolute;left: 0;top: 0;visibility: hidden;\"><\/iframe><\/div>\t\t\t<div class=\"ead-document-loading\" style=\"width:100%;height:100%;position:absolute;left:0;top:0;z-index:10;\">\n\t\t\t\t<div class=\"ead-loading-wrap\">\n\t\t\t\t\t<div class=\"ead-loading-main\">\n\t\t\t\t\t\t<div class=\"ead-loading\">\n\t\t\t\t\t\t\t<img decoding=\"async\" loading=\"lazy\" src=\"https:\/\/ich.md\/wp-content\/plugins\/embed-any-document\/images\/loading.svg\" width=\"55\" height=\"55\" alt=\"Loader\">\n\t\t\t\t\t\t\t<span>Loading&#8230;<\/span>\n\t\t\t\t\t\t<\/div>\n\t\t\t\t\t<\/div>\n\t\t\t\t\t<div class=\"ead-loading-foot\">\n\t\t\t\t\t\t<div class=\"ead-loading-foot-title\">\n\t\t\t\t\t\t\t<img decoding=\"async\" loading=\"lazy\" src=\"https:\/\/ich.md\/wp-content\/plugins\/embed-any-document\/images\/EAD-logo.svg\" alt=\"EAD Logo\" width=\"36\" height=\"23\"\/>\n\t\t\t\t\t\t\t<span>Taking too long?<\/span>\n\t\t\t\t\t\t<\/div>\n\t\t\t\t\t\t<p>\n\t\t\t\t\t\t\t<div class=\"ead-document-btn ead-reload-btn\" role=\"button\">\n\t\t\t\t\t\t\t\t<img decoding=\"async\" loading=\"lazy\" src=\"https:\/\/ich.md\/wp-content\/plugins\/embed-any-document\/images\/reload.svg\" alt=\"Reload\" width=\"12\" height=\"12\"\/> Reload document\t\t\t\t\t\t\t<\/div>\n\t\t\t\t\t\t\t<span>|<\/span>\n\t\t\t\t\t\t\t<a href=\"http:\/\/ich.md\/wp-content\/uploads\/2022\/05\/program-rezumate.conf_.30-31.mai_.2022...-1.pdf\" class=\"ead-document-btn\" target=\"_blank\">\n\t\t\t\t\t\t\t\t<img decoding=\"async\" loading=\"lazy\" src=\"https:\/\/ich.md\/wp-content\/plugins\/embed-any-document\/images\/open.svg\" alt=\"Open\" width=\"12\" height=\"12\"\/> Open in new tab\t\t\t\t\t\t\t<\/a>\n\t\t\t\t\t<\/div>\n\t\t\t\t<\/div>\n\t\t\t<\/div>\n\t\t<\/div><p class=\"embed_download\"><a href=\"http:\/\/ich.md\/wp-content\/uploads\/2022\/05\/program-rezumate.conf_.30-31.mai_.2022...-1.pdf\" download >Download <\/a><\/p><\/div>","protected":false},"excerpt":{"rendered":"<p>Institutul Patrimoniului Cultural \u00een parteneriat cu Academia de Muzic\u0103, Teatru \u015fi Arte Plastice Muzeul Na\u0163ional de Etnografie \u015fi Istorie Natural\u0103 Institutul Studiul Artelor, Folclor \u015fi<span class=\"read-more-link\"><a class=\"read-more\" href=\"https:\/\/ich.md\/?p=6509\">Read More<\/a><\/span><\/p>\n","protected":false},"author":2,"featured_media":6514,"comment_status":"closed","ping_status":"closed","sticky":false,"template":"","format":"standard","meta":[],"categories":[10],"tags":[],"_links":{"self":[{"href":"https:\/\/ich.md\/index.php?rest_route=\/wp\/v2\/posts\/6509"}],"collection":[{"href":"https:\/\/ich.md\/index.php?rest_route=\/wp\/v2\/posts"}],"about":[{"href":"https:\/\/ich.md\/index.php?rest_route=\/wp\/v2\/types\/post"}],"author":[{"embeddable":true,"href":"https:\/\/ich.md\/index.php?rest_route=\/wp\/v2\/users\/2"}],"replies":[{"embeddable":true,"href":"https:\/\/ich.md\/index.php?rest_route=%2Fwp%2Fv2%2Fcomments&post=6509"}],"version-history":[{"count":9,"href":"https:\/\/ich.md\/index.php?rest_route=\/wp\/v2\/posts\/6509\/revisions"}],"predecessor-version":[{"id":6522,"href":"https:\/\/ich.md\/index.php?rest_route=\/wp\/v2\/posts\/6509\/revisions\/6522"}],"wp:featuredmedia":[{"embeddable":true,"href":"https:\/\/ich.md\/index.php?rest_route=\/wp\/v2\/media\/6514"}],"wp:attachment":[{"href":"https:\/\/ich.md\/index.php?rest_route=%2Fwp%2Fv2%2Fmedia&parent=6509"}],"wp:term":[{"taxonomy":"category","embeddable":true,"href":"https:\/\/ich.md\/index.php?rest_route=%2Fwp%2Fv2%2Fcategories&post=6509"},{"taxonomy":"post_tag","embeddable":true,"href":"https:\/\/ich.md\/index.php?rest_route=%2Fwp%2Fv2%2Ftags&post=6509"}],"curies":[{"name":"wp","href":"https:\/\/api.w.org\/{rel}","templated":true}]}}