{"id":6532,"date":"2022-06-20T20:58:01","date_gmt":"2022-06-20T17:58:01","guid":{"rendered":"https:\/\/ich.md\/?p=6532"},"modified":"2022-06-22T11:50:55","modified_gmt":"2022-06-22T08:50:55","slug":"conferinta-stiintifica-internationala-portul-popular-expresie-a-istoriei-si-culturii-neamului","status":"publish","type":"post","link":"https:\/\/ich.md\/?p=6532","title":{"rendered":"CONFERIN\u021aA \u0218TIIN\u021aIFIC\u0102 INTERNA\u021aIONAL\u0102 PORTUL POPULAR \u2013 EXPRESIE A ISTORIEI \u0218I CULTURII NEAMULUI"},"content":{"rendered":"\n<p class=\"has-text-align-center\"><strong>Institutul Patrimoniului Cultural<\/strong><\/p>\n\n\n\n<p class=\"has-text-align-center\">\u00een parteneriat cu<\/p>\n\n\n\n<p class=\"has-text-align-center\"><strong>Muzeul Na\u0163ional de Etnografie \u015fi Istorie Natural\u0103<\/strong><\/p>\n\n\n\n<p class=\"has-text-align-center\"><strong>Universitatea Tehnic\u0103 a Moldovei, Facultatea<\/strong><strong> <\/strong><strong>Textile \u0219i Poligrafie<\/strong><strong><\/strong><\/p>\n\n\n\n<p class=\"has-text-align-center\"><strong>Institutul de Cercet\u0103ri privind Calitatea Societ\u0103\u021bii \u0219i \u0218tiin\u021bele Educa\u021biei, Universitatea \u201eConstantin Br\u00e2ncu\u0219i\u201d din T\u00e2rgu Jiu<\/strong><\/p>\n\n\n\n<p class=\"has-text-align-center\"><strong>Institutul de Studiu a Artelor, Folclor \u0219i Etnologie \u201eM. F. Rylsky\u201d al Academiei Na\u021bionale de \u0218tiin\u021be a Ucrainei, Kiev, Ucraina<\/strong><\/p>\n\n\n\n<p class=\"has-text-align-center\">Organizeaz\u0103 la data de 23-24 iunie 2022<\/p>\n\n\n\n<p class=\"has-text-align-center\"><strong>CONFERIN\u021aA \u0218TIIN\u021aIFIC\u0102 INTERNA\u021aIONAL\u0102<\/strong><\/p>\n\n\n\n<p class=\"has-text-align-center\"><strong>PORTUL POPULAR \u2013 EXPRESIE A ISTORIEI \u0218I CULTURII NEAMULUI<\/strong><\/p>\n\n\n\n<p class=\"has-text-align-center\">Locul desf\u0103\u0219ur\u0103rii:&nbsp; IPC, biroul 533<\/p>\n\n\n\n<p class=\"has-text-align-center\"><strong>Programul \u0219i rezumatele comunic\u0103rilor<\/strong><\/p>\n\n\n<a href=\"https:\/\/ich.md\/wp-content\/uploads\/2022\/06\/PROGRAM.PORT_.20.06.2022.pdf\" class=\"pdfemb-viewer\" style=\"\" data-width=\"max\" data-height=\"max\"  data-toolbar=\"bottom\" data-toolbar-fixed=\"off\">PROGRAM.PORT_.20.06.2022<br\/><\/a>\n<p class=\"wp-block-pdfemb-pdf-embedder-viewer\"><\/p>\n\n\n\n<div class=\"wp-block-file\"><object class=\"wp-block-file__embed\" data=\"https:\/\/ich.md\/wp-content\/uploads\/2022\/06\/PROGRAM.PORT_.20.6.2022.pdf\" type=\"application\/pdf\" style=\"width:100%;height:600px\" aria-label=\"\u00cenglobare pentru \u00cenglobare pentru PROGRAM.PORT_.20.6.2022..\"><\/object><a id=\"wp-block-file--media-abe4b554-5280-4d53-b8b8-1a4e4fcb7805\" href=\"https:\/\/ich.md\/wp-content\/uploads\/2022\/06\/PROGRAM.PORT_.20.6.2022.pdf\">PROGRAM.PORT_.20.6.2022<\/a><a href=\"https:\/\/ich.md\/wp-content\/uploads\/2022\/06\/PROGRAM.PORT_.20.6.2022.pdf\" class=\"wp-block-file__button\" download aria-describedby=\"wp-block-file--media-abe4b554-5280-4d53-b8b8-1a4e4fcb7805\">Descarc\u0103<\/a><\/div>\n","protected":false},"excerpt":{"rendered":"<p>Institutul Patrimoniului Cultural \u00een parteneriat cu Muzeul Na\u0163ional de Etnografie \u015fi Istorie Natural\u0103 Universitatea Tehnic\u0103 a Moldovei, Facultatea Textile \u0219i Poligrafie Institutul de Cercet\u0103ri privind<span class=\"read-more-link\"><a class=\"read-more\" href=\"https:\/\/ich.md\/?p=6532\">Read More<\/a><\/span><\/p>\n","protected":false},"author":2,"featured_media":6264,"comment_status":"closed","ping_status":"closed","sticky":false,"template":"","format":"standard","meta":[],"categories":[10],"tags":[],"_links":{"self":[{"href":"https:\/\/ich.md\/index.php?rest_route=\/wp\/v2\/posts\/6532"}],"collection":[{"href":"https:\/\/ich.md\/index.php?rest_route=\/wp\/v2\/posts"}],"about":[{"href":"https:\/\/ich.md\/index.php?rest_route=\/wp\/v2\/types\/post"}],"author":[{"embeddable":true,"href":"https:\/\/ich.md\/index.php?rest_route=\/wp\/v2\/users\/2"}],"replies":[{"embeddable":true,"href":"https:\/\/ich.md\/index.php?rest_route=%2Fwp%2Fv2%2Fcomments&post=6532"}],"version-history":[{"count":12,"href":"https:\/\/ich.md\/index.php?rest_route=\/wp\/v2\/posts\/6532\/revisions"}],"predecessor-version":[{"id":6553,"href":"https:\/\/ich.md\/index.php?rest_route=\/wp\/v2\/posts\/6532\/revisions\/6553"}],"wp:featuredmedia":[{"embeddable":true,"href":"https:\/\/ich.md\/index.php?rest_route=\/wp\/v2\/media\/6264"}],"wp:attachment":[{"href":"https:\/\/ich.md\/index.php?rest_route=%2Fwp%2Fv2%2Fmedia&parent=6532"}],"wp:term":[{"taxonomy":"category","embeddable":true,"href":"https:\/\/ich.md\/index.php?rest_route=%2Fwp%2Fv2%2Fcategories&post=6532"},{"taxonomy":"post_tag","embeddable":true,"href":"https:\/\/ich.md\/index.php?rest_route=%2Fwp%2Fv2%2Ftags&post=6532"}],"curies":[{"name":"wp","href":"https:\/\/api.w.org\/{rel}","templated":true}]}}