{"id":6554,"date":"2022-06-24T14:21:09","date_gmt":"2022-06-24T11:21:09","guid":{"rendered":"https:\/\/ich.md\/?p=6554"},"modified":"2022-06-28T10:20:01","modified_gmt":"2022-06-28T07:20:01","slug":"la-23-24-iunie-a-avut-loc-conferinta-stiintifica-internationala-portul-popular-expresie-a-istoriei-si-culturii-neamului-editia-a-ii-a","status":"publish","type":"post","link":"https:\/\/ich.md\/?p=6554","title":{"rendered":"La 23-24 iunie a avut loc Conferin\u021ba \u0218tiin\u021bific\u0103 Interna\u021bional\u0103 \u201e PORTUL POPULAR &#8211; EXPRESIE A ISTORIEI \u0218I CULTURII NEAMULUI\u201d. Edi\u021bia a II-a."},"content":{"rendered":"\n<p><\/p>\n\n\n\n<p>La 23-24 iunie 2022 a avut loc Conferin\u021ba \u0218tiin\u021bific\u0103 Interna\u021bional\u0103 cu tema: \u201ePORTUL POPULAR \u2013 EXPRESIE A ISTORIEI \u0218I CULTURII NEAMULUI\u201d (edi\u021bia a II-a), organizat\u0103 de Institutul Patrimoniului Cultural.<\/p>\n\n\n\n<p>Evenimentul a fost realizat \u00een parteneriat cu Muzeul Na\u0163ional de Etnografie \u015fi Istorie Natural\u0103 (Chi\u0219in\u0103u), Universitatea Tehnic\u0103 a Moldovei, Facultatea Textile \u0219i Poligrafie (Chi\u0219in\u0103u), Institutul de Cercet\u0103ri privind Calitatea Societ\u0103\u021bii \u0219i \u0218tiin\u021bele Educa\u021biei, Universitatea \u201eConstantin Br\u00e2ncu\u0219i\u201d (T\u00e2rgu Jiu, Rom\u00e2nia), Institutul de Studiul Artelor, Folclor \u0219i Etnologie \u201eM. F. Rylsky\u201d al Academiei Na\u021bionale de \u0218tiin\u021be a Ucrainei (Kiev, Ucraina).<\/p>\n\n\n\n<p>Lucr\u0103rile conferin\u021bei au avut loc \u00een incinta Institutului Patrimoniului Cultural.<\/p>\n\n\n\n<p>Organizarea conferin\u021bei \u0219tiin\u021bifice \u0219i editarea culegerii de articole, elaborate pe baza comunic\u0103rilor prezentate, este posibil\u0103 gra\u021bie sus\u021binerii financiare, acordate de c\u0103tre Ministerul Educa\u021biei \u0219i Cercet\u0103rii al Republicii Moldova \u0219i Agen\u021bia Na\u021bional\u0103 pentru Cercetare \u0219i Dezvoltare \u00een cadrul proiectului din Programul de Stat (2020\u20132023): 20.80009.1606.02 \u201eEvolu\u021bia tradi\u021biilor \u0219i procese etnice \u00een Republica Moldova: suport teoretic \u0219i aplicativ \u00een promovarea valorilor etnoculturale \u0219i coeziunii sociale\u201d.<\/p>\n\n\n\n<p>Conferin\u021ba s-a desf\u0103\u0219urat \u00een format mixt: participare onsitu \u0219i online.<\/p>\n\n\n\n<p>La edi\u021bia a II-a a Conferin\u021bei \u0218tiin\u021bifice Interna\u021bionale: \u201ePORTUL POPULAR \u2013 EXPRESIE A ISTORIEI \u0218I CULTURII NEAMULUI\u201d<strong>,<\/strong> au participat 54 de cercet\u0103tori din Republica Moldova, Rom\u00e2nia, Republica Kazahstan \u0219i Ucraina.<\/p>\n\n\n\n<p>Discu\u021biile \u0219tiin\u021bifice s-au derulat \u00een cadrul a 4 sec\u021biuni cu urm\u0103toarele arii tematice:<\/p>\n\n\n\n<p>\u2013 PORTUL TRADITIONAL: CARTE DE VIZIT\u0102 \u0218I SURS\u0102 DE MODELARE ETNOCULTURAL\u0102;<\/p>\n\n\n\n<p>\u2013 COSTUMUL TRADITIONAL CA PURT\u0102TOR DE \u00ceNSEMNE ETNOCULTURALE: TRECUT \u0218I ACTUALITATE<\/p>\n\n\n\n<p>\u2013 COSTUMUL TRADI\u021aIONAL CA REFLEXIE A ISTORIEI ETNICE \u0218I FACTOR DE IMPACT IDENTITAR<\/p>\n\n\n\n<p>\u2013 CULTURA TRADI\u021aIONAL\u0102: ARHAISM \u0218I ACTUALITATE.<\/p>\n\n\n\n<p>Data pentru care a fost planificat\u0103 organizarea Conferin\u021bei a fost racordat\u0103 la perioada consacrat\u0103 Zilei Universale a Iei \u0219i Zilei Na\u021bionale a Porului Popular. \u00cen cadrul conferin\u021bei a fost luat\u0103 \u00een dezbatere o mare diversitate de subiecte referitoare la portul tradi\u021bional, care au relevat aspecte istorice, structurale, decorative, aplicative, mentalitare, rituale etc. Discu\u021biile au fost deosebit de interesante, datorit\u0103 particip\u0103rii la conferin\u021b\u0103 a cercet\u0103torilor din mai multe zone etnografice rom\u00e2ne\u0219ti \u0219i, de asemenea, a cercet\u0103torilor care s-au referit la vestimenta\u021bia tradi\u021bional\u0103, specific\u0103 altor arii etnice (slav\u0103, turcic\u0103, evreiasc\u0103, rom\u0103, greac\u0103 etc). Acest fapt a oferit posibilitatea unor prodigioase discu\u021bii \u00een aspect comparativ, \u00een cadrul c\u0103rora au fost remarcate similitudini \u0219i diferen\u021be, ce \u021bin de imaginea, simbolurile, arhetipurile, concep\u021biile, cadrul ritualic \u0219i cotidian de utilizare a ansamblurilor de \u00eembr\u0103c\u0103minte tradi\u021bionale sau doar a unor piese vestimentare sau de podoab\u0103.<\/p>\n\n\n\n<p>Lucr\u0103rile conferin\u021bei au scos \u00een eviden\u021b\u0103 anumite probleme de interes comun \u00een domeniul revalorific\u0103rii corecte a vestimenta\u021biei tradi\u021bionale autentice, precum \u0219i a instruirii cadrelor \u00een sarcina c\u0103rora se afl\u0103 realizarea acestui proces. Au fost propuse solu\u021bii, fiind reiterat\u0103 importan\u021ba promov\u0103rii portului tradi\u021bional autentic, \u00een vederea recuper\u0103rii identit\u0103\u021bii etnice, a sentimentului de m\u00e2ndrie de neam \u0219i de respect pentru valorile tradi\u021bionale ale altora.<\/p>\n\n\n\n<div class=\"wp-block-columns is-layout-flex wp-container-2\">\n<div class=\"wp-block-column is-layout-flow\" style=\"flex-basis:100%\">\n<figure class=\"wp-block-image size-large\"><a href=\"https:\/\/ich.md\/wp-content\/uploads\/2022\/06\/IMG_4733-scaled.jpg\"><img decoding=\"async\" loading=\"lazy\" width=\"1024\" height=\"683\" src=\"https:\/\/ich.md\/wp-content\/uploads\/2022\/06\/IMG_4733-1024x683.jpg\" alt=\"\" class=\"wp-image-6695\"\/><\/a><\/figure>\n<\/div>\n<\/div>\n\n\n\n<figure class=\"wp-block-image size-large\"><a href=\"https:\/\/ich.md\/wp-content\/uploads\/2022\/06\/IMG_4719-scaled.jpg\"><img decoding=\"async\" loading=\"lazy\" width=\"1024\" height=\"683\" src=\"https:\/\/ich.md\/wp-content\/uploads\/2022\/06\/IMG_4719-1024x683.jpg\" alt=\"\" class=\"wp-image-6693\"\/><\/a><\/figure>\n\n\n\n<figure class=\"wp-block-image size-large\"><a href=\"https:\/\/ich.md\/wp-content\/uploads\/2022\/06\/IMG_4724-scaled.jpg\"><img decoding=\"async\" loading=\"lazy\" width=\"1024\" height=\"683\" src=\"https:\/\/ich.md\/wp-content\/uploads\/2022\/06\/IMG_4724-1024x683.jpg\" alt=\"\" class=\"wp-image-6694\"\/><\/a><\/figure>\n\n\n\n<figure class=\"wp-block-image size-large\"><a href=\"https:\/\/ich.md\/wp-content\/uploads\/2022\/06\/IMG_4742-1-scaled.jpg\"><img decoding=\"async\" loading=\"lazy\" width=\"1024\" height=\"683\" src=\"https:\/\/ich.md\/wp-content\/uploads\/2022\/06\/IMG_4742-1-1024x683.jpg\" alt=\"\" class=\"wp-image-6697\"\/><\/a><\/figure>\n\n\n\n<figure class=\"wp-block-image size-large\"><a href=\"https:\/\/ich.md\/wp-content\/uploads\/2022\/06\/IMG_4751-scaled.jpg\"><img decoding=\"async\" loading=\"lazy\" width=\"1024\" height=\"683\" src=\"https:\/\/ich.md\/wp-content\/uploads\/2022\/06\/IMG_4751-1024x683.jpg\" alt=\"\" class=\"wp-image-6700\"\/><\/a><\/figure>\n\n\n\n<figure class=\"wp-block-image size-large\"><a href=\"https:\/\/ich.md\/wp-content\/uploads\/2022\/06\/IMG_4763-scaled.jpg\"><img decoding=\"async\" loading=\"lazy\" width=\"1024\" height=\"683\" src=\"https:\/\/ich.md\/wp-content\/uploads\/2022\/06\/IMG_4763-1024x683.jpg\" alt=\"\" class=\"wp-image-6701\"\/><\/a><\/figure>\n\n\n\n<figure class=\"wp-block-image size-large\"><a href=\"https:\/\/ich.md\/wp-content\/uploads\/2022\/06\/IMG_4795-scaled.jpg\"><img decoding=\"async\" loading=\"lazy\" width=\"1024\" height=\"683\" src=\"https:\/\/ich.md\/wp-content\/uploads\/2022\/06\/IMG_4795-1024x683.jpg\" alt=\"\" class=\"wp-image-6706\"\/><\/a><\/figure>\n\n\n\n<figure class=\"wp-block-image size-large\"><a href=\"https:\/\/ich.md\/wp-content\/uploads\/2022\/06\/IMG_4820-scaled.jpg\"><img decoding=\"async\" loading=\"lazy\" width=\"1024\" height=\"683\" src=\"https:\/\/ich.md\/wp-content\/uploads\/2022\/06\/IMG_4820-1024x683.jpg\" alt=\"\" class=\"wp-image-6714\"\/><\/a><\/figure>\n\n\n\n<figure class=\"wp-block-image size-large\"><a href=\"https:\/\/ich.md\/wp-content\/uploads\/2022\/06\/IMG_4785-scaled.jpg\"><img decoding=\"async\" loading=\"lazy\" width=\"1024\" height=\"683\" src=\"https:\/\/ich.md\/wp-content\/uploads\/2022\/06\/IMG_4785-1024x683.jpg\" alt=\"\" class=\"wp-image-6705\"\/><\/a><\/figure>\n\n\n\n<figure class=\"wp-block-image size-large\"><a href=\"https:\/\/ich.md\/wp-content\/uploads\/2022\/06\/IMG_4796-scaled.jpg\"><img decoding=\"async\" loading=\"lazy\" width=\"1024\" height=\"683\" src=\"https:\/\/ich.md\/wp-content\/uploads\/2022\/06\/IMG_4796-1024x683.jpg\" alt=\"\" class=\"wp-image-6707\"\/><\/a><\/figure>\n\n\n\n<figure class=\"wp-block-image size-large\"><a href=\"https:\/\/ich.md\/wp-content\/uploads\/2022\/06\/IMG_4770-1-scaled.jpg\"><img decoding=\"async\" loading=\"lazy\" width=\"1024\" height=\"683\" src=\"https:\/\/ich.md\/wp-content\/uploads\/2022\/06\/IMG_4770-1-1024x683.jpg\" alt=\"\" class=\"wp-image-6708\"\/><\/a><\/figure>\n\n\n\n<figure class=\"wp-block-image size-large\"><a href=\"https:\/\/ich.md\/wp-content\/uploads\/2022\/06\/IMG_4813-scaled.jpg\"><img decoding=\"async\" loading=\"lazy\" width=\"1024\" height=\"683\" src=\"https:\/\/ich.md\/wp-content\/uploads\/2022\/06\/IMG_4813-1024x683.jpg\" alt=\"\" class=\"wp-image-6711\"\/><\/a><\/figure>\n","protected":false},"excerpt":{"rendered":"<p>La 23-24 iunie 2022 a avut loc Conferin\u021ba \u0218tiin\u021bific\u0103 Interna\u021bional\u0103 cu tema: \u201ePORTUL POPULAR \u2013 EXPRESIE A ISTORIEI \u0218I CULTURII NEAMULUI\u201d (edi\u021bia a II-a), organizat\u0103<span class=\"read-more-link\"><a class=\"read-more\" href=\"https:\/\/ich.md\/?p=6554\">Read More<\/a><\/span><\/p>\n","protected":false},"author":2,"featured_media":6265,"comment_status":"closed","ping_status":"closed","sticky":false,"template":"","format":"standard","meta":[],"categories":[10],"tags":[],"_links":{"self":[{"href":"https:\/\/ich.md\/index.php?rest_route=\/wp\/v2\/posts\/6554"}],"collection":[{"href":"https:\/\/ich.md\/index.php?rest_route=\/wp\/v2\/posts"}],"about":[{"href":"https:\/\/ich.md\/index.php?rest_route=\/wp\/v2\/types\/post"}],"author":[{"embeddable":true,"href":"https:\/\/ich.md\/index.php?rest_route=\/wp\/v2\/users\/2"}],"replies":[{"embeddable":true,"href":"https:\/\/ich.md\/index.php?rest_route=%2Fwp%2Fv2%2Fcomments&post=6554"}],"version-history":[{"count":7,"href":"https:\/\/ich.md\/index.php?rest_route=\/wp\/v2\/posts\/6554\/revisions"}],"predecessor-version":[{"id":6716,"href":"https:\/\/ich.md\/index.php?rest_route=\/wp\/v2\/posts\/6554\/revisions\/6716"}],"wp:featuredmedia":[{"embeddable":true,"href":"https:\/\/ich.md\/index.php?rest_route=\/wp\/v2\/media\/6265"}],"wp:attachment":[{"href":"https:\/\/ich.md\/index.php?rest_route=%2Fwp%2Fv2%2Fmedia&parent=6554"}],"wp:term":[{"taxonomy":"category","embeddable":true,"href":"https:\/\/ich.md\/index.php?rest_route=%2Fwp%2Fv2%2Fcategories&post=6554"},{"taxonomy":"post_tag","embeddable":true,"href":"https:\/\/ich.md\/index.php?rest_route=%2Fwp%2Fv2%2Ftags&post=6554"}],"curies":[{"name":"wp","href":"https:\/\/api.w.org\/{rel}","templated":true}]}}