{"id":6736,"date":"2022-07-26T12:43:00","date_gmt":"2022-07-26T09:43:00","guid":{"rendered":"https:\/\/ich.md\/?p=6736"},"modified":"2022-08-03T14:11:11","modified_gmt":"2022-08-03T11:11:11","slug":"masa-rotunda-pictorul-si-graficianul-dumitru-trifan-85-de-ani-de-la-nastere","status":"publish","type":"post","link":"https:\/\/ich.md\/?p=6736","title":{"rendered":"Masa rotund\u0103: PICTORUL \u0218I GRAFICIANUL DUMITRU TRIFAN: 85 DE ANI DE LA NA\u0218TERE"},"content":{"rendered":"\n<p class=\"has-text-align-center\"><strong>INSTITUTUL PATRIMONIULUI CULTURAL<\/strong><\/p>\n\n\n\n<p class=\"has-text-align-center\"><strong>CENTRUL STUDIUL ARTELOR<\/strong><\/p>\n\n\n\n<p class=\"has-text-align-center\">Anun\u021b\u0103 organizarea<\/p>\n\n\n\n<p class=\"has-text-align-center\">Mesei rotunde<\/p>\n\n\n\n<p class=\"has-text-align-center\">PICTORUL \u0218I GRAFICIANUL DUMITRU TRIFAN:<\/p>\n\n\n\n<p class=\"has-text-align-center\">85 DE ANI DE LA NA\u0218TERE<\/p>\n\n\n\n<p class=\"has-text-align-center\">dedicat\u0103 vie\u021bii \u0219i crea\u021biei artistului<\/p>\n\n\n<div class=\"wp-block-image\">\n<figure class=\"aligncenter size-full is-resized\"><a href=\"https:\/\/ich.md\/wp-content\/uploads\/2022\/07\/Photo_D_Trifan.png\"><img decoding=\"async\" loading=\"lazy\" src=\"https:\/\/ich.md\/wp-content\/uploads\/2022\/07\/Photo_D_Trifan.png\" alt=\"\" class=\"wp-image-6737\" width=\"173\" height=\"318\"\/><\/a><\/figure><\/div>\n\n\n<p>Lucr\u0103rile mesei rotunde vor avea loc la <strong>15 Septembrie 2022<\/strong> \u00een incinta Institutului Patrimoniului Cultural, sala 538, bd. \u0218tefan cel Mare \u0219i Sf\u00e2nt, 1.<\/p>\n\n\n\n<p>Forma desf\u0103\u0219ur\u0103rii conferin\u021bei:&nbsp;<strong>mixt\u0103 (direct\u0103 \u0219i online)<\/strong><\/p>\n\n\n\n<p>Comunic\u0103rile vor aborda subiecte referitoare at\u00e2t la via\u021ba \u0219i crea\u021bia artistului plastic Dumitru Trifan, c\u00e2t \u0219i reflec\u021bii asupra picturii \u0219i graficii de carte na\u021bionale din perioada sovietic\u0103.<\/p>\n\n\n\n<p>Comunic\u0103rile nu vor dep\u0103\u0219i 15 minute.<\/p>\n\n\n\n<p>Propunerile de participare vor fi trimise p\u00e2n\u0103 la data de 31 august 2022 la adresa:<\/p>\n\n\n\n<p><strong><em>trifanaurelia@mail.ru<\/em><\/strong> \u015fi vor include: numele, prenumele participantului, titlul \u0219tiin\u021bific \u0219i afilierea institu\u021bional\u0103, titlul comunic\u0103rii, datele de contact.<\/p>\n\n\n\n<p>Reuniunea \u0219tiin\u021bific\u0103 este organizat\u0103 \u00een cadrul Programului de Stat: <em>Dimensiunea identitar\u0103 a artelor din Republica Moldova ca factor activ al dezvolt\u0103rii durabile a societ\u0103\u021bii \u00een contextul dialogului intercultural european<\/em>.<\/p>\n\n\n\n<p>A\u0219tept\u0103m propunerile Dumneavoastr\u0103.<\/p>\n\n\n\n<p>Comitetul de organizare<\/p>\n\n\n\n<p>Pentru informa\u021bii: +373 68279995<\/p>\n","protected":false},"excerpt":{"rendered":"<p>INSTITUTUL PATRIMONIULUI CULTURAL CENTRUL STUDIUL ARTELOR Anun\u021b\u0103 organizarea Mesei rotunde PICTORUL \u0218I GRAFICIANUL DUMITRU TRIFAN: 85 DE ANI DE LA NA\u0218TERE dedicat\u0103 vie\u021bii \u0219i crea\u021biei<span class=\"read-more-link\"><a class=\"read-more\" href=\"https:\/\/ich.md\/?p=6736\">Read More<\/a><\/span><\/p>\n","protected":false},"author":2,"featured_media":6755,"comment_status":"closed","ping_status":"closed","sticky":false,"template":"","format":"standard","meta":[],"categories":[10],"tags":[],"_links":{"self":[{"href":"https:\/\/ich.md\/index.php?rest_route=\/wp\/v2\/posts\/6736"}],"collection":[{"href":"https:\/\/ich.md\/index.php?rest_route=\/wp\/v2\/posts"}],"about":[{"href":"https:\/\/ich.md\/index.php?rest_route=\/wp\/v2\/types\/post"}],"author":[{"embeddable":true,"href":"https:\/\/ich.md\/index.php?rest_route=\/wp\/v2\/users\/2"}],"replies":[{"embeddable":true,"href":"https:\/\/ich.md\/index.php?rest_route=%2Fwp%2Fv2%2Fcomments&post=6736"}],"version-history":[{"count":5,"href":"https:\/\/ich.md\/index.php?rest_route=\/wp\/v2\/posts\/6736\/revisions"}],"predecessor-version":[{"id":6756,"href":"https:\/\/ich.md\/index.php?rest_route=\/wp\/v2\/posts\/6736\/revisions\/6756"}],"wp:featuredmedia":[{"embeddable":true,"href":"https:\/\/ich.md\/index.php?rest_route=\/wp\/v2\/media\/6755"}],"wp:attachment":[{"href":"https:\/\/ich.md\/index.php?rest_route=%2Fwp%2Fv2%2Fmedia&parent=6736"}],"wp:term":[{"taxonomy":"category","embeddable":true,"href":"https:\/\/ich.md\/index.php?rest_route=%2Fwp%2Fv2%2Fcategories&post=6736"},{"taxonomy":"post_tag","embeddable":true,"href":"https:\/\/ich.md\/index.php?rest_route=%2Fwp%2Fv2%2Ftags&post=6736"}],"curies":[{"name":"wp","href":"https:\/\/api.w.org\/{rel}","templated":true}]}}