{"id":6744,"date":"2022-08-03T13:35:37","date_gmt":"2022-08-03T10:35:37","guid":{"rendered":"https:\/\/ich.md\/?p=6744"},"modified":"2022-08-17T14:31:50","modified_gmt":"2022-08-17T11:31:50","slug":"6744","status":"publish","type":"post","link":"https:\/\/ich.md\/?p=6744","title":{"rendered":"Masa rotund\u0103: GHEORGHE MADAN: 150 DE ANI DE LA NA\u0218TERE, Chi\u0219in\u0103u, 8 septembrie 2022"},"content":{"rendered":"\n<p class=\"has-text-align-center\">Institutul Patrimoniului Cultural<\/p>\n\n\n\n<p class=\"has-text-align-center\">Centrul de Etnologie<\/p>\n\n\n\n<p class=\"has-text-align-center\">anun\u021b\u0103<\/p>\n\n\n\n<p class=\"has-text-align-center\">organizarea <strong>Mesei rotunde <\/strong>cu genericul:<strong><\/strong><\/p>\n\n\n\n<p class=\"has-text-align-center\"><strong>GHEORGHE MADAN: 150 DE ANI DE LA NA\u0218TERE<\/strong><\/p>\n\n\n\n<p class=\"has-text-align-center\">Chi\u0219in\u0103u,<strong> 8 septembrie 2022<\/strong><\/p>\n\n\n<div class=\"wp-block-image\">\n<figure class=\"aligncenter size-full\"><a href=\"https:\/\/ich.md\/wp-content\/uploads\/2022\/08\/Gheorghe_Madan-1.jpg\"><img decoding=\"async\" loading=\"lazy\" width=\"216\" height=\"346\" src=\"https:\/\/ich.md\/wp-content\/uploads\/2022\/08\/Gheorghe_Madan-1.jpg\" alt=\"\" class=\"wp-image-6746\"\/><\/a><\/figure><\/div>\n\n\n<p>Comunic\u0103rile vor aborda subiecte referitoare la ariile tematice:<\/p>\n\n\n\n<ul><li><em>Via\u021ba \u0219i opera prozatorului \u0219i folcloristului Gheorghe Madan<\/em><\/li><li><em>Contribu\u021bia folcloristului Gheorghe Madan la reflectarea \u0219i valorificarea mo\u0219tenirii culturale<\/em><\/li><\/ul>\n\n\n\n<p>Persoanele, interesate s\u0103 participe la Masa rotund\u0103, trebuie s\u0103 expedieze titlul comunic\u0103rii \u0219i un rezumat (\u00een volum de\u00a0<strong>1800-2000<\/strong>\u00a0de semne cu spa\u0163ii) p\u00e2n\u0103 la <strong>26 august 2022 <\/strong>la adresa: <a href=\"mailto:simpozionetnologie@gmail.com\">simpozionetnologie@gmail.com<\/a>.<\/p>\n\n\n\n<p>Manifestarea \u0219tiin\u021bific\u0103 face parte din ac\u021biunile planificate \u00een cadrul proiectului din cadrul Programului de Stat (2020\u20132023): 20.80009.1606.02 \u201eEvolu\u021bia tradi\u021biilor \u0219i procese etnice \u00een Republica Moldova: suport teoretic \u0219i aplicativ \u00een promovarea valorilor etnoculturale \u0219i coeziunii sociale\u201d.<\/p>\n\n\n\n<p><strong>Comitetul de organizare<\/strong><\/p>\n","protected":false},"excerpt":{"rendered":"<p>Institutul Patrimoniului Cultural Centrul de Etnologie anun\u021b\u0103 organizarea Mesei rotunde cu genericul: GHEORGHE MADAN: 150 DE ANI DE LA NA\u0218TERE Chi\u0219in\u0103u, 8 septembrie 2022 Comunic\u0103rile<span class=\"read-more-link\"><a class=\"read-more\" href=\"https:\/\/ich.md\/?p=6744\">Read More<\/a><\/span><\/p>\n","protected":false},"author":2,"featured_media":6753,"comment_status":"closed","ping_status":"closed","sticky":false,"template":"","format":"standard","meta":[],"categories":[10],"tags":[],"_links":{"self":[{"href":"https:\/\/ich.md\/index.php?rest_route=\/wp\/v2\/posts\/6744"}],"collection":[{"href":"https:\/\/ich.md\/index.php?rest_route=\/wp\/v2\/posts"}],"about":[{"href":"https:\/\/ich.md\/index.php?rest_route=\/wp\/v2\/types\/post"}],"author":[{"embeddable":true,"href":"https:\/\/ich.md\/index.php?rest_route=\/wp\/v2\/users\/2"}],"replies":[{"embeddable":true,"href":"https:\/\/ich.md\/index.php?rest_route=%2Fwp%2Fv2%2Fcomments&post=6744"}],"version-history":[{"count":5,"href":"https:\/\/ich.md\/index.php?rest_route=\/wp\/v2\/posts\/6744\/revisions"}],"predecessor-version":[{"id":6763,"href":"https:\/\/ich.md\/index.php?rest_route=\/wp\/v2\/posts\/6744\/revisions\/6763"}],"wp:featuredmedia":[{"embeddable":true,"href":"https:\/\/ich.md\/index.php?rest_route=\/wp\/v2\/media\/6753"}],"wp:attachment":[{"href":"https:\/\/ich.md\/index.php?rest_route=%2Fwp%2Fv2%2Fmedia&parent=6744"}],"wp:term":[{"taxonomy":"category","embeddable":true,"href":"https:\/\/ich.md\/index.php?rest_route=%2Fwp%2Fv2%2Fcategories&post=6744"},{"taxonomy":"post_tag","embeddable":true,"href":"https:\/\/ich.md\/index.php?rest_route=%2Fwp%2Fv2%2Ftags&post=6744"}],"curies":[{"name":"wp","href":"https:\/\/api.w.org\/{rel}","templated":true}]}}