{"id":6766,"date":"2022-08-25T11:17:59","date_gmt":"2022-08-25T08:17:59","guid":{"rendered":"https:\/\/ich.md\/?p=6766"},"modified":"2022-08-25T11:27:52","modified_gmt":"2022-08-25T08:27:52","slug":"necrolog-2","status":"publish","type":"post","link":"https:\/\/ich.md\/?p=6766","title":{"rendered":"Necrolog"},"content":{"rendered":"\n<p>Institutul Patrimoniului Cultural transmite profundul regret \u0219i cele mai sincere condolean\u021be colegilor, familiei \u00eendoliate, \u00een leg\u0103tur\u0103 cu trecerea la cele ve\u0219nice a doamnei Lucheria Repida, doctor habilitat, cercet\u0103tor \u0219tiin\u021bific principal, care a activat la Institutul Minorit\u0103\u021bilor Na\u021bionale al A\u0218M (mai t\u00e2rziu \u2013 Institutul de Studii Interetnice; Centrul de Etnologie al Institutului Patrimoniului Cultural).<\/p>\n\n\n\n<p>Colectivul Institutului \u00ee\u0219i exprim\u0103 solidaritatea \u00een acest timp de profund\u0103 triste\u021be, sprijinindu-i cu g\u00e2ndul \u0219i cu inima pe cei \u00eendurera\u021bi.<\/p>\n\n\n\n<p>Dumnezeu s\u0103-i odihneasc\u0103 sufletul \u00een pace,&nbsp;iar familiei s\u0103-i dea t\u0103ria s\u0103 treac\u0103 marea suferin\u021b\u0103 \u00een acest moment dureros.<\/p>\n\n\n\n<p>Cu prilejul anivers\u0103rii a 100 ani de la na\u0219tere la 22 mai 2022, \u00een revista de Etnologie \u0219i Culturologie a IPC a fost publicat un articol, plas\u0103m acest material \u00een memoria Lucheriei Repida.<\/p>\n\n\n<a href=\"https:\/\/ich.md\/wp-content\/uploads\/2022\/08\/10.Repida_-REC.Vol_.31.2022-9.pdf\" class=\"pdfemb-viewer\" style=\"\" data-width=\"max\" data-height=\"max\"  data-toolbar=\"bottom\" data-toolbar-fixed=\"off\">10.Repida_-REC.Vol_.31.2022-9<br\/><\/a>\n<p class=\"wp-block-pdfemb-pdf-embedder-viewer\"><\/p>\n\n\n\n<p>  <a href=\"https:\/\/ethnology.ich.md\/wp-content\/uploads\/10.Repida_-REC.Vol_.31.2022-9.pdf\">https:\/\/ethnology.ich.md\/wp-content\/uploads\/10.Repida_-REC.Vol_.31.2022-9.pdf<\/a><\/p>\n","protected":false},"excerpt":{"rendered":"<p>Institutul Patrimoniului Cultural transmite profundul regret \u0219i cele mai sincere condolean\u021be colegilor, familiei \u00eendoliate, \u00een leg\u0103tur\u0103 cu trecerea la cele ve\u0219nice a doamnei Lucheria Repida,<span class=\"read-more-link\"><a class=\"read-more\" href=\"https:\/\/ich.md\/?p=6766\">Read More<\/a><\/span><\/p>\n","protected":false},"author":2,"featured_media":5193,"comment_status":"closed","ping_status":"closed","sticky":false,"template":"","format":"standard","meta":[],"categories":[10],"tags":[],"_links":{"self":[{"href":"https:\/\/ich.md\/index.php?rest_route=\/wp\/v2\/posts\/6766"}],"collection":[{"href":"https:\/\/ich.md\/index.php?rest_route=\/wp\/v2\/posts"}],"about":[{"href":"https:\/\/ich.md\/index.php?rest_route=\/wp\/v2\/types\/post"}],"author":[{"embeddable":true,"href":"https:\/\/ich.md\/index.php?rest_route=\/wp\/v2\/users\/2"}],"replies":[{"embeddable":true,"href":"https:\/\/ich.md\/index.php?rest_route=%2Fwp%2Fv2%2Fcomments&post=6766"}],"version-history":[{"count":6,"href":"https:\/\/ich.md\/index.php?rest_route=\/wp\/v2\/posts\/6766\/revisions"}],"predecessor-version":[{"id":6773,"href":"https:\/\/ich.md\/index.php?rest_route=\/wp\/v2\/posts\/6766\/revisions\/6773"}],"wp:featuredmedia":[{"embeddable":true,"href":"https:\/\/ich.md\/index.php?rest_route=\/wp\/v2\/media\/5193"}],"wp:attachment":[{"href":"https:\/\/ich.md\/index.php?rest_route=%2Fwp%2Fv2%2Fmedia&parent=6766"}],"wp:term":[{"taxonomy":"category","embeddable":true,"href":"https:\/\/ich.md\/index.php?rest_route=%2Fwp%2Fv2%2Fcategories&post=6766"},{"taxonomy":"post_tag","embeddable":true,"href":"https:\/\/ich.md\/index.php?rest_route=%2Fwp%2Fv2%2Ftags&post=6766"}],"curies":[{"name":"wp","href":"https:\/\/api.w.org\/{rel}","templated":true}]}}