{"id":6778,"date":"2022-09-06T13:20:34","date_gmt":"2022-09-06T10:20:34","guid":{"rendered":"https:\/\/ich.md\/?p=6778"},"modified":"2022-09-07T17:13:55","modified_gmt":"2022-09-07T14:13:55","slug":"masa-rotunda-gheorghe-v-madan-150-de-ani-de-la-nastere","status":"publish","type":"post","link":"https:\/\/ich.md\/?p=6778","title":{"rendered":"Masa rotund\u0103 GHEORGHE V. MADAN: 150 DE ANI DE LA NA\u0218TERE"},"content":{"rendered":"\n<p class=\"has-text-align-center\"><strong>Joi, 8 septembrie 2022<\/strong><\/p>\n\n\n\n<p class=\"has-text-align-center\"><strong>13.00-16.00<\/strong><\/p>\n\n\n\n<p class=\"has-text-align-center\"><strong>\u00een incinta Institutului Patrimoniului Cultural<\/strong><\/p>\n\n\n\n<p class=\"has-text-align-center\"><strong>va avea loc<\/strong><\/p>\n\n\n\n<p class=\"has-text-align-center\"><strong>Masa rotund\u0103<\/strong><strong><\/strong><\/p>\n\n\n\n<p class=\"has-text-align-center\"><strong>GHEORGHE V. MADAN: <\/strong><strong><\/strong><\/p>\n\n\n\n<p class=\"has-text-align-center\"><strong>150 DE ANI DE LA NA\u0218TERE<\/strong><strong><\/strong><\/p>\n\n\n\n<p><\/p>\n\n\n\n<p class=\"has-text-align-center\"><strong>PROGRAMUL<\/strong><\/p>\n\n\n\n<p class=\"has-text-align-center\"><strong>Moderatori:<\/strong><\/p>\n\n\n\n<p class=\"has-text-align-center\">Raisa OSADCI, \u0219ef Sec\u021bie Etnologie Rom\u00e2neasc\u0103<\/p>\n\n\n\n<p class=\"has-text-align-center\">Dr. Adrian DOLGHI, cercet\u0103tor \u0219tiin\u021bific coordonator IPC<\/p>\n\n\n\n<p class=\"has-text-align-center\"><strong>Mesaj de salut<\/strong><\/p>\n\n\n\n<p class=\"has-text-align-center\">Dr. Natalia GR\u0102DINARU, secretar \u0219tiin\u021bific al IPC<\/p>\n\n\n\n<p class=\"has-text-align-center\"><strong>Comunic\u0103ri:<\/strong><\/p>\n\n\n\n<p class=\"has-text-align-center\"><strong><em>Via\u021ba \u0219i opera lui Gheorghe V. Madan \u00een contextul realit\u0103\u021bilor istorice \u0219i politice<\/em><\/strong><\/p>\n\n\n\n<p class=\"has-text-align-center\">Dr. Adrian DOLGHI, cercet\u0103tor \u0219tiin\u021bific coordonator IPC<\/p>\n\n\n\n<p class=\"has-text-align-center\"><strong><em>Contribu\u021bia <\/em><\/strong><strong><em>lui Gheorghe V. Madan la cunoa\u0219terea culturii spirituale a oamenilor locului, multitudinea speciilor, variantelor \u0219i formelor \u00een circula\u021bie<\/em><\/strong><\/p>\n\n\n\n<p class=\"has-text-align-center\">Dr. Tamara MACOVEI, cercet\u0103tor \u0219tiin\u021bific coordonator, MNEIN<\/p>\n\n\n\n<p class=\"has-text-align-center\"><strong><em>Gheorghe V. Madan despre educa\u021bie<\/em><\/strong><strong><em><\/em><\/strong><\/p>\n\n\n\n<p class=\"has-text-align-center\">Dr. Valentina URSU, cercet\u0103tor \u0219tiin\u021bific superior IPC<\/p>\n\n\n\n<p class=\"has-text-align-center\"><strong><em>Obiceiurile de na\u0219tere \u0219i cele de nunt\u0103, reflectate \u00een opera lui <\/em><\/strong><strong><em>Gheorghe V. Madan<\/em><\/strong><\/p>\n\n\n\n<p class=\"has-text-align-center\">Dr. Natalia GR\u0102DINARU, cercet\u0103tor \u0219tiin\u021bific coordonator IPC<\/p>\n\n\n\n<p class=\"has-text-align-center\"><strong><em>Obiceiurile de \u00eenmorm\u00e2ntare, reflectate \u00een lucr\u0103rile<\/em><\/strong><\/p>\n\n\n\n<p class=\"has-text-align-center\"><strong><em>lui Gheorghe V. Madan<\/em><\/strong><\/p>\n\n\n\n<p class=\"has-text-align-center\">Carolina COTOMAN, cercet\u0103tor \u0219tiin\u021bific IPC<\/p>\n\n\n\n<p class=\"has-text-align-center\"><strong><em>Aspecte ale stratific\u0103rii sociale \u00een mediul tradi\u021bional, elucidat \u00een opera lui <\/em><\/strong><strong><em>Gheorghe V. Madan<\/em><\/strong><\/p>\n\n\n\n<p class=\"has-text-align-center\">Sorin GR\u0102JDARI, cercet\u0103tor \u0219tiin\u021bific IPC<\/p>\n\n\n\n<p class=\"has-text-align-center\"><strong><em>Reflectarea \u00eendeletnicirilor tradi\u021bionale \u00een lucr\u0103rile<\/em><\/strong><\/p>\n\n\n\n<p class=\"has-text-align-center\"><strong><em>lui Gheorghe V. Madan<\/em><\/strong><\/p>\n\n\n\n<p class=\"has-text-align-center\">Ina ISAC, cercet\u0103tor \u0219tiin\u021bific IPC<\/p>\n\n\n\n<p class=\"has-text-align-center\"><strong><em>Practicarea comer\u021bului \u00een spa\u021biul \u0219i perioadele, elucidate \u00een scrierile lui <\/em><\/strong><strong><em>Gheorghe V. Madan<\/em><\/strong><\/p>\n\n\n\n<p class=\"has-text-align-center\">Adriana BUTNARU, cercet\u0103tor \u0219tiin\u021bific IPC<\/p>\n\n\n\n<p class=\"has-text-align-center\"><strong><em>Descrieri etnografice ale locuin\u021bei \u0219i gospod\u0103riei tradi\u021bionale \u00een opera lui <\/em><\/strong><strong><em>Gheorghe V. Madan<\/em><\/strong><\/p>\n\n\n\n<p class=\"has-text-align-center\">Dr. Sergiu SUVAC, cercet\u0103tor \u0219tiin\u021bific IPC<\/p>\n\n\n\n<p class=\"has-text-align-center\"><strong><em>Aspecte ale categoriilor de v\u00e2rst\u0103 \u0219i gen, relevate<\/em><\/strong><\/p>\n\n\n\n<p class=\"has-text-align-center\"><strong><em>\u00een scrierile lui <\/em><\/strong><strong><em>Gheorghe V. Madan<\/em><\/strong><\/p>\n\n\n\n<p class=\"has-text-align-center\">Raisa OSADCI, cercet\u0103tor \u0219tiin\u021bific IPC<\/p>\n\n\n\n<p class=\"has-text-align-center\"><strong>Discu\u021bii<\/strong><\/p>\n\n\n<a href=\"https:\/\/ich.md\/wp-content\/uploads\/2022\/09\/Masa_Rotunda_Gh.Madan_.8_septembrie_2022-1.pdf\" class=\"pdfemb-viewer\" style=\"\" data-width=\"max\" data-height=\"max\"  data-toolbar=\"bottom\" data-toolbar-fixed=\"off\">Masa_Rotunda_Gh.Madan_.8_septembrie_2022-1<br\/><\/a>\n<p class=\"wp-block-pdfemb-pdf-embedder-viewer\"><\/p>\n","protected":false},"excerpt":{"rendered":"<p>Joi, 8 septembrie 2022 13.00-16.00 \u00een incinta Institutului Patrimoniului Cultural va avea loc Masa rotund\u0103 GHEORGHE V. MADAN: 150 DE ANI DE LA NA\u0218TERE PROGRAMUL<span class=\"read-more-link\"><a class=\"read-more\" href=\"https:\/\/ich.md\/?p=6778\">Read More<\/a><\/span><\/p>\n","protected":false},"author":2,"featured_media":6745,"comment_status":"closed","ping_status":"closed","sticky":false,"template":"","format":"standard","meta":[],"categories":[10],"tags":[],"_links":{"self":[{"href":"https:\/\/ich.md\/index.php?rest_route=\/wp\/v2\/posts\/6778"}],"collection":[{"href":"https:\/\/ich.md\/index.php?rest_route=\/wp\/v2\/posts"}],"about":[{"href":"https:\/\/ich.md\/index.php?rest_route=\/wp\/v2\/types\/post"}],"author":[{"embeddable":true,"href":"https:\/\/ich.md\/index.php?rest_route=\/wp\/v2\/users\/2"}],"replies":[{"embeddable":true,"href":"https:\/\/ich.md\/index.php?rest_route=%2Fwp%2Fv2%2Fcomments&post=6778"}],"version-history":[{"count":7,"href":"https:\/\/ich.md\/index.php?rest_route=\/wp\/v2\/posts\/6778\/revisions"}],"predecessor-version":[{"id":6788,"href":"https:\/\/ich.md\/index.php?rest_route=\/wp\/v2\/posts\/6778\/revisions\/6788"}],"wp:featuredmedia":[{"embeddable":true,"href":"https:\/\/ich.md\/index.php?rest_route=\/wp\/v2\/media\/6745"}],"wp:attachment":[{"href":"https:\/\/ich.md\/index.php?rest_route=%2Fwp%2Fv2%2Fmedia&parent=6778"}],"wp:term":[{"taxonomy":"category","embeddable":true,"href":"https:\/\/ich.md\/index.php?rest_route=%2Fwp%2Fv2%2Fcategories&post=6778"},{"taxonomy":"post_tag","embeddable":true,"href":"https:\/\/ich.md\/index.php?rest_route=%2Fwp%2Fv2%2Ftags&post=6778"}],"curies":[{"name":"wp","href":"https:\/\/api.w.org\/{rel}","templated":true}]}}