{"id":6809,"date":"2022-09-09T13:30:12","date_gmt":"2022-09-09T10:30:12","guid":{"rendered":"https:\/\/ich.md\/?p=6809"},"modified":"2022-09-09T13:33:56","modified_gmt":"2022-09-09T10:33:56","slug":"la-15-septembrie-2022-ipc-organizeaza-masa-rotunda-pictorul-si-graficianul-dumitru-trifan-85-de-ani-de-la-nastere","status":"publish","type":"post","link":"https:\/\/ich.md\/?p=6809","title":{"rendered":"La 15 septembrie 2022, IPC organizeaz\u0103 Masa rotund\u0103 PICTORUL \u0218I GRAFICIANUL DUMITRU TRIFAN: 85 DE ANI DE LA NA\u0218TERE"},"content":{"rendered":"\n<p class=\"has-text-align-center\">Joi, 15 septembrie 2022, &nbsp;cu \u00eencepere de la ora 10.00<\/p>\n\n\n\n<p class=\"has-text-align-center\">\u00cen incinta IPC va avea loc<\/p>\n\n\n\n<p class=\"has-text-align-center\"><strong>Masa rotund\u0103<\/strong><\/p>\n\n\n\n<p class=\"has-text-align-center\"><strong>PICTORUL \u0218I GRAFICIANUL DUMITRU TRIFAN: 85 DE ANI DE LA NA\u0218TERE<\/strong><\/p>\n\n\n\n<p class=\"has-text-align-center\">Sala 538, Institutul Patrimoniului Cultural<\/p>\n\n\n\n<p class=\"has-text-align-center\">Bd. \u0218tefan cel Mare \u0219i Sf\u00e2nt, nr. 1<\/p>\n\n\n\n<p><\/p>\n\n\n\n<p class=\"has-text-align-center\"><strong>P R O G R A M<\/strong><\/p>\n\n\n\n<p class=\"has-text-align-center\">Moderatori:<\/p>\n\n\n\n<p class=\"has-text-align-center\">Dr. <strong><em>Aurelia Trifan<\/em><\/strong><\/p>\n\n\n\n<p class=\"has-text-align-center\">Dr. <strong><em>Vitalie Malcoci<\/em><\/strong><\/p>\n\n\n\n<p class=\"has-text-align-center\"><strong>Cuv\u00e2nt de salut<\/strong><\/p>\n\n\n\n<p class=\"has-text-align-center\">Dr. hab. <strong><em>Victor Ghila\u0219<\/em><\/strong>, director al IPC<\/p>\n\n\n\n<p class=\"has-text-align-center\"><strong><em>Comunic\u0103ri<\/em><\/strong><\/p>\n\n\n\n<p class=\"has-text-align-center\">Dr. <strong><em>Aurelia Trifan<\/em><\/strong><\/p>\n\n\n\n<p class=\"has-text-align-center\"><em>Dumitru Trifan: amintire, context, reflexie<\/em><\/p>\n\n\n\n<p class=\"has-text-align-center\"><strong><em>Vasile Malane\u021bchi<\/em><\/strong><\/p>\n\n\n\n<p class=\"has-text-align-center\"><em>Dumitru Trifan: omul, colegul de breasl\u0103, artistul<\/em><\/p>\n\n\n\n<p class=\"has-text-align-center\"><strong><em>Victor Prohin<\/em><\/strong><\/p>\n\n\n\n<p class=\"has-text-align-center\"><em>Dumitru Trifan \u0219i presa<\/em><\/p>\n\n\n\n<p class=\"has-text-align-center\"><strong><em>Mihai Pot\u00e2rniche<\/em><\/strong><\/p>\n\n\n\n<p class=\"has-text-align-center\"><em>Dumitru Trifan \u2013 dasc\u0103lul meu de suflet<\/em><\/p>\n\n\n\n<p class=\"has-text-align-center\">Dr. <strong><em>Victoria Rocaciuc<\/em><\/strong><\/p>\n\n\n\n<p class=\"has-text-align-center\"><em>Graficianul Dumitru Trifan: identitate artistic\u0103 \u0219i perseveren\u0163\u0103 creatoare<\/em><\/p>\n\n\n\n<p class=\"has-text-align-center\"><strong><em>Lucia Adascali\u021ba<\/em><\/strong><\/p>\n\n\n\n<p class=\"has-text-align-center\"><em>Dumitru Trifan \u2013 un artist notoriu al graficii satirice<\/em><\/p>\n\n\n\n<p class=\"has-text-align-center\"><strong><em>Ana Manole<\/em><\/strong><\/p>\n\n\n\n<p class=\"has-text-align-center\"><em>Dumitru Trifan, Omul h\u0103ruit<\/em><\/p>\n\n\n\n<p class=\"has-text-align-center\"><strong><em>Discu\u021bii<\/em><\/strong><\/p>\n","protected":false},"excerpt":{"rendered":"<p>Joi, 15 septembrie 2022, &nbsp;cu \u00eencepere de la ora 10.00 \u00cen incinta IPC va avea loc Masa rotund\u0103 PICTORUL \u0218I GRAFICIANUL DUMITRU TRIFAN: 85 DE<span class=\"read-more-link\"><a class=\"read-more\" href=\"https:\/\/ich.md\/?p=6809\">Read More<\/a><\/span><\/p>\n","protected":false},"author":2,"featured_media":6812,"comment_status":"closed","ping_status":"closed","sticky":false,"template":"","format":"standard","meta":[],"categories":[10],"tags":[],"_links":{"self":[{"href":"https:\/\/ich.md\/index.php?rest_route=\/wp\/v2\/posts\/6809"}],"collection":[{"href":"https:\/\/ich.md\/index.php?rest_route=\/wp\/v2\/posts"}],"about":[{"href":"https:\/\/ich.md\/index.php?rest_route=\/wp\/v2\/types\/post"}],"author":[{"embeddable":true,"href":"https:\/\/ich.md\/index.php?rest_route=\/wp\/v2\/users\/2"}],"replies":[{"embeddable":true,"href":"https:\/\/ich.md\/index.php?rest_route=%2Fwp%2Fv2%2Fcomments&post=6809"}],"version-history":[{"count":3,"href":"https:\/\/ich.md\/index.php?rest_route=\/wp\/v2\/posts\/6809\/revisions"}],"predecessor-version":[{"id":6813,"href":"https:\/\/ich.md\/index.php?rest_route=\/wp\/v2\/posts\/6809\/revisions\/6813"}],"wp:featuredmedia":[{"embeddable":true,"href":"https:\/\/ich.md\/index.php?rest_route=\/wp\/v2\/media\/6812"}],"wp:attachment":[{"href":"https:\/\/ich.md\/index.php?rest_route=%2Fwp%2Fv2%2Fmedia&parent=6809"}],"wp:term":[{"taxonomy":"category","embeddable":true,"href":"https:\/\/ich.md\/index.php?rest_route=%2Fwp%2Fv2%2Fcategories&post=6809"},{"taxonomy":"post_tag","embeddable":true,"href":"https:\/\/ich.md\/index.php?rest_route=%2Fwp%2Fv2%2Ftags&post=6809"}],"curies":[{"name":"wp","href":"https:\/\/api.w.org\/{rel}","templated":true}]}}