{"id":6823,"date":"2022-09-19T10:42:05","date_gmt":"2022-09-19T07:42:05","guid":{"rendered":"https:\/\/ich.md\/?p=6823"},"modified":"2022-09-19T11:37:59","modified_gmt":"2022-09-19T08:37:59","slug":"masa-rotunda-metodologii-si-tehnici-moderne-de-cercetare-etnologica-4-octombrie-2022","status":"publish","type":"post","link":"https:\/\/ich.md\/?p=6823","title":{"rendered":"Masa rotund\u0103 METODOLOGII \u0218I TEHNICI MODERNE DE CERCETARE ETNOLOGIC\u0102, 4 octombrie 2022"},"content":{"rendered":"\n<p class=\"has-text-align-center\">Institutul Patrimoniului Cultural<\/p>\n\n\n\n<p class=\"has-text-align-center\">Centrul de Etnologie<\/p>\n\n\n\n<p class=\"has-text-align-center\">anun\u021b\u0103<\/p>\n\n\n\n<p class=\"has-text-align-center\">organizarea Mesei rotunde cu genericul:<\/p>\n\n\n\n<p class=\"has-text-align-center\"><strong>METODOLOGII \u0218I TEHNICI MODERNE DE CERCETARE ETNOLOGIC\u0102<\/strong><\/p>\n\n\n\n<p class=\"has-text-align-center\">Edi\u021bia a III-a: <strong><em>Documentarea vizual\u0103 ca surs\u0103 de cunoa\u0219tere etnografic\u0103<\/em><\/strong><\/p>\n\n\n\n<p class=\"has-text-align-center\"><strong>Chi\u0219in\u0103u, 4 octombrie 2022<\/strong><strong><\/strong><\/p>\n\n\n\n<p>Invit\u0103m cercet\u0103torii interesa\u021bi s\u0103 participe la masa rotund\u0103. Comunic\u0103rile se vor axa \u00een general la tema &nbsp;<strong><em>Metodologii \u0219i tehnici moderne de cercetare etnologic\u0103<\/em><\/strong>. \u00cencuraj\u0103m cercet\u0103torii etnologi s\u0103 abordeze problema \u201e<strong><em>Document\u0103rii vizuale ca surs\u0103 de cunoa\u0219tere etnografic\u0103\u201d<\/em><\/strong>,<strong><em> <\/em><\/strong>s\u0103-\u0219i \u00eemp\u0103rt\u0103\u0219easc\u0103 experien\u021ba cercet\u0103rilor etnologice de teren.<\/p>\n\n\n\n<p>Persoanele, interesate s\u0103 participe la Masa rotund\u0103, trebuie s\u0103 expedieze titlul comunic\u0103rii \u0219i un rezumat (\u00een volum de&nbsp;<strong>1800-2000<\/strong>&nbsp;de semne cu spa\u021bii) p\u00e2n\u0103 la&nbsp;<strong>2 octombrie 2022&nbsp;<\/strong>la adresa: <strong>propatrimoniu@gmail.com<\/strong>.<\/p>\n\n\n\n<p>Manifestarea \u0219tiin\u021bific\u0103 face parte din ac\u021biunile planificate \u00een cadrul proiectului din cadrul Programului de Stat (2020\u20132023): 20.80009.1606.02 \u201eEvolu\u021bia tradi\u021biilor \u0219i procese etnice \u00een Republica Moldova: suport teoretic \u0219i aplicativ \u00een promovarea valorilor etnoculturale \u0219i coeziunii sociale\u201d.<\/p>\n\n\n\n<p><strong>Comitetul de organizare<\/strong><\/p>\n","protected":false},"excerpt":{"rendered":"<p>Institutul Patrimoniului Cultural Centrul de Etnologie anun\u021b\u0103 organizarea Mesei rotunde cu genericul: METODOLOGII \u0218I TEHNICI MODERNE DE CERCETARE ETNOLOGIC\u0102 Edi\u021bia a III-a: Documentarea vizual\u0103 ca<span class=\"read-more-link\"><a class=\"read-more\" href=\"https:\/\/ich.md\/?p=6823\">Read More<\/a><\/span><\/p>\n","protected":false},"author":2,"featured_media":6833,"comment_status":"closed","ping_status":"closed","sticky":false,"template":"","format":"standard","meta":[],"categories":[10],"tags":[],"_links":{"self":[{"href":"https:\/\/ich.md\/index.php?rest_route=\/wp\/v2\/posts\/6823"}],"collection":[{"href":"https:\/\/ich.md\/index.php?rest_route=\/wp\/v2\/posts"}],"about":[{"href":"https:\/\/ich.md\/index.php?rest_route=\/wp\/v2\/types\/post"}],"author":[{"embeddable":true,"href":"https:\/\/ich.md\/index.php?rest_route=\/wp\/v2\/users\/2"}],"replies":[{"embeddable":true,"href":"https:\/\/ich.md\/index.php?rest_route=%2Fwp%2Fv2%2Fcomments&post=6823"}],"version-history":[{"count":4,"href":"https:\/\/ich.md\/index.php?rest_route=\/wp\/v2\/posts\/6823\/revisions"}],"predecessor-version":[{"id":6834,"href":"https:\/\/ich.md\/index.php?rest_route=\/wp\/v2\/posts\/6823\/revisions\/6834"}],"wp:featuredmedia":[{"embeddable":true,"href":"https:\/\/ich.md\/index.php?rest_route=\/wp\/v2\/media\/6833"}],"wp:attachment":[{"href":"https:\/\/ich.md\/index.php?rest_route=%2Fwp%2Fv2%2Fmedia&parent=6823"}],"wp:term":[{"taxonomy":"category","embeddable":true,"href":"https:\/\/ich.md\/index.php?rest_route=%2Fwp%2Fv2%2Fcategories&post=6823"},{"taxonomy":"post_tag","embeddable":true,"href":"https:\/\/ich.md\/index.php?rest_route=%2Fwp%2Fv2%2Ftags&post=6823"}],"curies":[{"name":"wp","href":"https:\/\/api.w.org\/{rel}","templated":true}]}}