{"id":6835,"date":"2022-09-19T14:18:47","date_gmt":"2022-09-19T11:18:47","guid":{"rendered":"https:\/\/ich.md\/?p=6835"},"modified":"2022-09-19T14:19:54","modified_gmt":"2022-09-19T11:19:54","slug":"simpozionul-national-de-studii-culturale-editia-a-iv-a","status":"publish","type":"post","link":"https:\/\/ich.md\/?p=6835","title":{"rendered":"SIMPOZIONUL NA\u021aIONAL DE STUDII CULTURALE, EDI\u021aIA a IV-a"},"content":{"rendered":"\n<p class=\"has-text-align-center\">la\u00a0<strong>28 septembrie 2022<\/strong>\u00a0\u00een incinta Bibliotecii de Arte \u201eTudor Arghezi\u201d <\/p>\n\n\n\n<p class=\"has-text-align-center\">(Chi\u015fin\u0103u, str. Gr\u0103dinilor, 21) va avea loc<\/p>\n\n\n\n<p class=\"has-text-align-center\"><strong>SIMPOZIONUL NA\u021aIONAL DE STUDII CULTURALE, EDI\u021aIA a IV-a,<\/strong><\/p>\n\n\n\n<p class=\"has-text-align-center\"><strong>dedicat Zilelor Europene ale Patrimoniului<\/strong><strong><\/strong><\/p>\n\n\n\n<p class=\"has-text-align-center\">Simpozionul este organizat de c\u0103tre Institutul Patrimoniului Cultural \u00een parteneriat cu Biblioteca Municipal\u0103 \u201eB.P. Hasdeu\u201d, Filiala de Arte \u201eTudor Arghezi\u201d<\/p>\n\n\n\n<p class=\"has-text-align-center\">Manifestarea va avea loc cu participare direct \u0219i online.<\/p>\n\n\n\n<p class=\"has-text-align-center\">Pentru conectare &nbsp;online, participan\u021bii care nu vor putea participa direct, vor trebui s\u0103 tasteze linkurile din program:<\/p>\n\n\n\n<p class=\"has-text-align-center\">Persoanele interesate care nu au primit programul cu linkurile de conectare, \u00eel pot solicita la adresa:<\/p>\n\n\n\n<p class=\"has-text-align-center\"><a href=\"mailto:studiiculturale1@gmail.com\">studiiculturale1@gmail.com<\/a><\/p>\n\n\n\n<p class=\"has-text-align-center\">Programul Simpozionului<\/p>\n\n\n<a href=\"https:\/\/ich.md\/wp-content\/uploads\/2022\/09\/Program_rezumate.Studii_culturale_2022.site_.pdf\" class=\"pdfemb-viewer\" style=\"\" data-width=\"max\" data-height=\"max\"  data-toolbar=\"bottom\" data-toolbar-fixed=\"off\">Program_rezumate.Studii_culturale_2022.site_<br\/><\/a>\n<p class=\"wp-block-pdfemb-pdf-embedder-viewer\"><\/p>\n\n\n<b>PDF Embedder requires a url attribute<\/b>","protected":false},"excerpt":{"rendered":"<p>la\u00a028 septembrie 2022\u00a0\u00een incinta Bibliotecii de Arte \u201eTudor Arghezi\u201d (Chi\u015fin\u0103u, str. Gr\u0103dinilor, 21) va avea loc SIMPOZIONUL NA\u021aIONAL DE STUDII CULTURALE, EDI\u021aIA a IV-a, dedicat<span class=\"read-more-link\"><a class=\"read-more\" href=\"https:\/\/ich.md\/?p=6835\">Read More<\/a><\/span><\/p>\n","protected":false},"author":2,"featured_media":6732,"comment_status":"closed","ping_status":"closed","sticky":false,"template":"","format":"standard","meta":[],"categories":[10],"tags":[],"_links":{"self":[{"href":"https:\/\/ich.md\/index.php?rest_route=\/wp\/v2\/posts\/6835"}],"collection":[{"href":"https:\/\/ich.md\/index.php?rest_route=\/wp\/v2\/posts"}],"about":[{"href":"https:\/\/ich.md\/index.php?rest_route=\/wp\/v2\/types\/post"}],"author":[{"embeddable":true,"href":"https:\/\/ich.md\/index.php?rest_route=\/wp\/v2\/users\/2"}],"replies":[{"embeddable":true,"href":"https:\/\/ich.md\/index.php?rest_route=%2Fwp%2Fv2%2Fcomments&post=6835"}],"version-history":[{"count":3,"href":"https:\/\/ich.md\/index.php?rest_route=\/wp\/v2\/posts\/6835\/revisions"}],"predecessor-version":[{"id":6839,"href":"https:\/\/ich.md\/index.php?rest_route=\/wp\/v2\/posts\/6835\/revisions\/6839"}],"wp:featuredmedia":[{"embeddable":true,"href":"https:\/\/ich.md\/index.php?rest_route=\/wp\/v2\/media\/6732"}],"wp:attachment":[{"href":"https:\/\/ich.md\/index.php?rest_route=%2Fwp%2Fv2%2Fmedia&parent=6835"}],"wp:term":[{"taxonomy":"category","embeddable":true,"href":"https:\/\/ich.md\/index.php?rest_route=%2Fwp%2Fv2%2Fcategories&post=6835"},{"taxonomy":"post_tag","embeddable":true,"href":"https:\/\/ich.md\/index.php?rest_route=%2Fwp%2Fv2%2Ftags&post=6835"}],"curies":[{"name":"wp","href":"https:\/\/api.w.org\/{rel}","templated":true}]}}