{"id":6840,"date":"2022-09-22T15:31:02","date_gmt":"2022-09-22T12:31:02","guid":{"rendered":"https:\/\/ich.md\/?p=6840"},"modified":"2022-09-22T15:31:02","modified_gmt":"2022-09-22T12:31:02","slug":"mesaj-de-condoleante-adresat-doamnei-victoria-rocaciuc-2","status":"publish","type":"post","link":"https:\/\/ich.md\/?p=6840","title":{"rendered":"Mesaj de condolean\u021be adresat doamnei Victoria Rocaciuc"},"content":{"rendered":"\n<p>Institutul Patrimoniului Cultural transmite profundul regret \u0219i cele mai sincere condolean\u021be colegei Victoria Rocaciuc \u0219i familiei \u00eendoliate, \u00een leg\u0103tur\u0103 cu trecerea la cele ve\u0219nice a mamei sale.<\/p>\n\n\n\n<p>Colectivul Institutului \u00ee\u0219i exprim\u0103 solidaritatea \u00een acest timp de profund\u0103 triste\u021be, sprijinindu-i cu g\u00e2ndul \u0219i cu inima pe cei \u00eendurera\u021bi.<\/p>\n\n\n\n<p>Dumnezeu s\u0103-i odihneasc\u0103 sufletul \u00een pace,&nbsp;iar familiei s\u0103-i dea t\u0103ria s\u0103 treac\u0103 marea suferin\u021b\u0103 \u00een acest moment dureros.<\/p>\n","protected":false},"excerpt":{"rendered":"<p>Institutul Patrimoniului Cultural transmite profundul regret \u0219i cele mai sincere condolean\u021be colegei Victoria Rocaciuc \u0219i familiei \u00eendoliate, \u00een leg\u0103tur\u0103 cu trecerea la cele ve\u0219nice a<span class=\"read-more-link\"><a class=\"read-more\" href=\"https:\/\/ich.md\/?p=6840\">Read More<\/a><\/span><\/p>\n","protected":false},"author":2,"featured_media":5193,"comment_status":"closed","ping_status":"closed","sticky":false,"template":"","format":"standard","meta":[],"categories":[10],"tags":[],"_links":{"self":[{"href":"https:\/\/ich.md\/index.php?rest_route=\/wp\/v2\/posts\/6840"}],"collection":[{"href":"https:\/\/ich.md\/index.php?rest_route=\/wp\/v2\/posts"}],"about":[{"href":"https:\/\/ich.md\/index.php?rest_route=\/wp\/v2\/types\/post"}],"author":[{"embeddable":true,"href":"https:\/\/ich.md\/index.php?rest_route=\/wp\/v2\/users\/2"}],"replies":[{"embeddable":true,"href":"https:\/\/ich.md\/index.php?rest_route=%2Fwp%2Fv2%2Fcomments&post=6840"}],"version-history":[{"count":1,"href":"https:\/\/ich.md\/index.php?rest_route=\/wp\/v2\/posts\/6840\/revisions"}],"predecessor-version":[{"id":6841,"href":"https:\/\/ich.md\/index.php?rest_route=\/wp\/v2\/posts\/6840\/revisions\/6841"}],"wp:featuredmedia":[{"embeddable":true,"href":"https:\/\/ich.md\/index.php?rest_route=\/wp\/v2\/media\/5193"}],"wp:attachment":[{"href":"https:\/\/ich.md\/index.php?rest_route=%2Fwp%2Fv2%2Fmedia&parent=6840"}],"wp:term":[{"taxonomy":"category","embeddable":true,"href":"https:\/\/ich.md\/index.php?rest_route=%2Fwp%2Fv2%2Fcategories&post=6840"},{"taxonomy":"post_tag","embeddable":true,"href":"https:\/\/ich.md\/index.php?rest_route=%2Fwp%2Fv2%2Ftags&post=6840"}],"curies":[{"name":"wp","href":"https:\/\/api.w.org\/{rel}","templated":true}]}}