{"id":6868,"date":"2023-01-30T09:58:00","date_gmt":"2023-01-30T07:58:00","guid":{"rendered":"https:\/\/ich.md\/?p=6868"},"modified":"2023-02-21T23:10:33","modified_gmt":"2023-02-21T21:10:33","slug":"aparitie-editoriala-a-ipc-patrimoniul-cultural-national-ca-resursa-pentru-o-dezvoltare-durabila-a-republicii-moldova-volumul-i","status":"publish","type":"post","link":"https:\/\/ich.md\/?p=6868","title":{"rendered":"Apari\u021bie editorial\u0103 a IPC:  PATRIMONIUL CULTURAL NA\u021aIONAL \u00a0CA RESURS\u0102 PENTRU O DEZVOLTARE DURABIL\u0102 A REPUBLICII MOLDOVA. Volumul I."},"content":{"rendered":"\n<p class=\"has-text-align-center\">Recent, Institutul Patrimoniului Cultural \u00een colaborare cu editura Infocus a editat volumul<\/p>\n\n\n\n<p class=\"has-text-align-center\"><strong>PATRIMONIUL CULTURAL NA\u021aIONAL &nbsp;CA RESURS\u0102 PENTRU O DEZVOLTARE DURABIL\u0102 <\/strong><\/p>\n\n\n\n<p class=\"has-text-align-center\"><strong>A REPUBLICII MOLDOVA. Volumul I.<\/strong><\/p>\n\n\n\n<figure class=\"wp-block-image size-large\"><a href=\"http:\/\/ich.md\/wp-content\/uploads\/2022\/11\/Coperta-Patrimoniu2.png\"><img decoding=\"async\" loading=\"lazy\" width=\"1024\" height=\"698\" src=\"http:\/\/ich.md\/wp-content\/uploads\/2022\/11\/Coperta-Patrimoniu2-1024x698.png\" alt=\"\" class=\"wp-image-6877\"\/><\/a><\/figure>\n\n\n\n<p><\/p>\n\n\n\n<p>Construit pe studierea valorilor patrimoniului cultural din Republica Moldova, volumul de fa\u021b\u0103 \u00eencearc\u0103 s\u0103 ofere resurse conceptuale pentru fortificarea \u0219i dezvoltarea sim\u021bului identitar, manifestat \u00een identitate personal\u0103, cultural\u0103, etnic\u0103, lingvistic\u0103, religioas\u0103, civic\u0103 etc., sus\u021bin\u00e2nd astfel abord\u0103rile inova\u021bionale orientate spre includerea patrimoniului \u00een via\u021ba societ\u0103\u021biicontemporane. Totodat\u0103, patrimoniul cultural de\u021bine o palet\u0103 complex\u0103 de resurse \u0219i idei cu poten\u021bial formativ \u0219i participativ. Cititorul edi\u021biei de fa\u021b\u0103 este invitat s\u0103 (re)descopere patrimoniul cultural al \u021b\u0103rii \u0219i, implicit, s\u0103-i cunoasc\u0103 \u0219i s\u0103-i pre\u021buiasc\u0103 poten\u021bialul axiologic. Produsul cultural are nu doar semnifica\u021bia de memorie a trecutului, ci \u015fi rolul de a contribui la educarea publicului pe linia identific\u0103rii \u201dnucleelor tari\u201d \u0219i a virtu\u021bilor spirituale a valorilor, de formare a bunului gust, de discernere a autenticului de kitsch. Ca parte important\u0103 a patrimoniului na\u021bional, resursele materiale \u0219i spirituale ale culturii se constituie \u00eentr-o component\u0103 de importan\u021b\u0103 major\u0103 \u00een asigurarea securit\u0103\u021bii na\u021bionale, iar studierea, buna administrare \u0219i modul de punere \u00een serviciul public al acestor resurse sunt elemente esen\u021biale \u00een implementarea unor strategii de dezvoltare.<\/p>\n\n\n\n<p>Pe acest fond, demersul colectiv al autorilor reprezint\u0103 o pledoarie pentru a-i studia atuurile \u0219i a-l men\u021bine \u00een centrul preocup\u0103rilor \u0219tiin\u021bifice, fapt ce reclam\u0103 reconsiderarea felului \u00een care este cercetat, valorizat, gestionat, \u00eembog\u0103\u021bit \u0219i promovat, asigur\u00e2ndu-ne, \u00een a\u0219a fel, c\u0103 patrimoniul va aduce cet\u0103\u021benilor, \u00een particular, \u021b\u0103rii, \u00een general, avantaje pe termen lung ca factor de dezvoltare recunoscut la nivel interna\u021bional.<\/p>\n\n\n\n<p>\u00cen volumul dat este elucidat\u0103 sub forma unor sinteze \u0219tiin\u021bifice cultura material\u0103 a republicii Moldova cu un accent asupra culturii materiale a popula\u021biei majoritare (a rom\u00e2nilor\/moldovenilor) \u0219i a etniilor conlocuitoare. Subiectele abordate \u00een volum sunt; Patrimoniul arheologic; patrimoniul arhitectural; Patrimoniul artistic; Patrimoniul etnologic; Peisajele etnografice; Evolu\u021bia muzeului ca fenomen socio-cultural \u00een spa\u021biul Pruto-Nistrean; aspecte ale cartografierii patrimoniului cultural al Republicii Moldova.<\/p>\n\n\n\n<p>Evident, lucrarea \u00ee\u0219i propune s\u0103 lanseze \u0219i s\u0103 sus\u021bin\u0103 mesaje de conota\u021bie sensibilizatoare privind stimularea \u0219i dezvoltarea politicilor publice \u00een domeniu, implicarea factorilor de decizie \u00een refacerea pun\u021bilor pentru valorizarea identitar\u0103 prin patrimoniul cultural, con\u0219tientizarea importan\u021bei tezaurului spiritual \u0219i material na\u021bional \u00een educa\u021bie \u015fi a valorific\u0103rii poten\u021bialului acestuia \u00een via\u021ba cotidian\u0103.<\/p>\n\n\n\n<p>Prin aceasta vom preciza c\u0103 volumul se configureaz\u0103 din fragmente mai mult sau mai pu\u021bin coagulate \u00eentr-un tot integru, din care pot fi decelate pagini despre patrimoniul cultural al \u021b\u0103rii, privit ca un liant \u00eentre trecut \u0219i prezent, iar acest fapt ne oblig\u0103 s\u0103 fim responsabili de p\u0103strarea, protejarea \u0219i transmiterea lui nealterat\u0103&nbsp; urm\u0103toarelor genera\u021bii, pentru a beneficia \u00een m\u0103sur\u0103 deplin\u0103 de aceste bunuri comune.<\/p>\n\n\n\n<p><strong>Patrimoniul cultural na\u021bional ca resurs\u0103 pentru o dezvoltare durabil\u0103 a Republicii Moldova<\/strong>; coordonatori: Victor Ghila\u015f, Adrian Dolghi; Institutul Patrimoniului Cultural. \u2013 Chi\u015fin\u0103u: Infocus, 2022<\/p>\n\n\n\n<p>ISBN 978-9975-63-488-5.<\/p>\n\n\n\n<p>Vol. 1. \u2013 2022. \u2013 400 p.: fig., tab. \u2013 Cuprins paral.: lb. rom., engl. \u2013 Rez.: lb. engl. \u2013 Referin\u0163e bibliogr. la sf\u00e2r\u015fitul cap. \u2013 Apare cu sprijinul Min. Culturii al Republicii Moldova.<\/p>\n\n\n\n<p>ISBN 978-9975-63-489-2.<\/p>\n\n\n\n<p><\/p>\n\n\n\n<p>Mul\u021bumim Ministerului Culturii, Editurii Infocus, autorilor \u0219i coordonatorilor volumului<\/p>\n\n\n\n<p><strong>Coordonatori: <\/strong>Victor GHILA\u0218, Adrian DOLGHI<\/p>\n\n\n\n<p><strong>AUTORI:<\/strong><\/p>\n\n\n\n<p>Capitolul I &#8211; Vlad Vornic<\/p>\n\n\n\n<p>Capitolul II &#8211; Ala Ceastina<\/p>\n\n\n\n<p>Capitolul III &#8211; Tudor St\u0103vil\u0103, Constantin Sp\u00eenu<\/p>\n\n\n\n<p>Capitolul IV &#8211; Natalia Gr\u0103dinaru, Victor Cojuhari, Ecaterina Cojuhari, Diana Nicoglo, Tatiana Zaicovschi,<\/p>\n\n\n\n<p>Olga Garusova, Natalia Iurcenco, Serghei S\u00eeciov, Maria Axenti, Alexandr Covalov,<\/p>\n\n\n\n<p>Marina Miron, Ivan Duminica, Emilia Bancova, Nicolai Cervencov, Ion Duminica,<\/p>\n\n\n\n<p>Svetlana Procop, Victor Damian<\/p>\n\n\n\n<p>Capitolul V &#8211; Dorina Onic\u0103<\/p>\n\n\n\n<p>Capitolul VI &#8211; Mihai Ursu<\/p>\n\n\n\n<div class=\"wp-block-file\"><object class=\"wp-block-file__embed\" data=\"https:\/\/ich.md\/wp-content\/uploads\/2023\/02\/Pages-from-Patrimoniul-istoric-2022.pdf\" type=\"application\/pdf\" style=\"width:100%;height:600px\" aria-label=\"\u00cenglobare pentru Pages-from-Patrimoniul-istoric-2022.\"><\/object><a id=\"wp-block-file--media-1f7bad6c-856d-4d14-82be-6ed13ea679b6\" href=\"https:\/\/ich.md\/wp-content\/uploads\/2023\/02\/Pages-from-Patrimoniul-istoric-2022.pdf\">Pages-from-Patrimoniul-istoric-2022<\/a><a href=\"https:\/\/ich.md\/wp-content\/uploads\/2023\/02\/Pages-from-Patrimoniul-istoric-2022.pdf\" class=\"wp-block-file__button wp-element-button\" download aria-describedby=\"wp-block-file--media-1f7bad6c-856d-4d14-82be-6ed13ea679b6\">Descarc\u0103<\/a><\/div>\n","protected":false},"excerpt":{"rendered":"<p>Recent, Institutul Patrimoniului Cultural \u00een colaborare cu editura Infocus a editat volumul PATRIMONIUL CULTURAL NA\u021aIONAL &nbsp;CA RESURS\u0102 PENTRU O DEZVOLTARE DURABIL\u0102 A REPUBLICII MOLDOVA. Volumul<span class=\"read-more-link\"><a class=\"read-more\" href=\"https:\/\/ich.md\/?p=6868\">Read More<\/a><\/span><\/p>\n","protected":false},"author":2,"featured_media":6876,"comment_status":"closed","ping_status":"closed","sticky":false,"template":"","format":"standard","meta":[],"categories":[10],"tags":[],"_links":{"self":[{"href":"https:\/\/ich.md\/index.php?rest_route=\/wp\/v2\/posts\/6868"}],"collection":[{"href":"https:\/\/ich.md\/index.php?rest_route=\/wp\/v2\/posts"}],"about":[{"href":"https:\/\/ich.md\/index.php?rest_route=\/wp\/v2\/types\/post"}],"author":[{"embeddable":true,"href":"https:\/\/ich.md\/index.php?rest_route=\/wp\/v2\/users\/2"}],"replies":[{"embeddable":true,"href":"https:\/\/ich.md\/index.php?rest_route=%2Fwp%2Fv2%2Fcomments&post=6868"}],"version-history":[{"count":6,"href":"https:\/\/ich.md\/index.php?rest_route=\/wp\/v2\/posts\/6868\/revisions"}],"predecessor-version":[{"id":7011,"href":"https:\/\/ich.md\/index.php?rest_route=\/wp\/v2\/posts\/6868\/revisions\/7011"}],"wp:featuredmedia":[{"embeddable":true,"href":"https:\/\/ich.md\/index.php?rest_route=\/wp\/v2\/media\/6876"}],"wp:attachment":[{"href":"https:\/\/ich.md\/index.php?rest_route=%2Fwp%2Fv2%2Fmedia&parent=6868"}],"wp:term":[{"taxonomy":"category","embeddable":true,"href":"https:\/\/ich.md\/index.php?rest_route=%2Fwp%2Fv2%2Fcategories&post=6868"},{"taxonomy":"post_tag","embeddable":true,"href":"https:\/\/ich.md\/index.php?rest_route=%2Fwp%2Fv2%2Ftags&post=6868"}],"curies":[{"name":"wp","href":"https:\/\/api.w.org\/{rel}","templated":true}]}}