{"id":6892,"date":"2022-11-21T12:31:00","date_gmt":"2022-11-21T10:31:00","guid":{"rendered":"https:\/\/ich.md\/?p=6892"},"modified":"2022-11-21T12:39:45","modified_gmt":"2022-11-21T10:39:45","slug":"aparitie-editoriala-a-ipc-gheorghe-mustea-fatete-ale-identitatii-creatoare","status":"publish","type":"post","link":"https:\/\/ich.md\/?p=6892","title":{"rendered":"Apari\u021bie editorial\u0103 a IPC:\u00a0Gheorghe Mustea. Fa\u021bete ale identit\u0103\u021bii creatoare"},"content":{"rendered":"\n<p>Recent, cercet\u0103torii Sec\u021biei Arte Audiovizuale a IPC au editat culegerea de studii: <\/p>\n\n\n\n<p class=\"has-text-align-center\"><em><strong>Gheorghe Mustea. Fa\u021bete ale identit\u0103\u021bii creatoare. Materialele mesei rotunde aniversare \u201eAcademicianul, compozitorul, dirijorul Gheorghe Mustea \u2013 70 de ani de la na\u0219tere.\u201d<\/strong><\/em><\/p>\n\n\n\n<p>Culegerea poate fi perceput\u0103, la un prim contact, ca o ofrand\u0103 omagial\u0103 adus\u0103 compozitorului, dirijorului, academicianului Gheorghe Mustea, ajuns la celebrarea celor 70 de prim\u0103veri (maestrul s-a n\u0103scut la 1 mai, \u00een plin\u0103 \u00eenflorire prim\u0103v\u0103ratic\u0103). Acest specific \u0219i-a pus amprenta asupra majorit\u0103\u0163ii textelor \u00eensumate aici, alimentate, inclusiv, de un impuls ditirambic, reveren\u0163ios, gratulator. Or, volumul se vrea mai mult dec\u00e2t at\u00e2t, pentru c\u0103, de fapt, el aduce un spor substan\u0163ial pe palierul cunoa\u0219terii fenomenului Gheorghe Mustea, al studiului mo\u0219tenirii componistice \u0219i interpretative cu acest nume, al contextualiz\u0103rii acestui patrimoniu pe plan na\u0163ional \u0219i universal. La ora la care maestrul a rotunjit \u0219apte decenii, pe bolta judec\u0103\u0163ilor de valoare constela\u0163ia califi cativelor care i se atribuie a c\u0103p\u0103tat un contur bine definit. Avem de a face cu \u201eun ctitor al culturii neamului\u201c (Ion Gagim), cu \u201eartistul integru\u201c care \u00eembin\u0103 voca\u0163ia creatoare cu cea a g\u00e2nditorului, interpretului, mentorului, iluministului (Ion Gagim), cu un \u201efar cultural \u0219i c\u0103l\u0103uz\u0103 spiritual\u0103 \u0219i muzical\u0103 na\u0163ional\u0103 rom\u00e2neasc\u0103 pe oceanul fr\u0103m\u00e2ntat al Lumii\u201c (Petre-Marcel V\u00e2rlan), cu \u201eomul-simbol\u201c al culturii na\u0163ionale (Andrei Porubin), cu un \u201eartist iscusit, muzician talentat, poli-instrumentist, spirit erudit, creator \u0219i inovator, veritabil director de opinie, prolifi c manager de institu\u0163ie cultural\u0103 \u0219i fervent animator al vie\u0163ii artistice de performan\u0163\u0103 \u2014 \u00een esen\u0163\u0103, un mare sufl et de profet\u201c (Vasile Chiseli\u0163\u0103), cu un \u201ereprezentant str\u0103lucit al neofolclorismului muzical\u201c (Elena Mironenco), cu un autentic \u201ebrand al muzicii dintre Prut \u0219i Nistru\u201c (Liviu D\u0103nceanu), cu un pre\u0163ios \u201ediamant cu mai multe fa\u0163ete de crea\u0163ie\u201c (Viorel Munteanu). \u0218i ne oprim la aceast\u0103 ultim\u0103 metafor\u0103, pentru c\u0103 ea e \u00een stare s\u0103 edifice cititorul asupra conceptului \u0219i structurii prezentei edi\u0163ii. Volumul chiar asta \u00ee\u0219i propune \u2014 s\u0103 \u00eendrepte fascicole de lumin\u0103 asupra nestematei, s\u0103 observe inter-oglindirea fa\u0163etelor ei, s\u0103 accead\u0103 prin aceasta la enigma miezului ei iradiant.<\/p>\n\n\n<div class=\"wp-block-image\">\n<figure class=\"aligncenter size-large is-resized\"><a href=\"https:\/\/ich.md\/wp-content\/uploads\/2022\/11\/coperta-ghilas-mustea.png\"><img decoding=\"async\" loading=\"lazy\" src=\"https:\/\/ich.md\/wp-content\/uploads\/2022\/11\/coperta-ghilas-mustea-722x1024.png\" alt=\"\" class=\"wp-image-6893\" width=\"419\" height=\"595\"\/><\/a><\/figure><\/div>\n\n\n<p><em>Gheorghe Mustea. Fa\u021bete ale identit\u0103\u021bii creatoare. Materialele mesei rotunde aniversare \u201eAcademicianul, compozitorul, dirijorul Gheorghe Mustea \u2013 70 de ani de la na\u0219tere.\u201d <\/em>Chi\u0219in\u0103u, 6 mai 2021. Chi\u0219in\u0103u: UNU, 2021, ISBN 978-9975-3521-6-1.<\/p>\n\n\n\n<p><\/p>\n\n\n\n<p class=\"has-text-align-center\"><strong>Felicit\u0103m editorii \u0219i autorii cu ocazia apari\u021biei c\u0103r\u021bii \u0219i le ur\u0103m succese \u00een continuare !<\/strong><\/p>\n","protected":false},"excerpt":{"rendered":"<p>Recent, cercet\u0103torii Sec\u021biei Arte Audiovizuale a IPC au editat culegerea de studii: Gheorghe Mustea. Fa\u021bete ale identit\u0103\u021bii creatoare. Materialele mesei rotunde aniversare \u201eAcademicianul, compozitorul, dirijorul<span class=\"read-more-link\"><a class=\"read-more\" href=\"https:\/\/ich.md\/?p=6892\">Read More<\/a><\/span><\/p>\n","protected":false},"author":2,"featured_media":6893,"comment_status":"closed","ping_status":"closed","sticky":false,"template":"","format":"standard","meta":[],"categories":[10],"tags":[],"_links":{"self":[{"href":"https:\/\/ich.md\/index.php?rest_route=\/wp\/v2\/posts\/6892"}],"collection":[{"href":"https:\/\/ich.md\/index.php?rest_route=\/wp\/v2\/posts"}],"about":[{"href":"https:\/\/ich.md\/index.php?rest_route=\/wp\/v2\/types\/post"}],"author":[{"embeddable":true,"href":"https:\/\/ich.md\/index.php?rest_route=\/wp\/v2\/users\/2"}],"replies":[{"embeddable":true,"href":"https:\/\/ich.md\/index.php?rest_route=%2Fwp%2Fv2%2Fcomments&post=6892"}],"version-history":[{"count":6,"href":"https:\/\/ich.md\/index.php?rest_route=\/wp\/v2\/posts\/6892\/revisions"}],"predecessor-version":[{"id":6900,"href":"https:\/\/ich.md\/index.php?rest_route=\/wp\/v2\/posts\/6892\/revisions\/6900"}],"wp:featuredmedia":[{"embeddable":true,"href":"https:\/\/ich.md\/index.php?rest_route=\/wp\/v2\/media\/6893"}],"wp:attachment":[{"href":"https:\/\/ich.md\/index.php?rest_route=%2Fwp%2Fv2%2Fmedia&parent=6892"}],"wp:term":[{"taxonomy":"category","embeddable":true,"href":"https:\/\/ich.md\/index.php?rest_route=%2Fwp%2Fv2%2Fcategories&post=6892"},{"taxonomy":"post_tag","embeddable":true,"href":"https:\/\/ich.md\/index.php?rest_route=%2Fwp%2Fv2%2Ftags&post=6892"}],"curies":[{"name":"wp","href":"https:\/\/api.w.org\/{rel}","templated":true}]}}