{"id":6992,"date":"2023-02-14T14:31:24","date_gmt":"2023-02-14T12:31:24","guid":{"rendered":"https:\/\/ich.md\/?p=6992"},"modified":"2023-02-14T15:12:27","modified_gmt":"2023-02-14T13:12:27","slug":"aparitie-editoriala-a-ipc-dumitru-trifan-un-filosof-al-caricaturii","status":"publish","type":"post","link":"https:\/\/ich.md\/?p=6992","title":{"rendered":"Apari\u021bie editorial\u0103 a IPC: \u201eDumitru TRIFAN \u2013 un filosof al caricaturii\u201d."},"content":{"rendered":"\n<p class=\"has-text-align-center\">Apari\u021bie editorial\u0103 a Institutului Patrimoniului Cultural:<\/p>\n\n\n\n<p class=\"has-text-align-center\"><strong>\u201eDumitru TRIFAN \u2013 un filosof al caricaturii\u201d.<\/strong>  <\/p>\n\n\n\n<p class=\"has-text-align-center\"><strong>In memoriam: graficianul \u0219i pictorul Dumitru Trifan (1937\u20131997),<\/strong><\/p>\n\n\n\n<p class=\"has-text-align-center\"><strong>85 ani de la na\u0219tere.<\/strong><\/p>\n\n\n\n<p class=\"has-text-align-center\">Coordonator: dr. Aurelia Trifan<\/p>\n\n\n\n<p>Recenta apari\u021bie editorial\u0103 consacrat\u0103 crea\u021biei pictorului \u0219i graficianului D. Trifan vine s\u0103 completeze literatura de specialitate, constituind o contribu\u021bie de esen\u021b\u0103 \u00een promovarea artei na\u021bionale care necesit\u0103 a fi difuzat\u0103. Materialele incluse \u00een paginile volumului, scrise \u00een mod special sau selectate din pres\u0103, \u00eenso\u021bite de imagini, evoc\u0103 plenar personalitatea maestrului. Textele sunt semnate de colegi \u0219i critici de art\u0103: Victor Prohin, Ana Manole, Mihai Pot\u00e2rniche, Alexandru Donos, Nicolae Dabija, Pavel Nic\u0103, Nicolae B\u0103tr\u00e2nu, Sergiu Nuc\u0103, Gheorghe Cutasevici, Victoria Rocaciuc \u0219i Lucia Ad\u0103sc\u0103li\u021ba, reprezent\u00e2nd un aport determinant la recuperarea memoriei artistului plastic. Contur\u00e2ndu-se ca o arhiv\u0103 vie de amintiri \u0219i reflexii, lucrarea aduce la cuno\u0219tin\u021ba cititorului etape importante din formarea profesional\u0103 a artistului.<\/p>\n\n\n\n<p>Dumitru Trifan a excelat \u00een domeniul graficii satirice pe parcursul a mai multor decenii, dintre care ultimii 20 de ani \u00een calitate de redactor artistic la s\u0103pt\u0103m\u00e2nalul \u201eLiteratura \u0219i Arta\u201d (1977\u20131997), \u201e\u00eenfrunt\u00e2ndu-se cu potenta\u021bii nedori\u021bi ai puterii nu prin dispute, ci prin for\u021ba artei pe care a profesat-o p\u00e2n\u0103 la ultima suflare\u201d.<\/p>\n\n\n<div class=\"wp-block-image\">\n<figure class=\"aligncenter size-large\"><a href=\"https:\/\/ich.md\/wp-content\/uploads\/2023\/02\/01_Coperta_DUMITRU_TRIFAN_bons_offices-scaled.jpg\"><img decoding=\"async\" loading=\"lazy\" width=\"1024\" height=\"534\" src=\"https:\/\/ich.md\/wp-content\/uploads\/2023\/02\/01_Coperta_DUMITRU_TRIFAN_bons_offices-1024x534.jpg\" alt=\"\" class=\"wp-image-6993\"\/><\/a><\/figure><\/div>\n\n<b>PDF Embedder requires a url attribute<\/b>\n\n\n<div class=\"wp-block-file\"><object class=\"wp-block-file__embed\" data=\"http:\/\/ich.md\/wp-content\/uploads\/2023\/02\/DUMITRU_TRIFAN_-carte_redus.pdf\" type=\"application\/pdf\" style=\"width:100%;height:600px\" aria-label=\"\u00cenglobare pentru DUMITRU_TRIFAN_ carte_redus.\"><\/object><a id=\"wp-block-file--media-294389b7-ac28-4b2c-aef0-1a311c23fc96\" href=\"http:\/\/ich.md\/wp-content\/uploads\/2023\/02\/DUMITRU_TRIFAN_-carte_redus.pdf\">DUMITRU_TRIFAN_ carte_redus<\/a><a href=\"http:\/\/ich.md\/wp-content\/uploads\/2023\/02\/DUMITRU_TRIFAN_-carte_redus.pdf\" class=\"wp-block-file__button wp-element-button\" download aria-describedby=\"wp-block-file--media-294389b7-ac28-4b2c-aef0-1a311c23fc96\">Descarc\u0103<\/a><\/div>\n","protected":false},"excerpt":{"rendered":"<p>Apari\u021bie editorial\u0103 a Institutului Patrimoniului Cultural: \u201eDumitru TRIFAN \u2013 un filosof al caricaturii\u201d. In memoriam: graficianul \u0219i pictorul Dumitru Trifan (1937\u20131997), 85 ani de la<span class=\"read-more-link\"><a class=\"read-more\" href=\"https:\/\/ich.md\/?p=6992\">Read More<\/a><\/span><\/p>\n","protected":false},"author":2,"featured_media":6996,"comment_status":"closed","ping_status":"closed","sticky":false,"template":"","format":"standard","meta":[],"categories":[10],"tags":[],"_links":{"self":[{"href":"https:\/\/ich.md\/index.php?rest_route=\/wp\/v2\/posts\/6992"}],"collection":[{"href":"https:\/\/ich.md\/index.php?rest_route=\/wp\/v2\/posts"}],"about":[{"href":"https:\/\/ich.md\/index.php?rest_route=\/wp\/v2\/types\/post"}],"author":[{"embeddable":true,"href":"https:\/\/ich.md\/index.php?rest_route=\/wp\/v2\/users\/2"}],"replies":[{"embeddable":true,"href":"https:\/\/ich.md\/index.php?rest_route=%2Fwp%2Fv2%2Fcomments&post=6992"}],"version-history":[{"count":6,"href":"https:\/\/ich.md\/index.php?rest_route=\/wp\/v2\/posts\/6992\/revisions"}],"predecessor-version":[{"id":7002,"href":"https:\/\/ich.md\/index.php?rest_route=\/wp\/v2\/posts\/6992\/revisions\/7002"}],"wp:featuredmedia":[{"embeddable":true,"href":"https:\/\/ich.md\/index.php?rest_route=\/wp\/v2\/media\/6996"}],"wp:attachment":[{"href":"https:\/\/ich.md\/index.php?rest_route=%2Fwp%2Fv2%2Fmedia&parent=6992"}],"wp:term":[{"taxonomy":"category","embeddable":true,"href":"https:\/\/ich.md\/index.php?rest_route=%2Fwp%2Fv2%2Fcategories&post=6992"},{"taxonomy":"post_tag","embeddable":true,"href":"https:\/\/ich.md\/index.php?rest_route=%2Fwp%2Fv2%2Ftags&post=6992"}],"curies":[{"name":"wp","href":"https:\/\/api.w.org\/{rel}","templated":true}]}}