{"id":7178,"date":"2023-04-14T08:51:17","date_gmt":"2023-04-14T05:51:17","guid":{"rendered":"https:\/\/ich.md\/?p=7178"},"modified":"2023-05-26T09:27:42","modified_gmt":"2023-05-26T06:27:42","slug":"conferinta-stiintifica-nationala-portul-popular-expresie-a-istoriei-si-culturii-neamului-editia-a-iii-a","status":"publish","type":"post","link":"https:\/\/ich.md\/?p=7178","title":{"rendered":"CONFERIN\u021aA \u0218TIIN\u021aIFIC\u0102 NA\u021aIONAL\u0102 <strong>PORTUL POPULAR &#8211; EXPRESIE A ISTORIEI \u0218I CULTURII NEAMULUI. EDI\u021aIA a III-a<\/strong>"},"content":{"rendered":"\n<div class=\"wp-block-group is-layout-constrained\"><div class=\"wp-block-group__inner-container\">\n<figure class=\"wp-block-image size-large\"><a href=\"https:\/\/ich.md\/wp-content\/uploads\/2023\/04\/Anunt-Conferinta.portul-2023_Page_1-scaled.jpg\"><img decoding=\"async\" loading=\"lazy\" width=\"1024\" height=\"286\" src=\"https:\/\/ich.md\/wp-content\/uploads\/2023\/04\/Anunt-Conferinta.portul-2023_Page_1-1024x286.jpg\" alt=\"\" class=\"wp-image-7182\"\/><\/a><\/figure>\n\n\n\n<p><\/p>\n\n\n\n<p><\/p>\n\n\n\n<p class=\"has-text-align-center\">CONFERIN\u021aA \u0218TIIN\u021aIFIC\u0102 NA\u021aIONAL\u0102<\/p>\n\n\n\n<p class=\"has-text-align-center\"><strong>PORTUL POPULAR &#8211; EXPRESIE A ISTORIEI \u0218I CULTURII NEAMULUI.<\/strong><\/p>\n\n\n\n<p class=\"has-text-align-center\"><strong>EDI\u021aIA a III-a,<\/strong><\/p>\n\n\n\n<p class=\"has-text-align-center\"><strong>dedicat\u0103 <em>Zilei Universale a Iei \u0219i Zilei Na\u021bionale a Portului Popular<\/em><\/strong><\/p>\n\n\n\n<p class=\"has-text-align-center\"><strong>Chi\u0219in\u0103u, 22 iunie 2023<\/strong><\/p>\n\n\n\n<h2 class=\"has-text-align-center wp-block-heading\">Institutul Patrimoniului Cultural<\/h2>\n\n\n\n<h2 class=\"has-text-align-center wp-block-heading\">are onoarea de a v\u0103 invita<\/h2>\n\n\n\n<h2 class=\"has-text-align-center wp-block-heading\">mar\u021bi, 22 iunie 2023, la a treia edi\u021bie a<\/h2>\n\n\n\n<h2 class=\"has-text-align-center wp-block-heading\"><strong>Conferin\u021bei \u0218tiin\u021bifice Na\u021bionale <\/strong><strong><\/strong><\/h2>\n\n\n\n<h2 class=\"has-text-align-center wp-block-heading\"><strong>\u201ePORTUL POPULAR &#8211; EXPRESIE A ISTORIEI \u0218I CULTURII NEAMULUI\u201d, <\/strong><strong><\/strong><\/h2>\n\n\n\n<h2 class=\"has-text-align-center wp-block-heading\"><strong>dedicat\u0103 <\/strong><strong><em>Zilei Universale a Iei \u0219i Zilei Na\u021bionale a Portului Popular<\/em><\/strong><strong><em><\/em><\/strong><\/h2>\n\n\n\n<h2 class=\"has-text-align-center wp-block-heading\">Evenimentul este organizat \u00een parteneriat cu Comisia Na\u021bional\u0103 pentru Salvgardarea Patrimoniului Na\u021bional Imaterial, \u0218coala Doctoral\u0103 &#8222;Istorie. Patrimoniu Cultural. Modernitate&#8221;,&nbsp;Universitatea Pedagogic\u0103 de Stat \u201eI. Creang\u0103\u201d din Chi\u0219in\u0103u \u0219i Muzeul Na\u021bional de Etnografie \u0219i Istorie Natural\u0103.<\/h2>\n\n\n\n<h2 class=\"has-text-align-center wp-block-heading\">Reuniunea se va desf\u0103\u0219ura \u00een regim mixt: cu prezen\u021b\u0103 fizic\u0103 \u0219i online, \u00eencep\u00e2nd cu ora 10.00.<\/h2>\n<\/div><\/div>\n\n\n\n<p>Ne pute\u021bi comunica inten\u021bia dumneavoastr\u0103 de participare la eveniment p\u00e2n\u0103 la data de <strong>15 mai 2023<\/strong>. La Conferin\u021b\u0103, \u00een afar\u0103 de comunic\u0103rile referitoare la portul tradi\u021bional, vor fi acceptate \u0219i comunic\u0103ri pe alte teme, ce \u021bin de domeniul&nbsp; etnologiei. Formularul de \u00eenscriere trebuie s\u0103 con\u021bin\u0103 <em>titlul comunic\u0103rii, numele \u0219i prenumele participantului, titlul \u0219tiin\u021bific, func\u021bia \u0219i afilierea institu\u021bional\u0103, rezumatul comunic\u0103rii (1800-2000 de semne cu spa\u021bii)<\/em>.<\/p>\n\n\n\n<p>Adresa de recep\u021bionare a formularelor: <a href=\"mailto:portulpopular@gmail.com\" target=\"_blank\" rel=\"noreferrer noopener\"><strong>portulpopular@gmail.com<\/strong><\/a><\/p>\n\n\n\n<p>Limbile de lucru ale conferin\u021bei: rom\u00e2n\u0103, englez\u0103, rus\u0103.<\/p>\n\n\n\n<p>Detalii suplimentare pot fi solicitate la telefonul de contact: +373 22 270 602<\/p>\n\n\n\n<p>Cu respect,<\/p>\n\n\n\n<p>Comitetul de organizare.<\/p>\n\n\n\n<p class=\"has-text-align-center\"><strong>National Scientific Conference<\/strong><\/p>\n\n\n\n<p class=\"has-text-align-center\"><strong>FOLK COSTUME &#8211; EXPRESSION OF THE HISTORY<\/strong><\/p>\n\n\n\n<p class=\"has-text-align-center\"><strong>AND CULTURE OF THE NATION<\/strong><\/p>\n\n\n\n<p class=\"has-text-align-center\"><strong>THIRD EDITION,<\/strong><\/p>\n\n\n\n<p class=\"has-text-align-center\"><strong>dedicated to the <em>The Universal Day of the Romanian Blouse (Ia)<\/em><\/strong><\/p>\n\n\n\n<p class=\"has-text-align-center\"><strong><em>and the National Day of the Folk Costume<\/em><\/strong><\/p>\n\n\n\n<p class=\"has-text-align-center\"><strong>Chisinau, June 22, 2023<\/strong><\/p>\n\n\n\n<p class=\"has-text-align-center\">The Institute of Cultural Heritage<\/p>\n\n\n\n<p class=\"has-text-align-center\">has the honor to invite you<\/p>\n\n\n\n<p class=\"has-text-align-center\">on Tuesday, June 22, 2023, to the third edition of the<\/p>\n\n\n\n<p class=\"has-text-align-center\"><strong>National Scientific Conference<\/strong><\/p>\n\n\n\n<p class=\"has-text-align-center\"><strong>\u201cFOLK COSTUME &#8211; EXPRESSION OF THE HISTORY<\/strong><\/p>\n\n\n\n<p class=\"has-text-align-center\"><strong>AND CULTURE OF THE NATION\u201d<\/strong><\/p>\n\n\n\n<p class=\"has-text-align-center\"><strong>dedicated to the Universal Day of the Romanian Blouse (Ia)<\/strong><\/p>\n\n\n\n<p class=\"has-text-align-center\"><strong>and the National Day of the Folk Costume.<\/strong><\/p>\n\n\n\n<p>The event is organized in partnership with the the National Commission for the Safeguarding of Intangible Cultural Heritage, Doctoral School &#8222;history. Cultural Heritage. Modernity&#8221; of the State Pedagogical University \u201eI. Creang\u0103\u201d and the National Museum of Ethnography and Natural History.<\/p>\n\n\n\n<p>The meeting will take place in a hybrid format (both online and onsite) and will start at 10:00 a.m.<\/p>\n\n\n\n<p>Please communicate your intention to participate in the event by May 15, 2023. Other topics related to ethnology will also be accepted at the conference. The registration form shall contain the title of the presentation, the name and surname of the participant, the scientific title, the position and institutional affiliation, the summary of the presentation (1800-2000 characters with spaces).<\/p>\n\n\n\n<p>The form reception address is: <a href=\"mailto:portulpopular@gmail.com\">portulpopular@gmail.com<\/a>.<\/p>\n\n\n\n<p>The working languages of the conference: Romanian, English, Russian.<\/p>\n\n\n\n<p>Additional details can be requested at the contact telephone number:<\/p>\n\n\n\n<p>+373 22 270 602<\/p>\n\n\n\n<p>Respectfully,<\/p>\n\n\n\n<p>The Organizing Committee<\/p>\n","protected":false},"excerpt":{"rendered":"<p>CONFERIN\u021aA \u0218TIIN\u021aIFIC\u0102 NA\u021aIONAL\u0102 PORTUL POPULAR &#8211; EXPRESIE A ISTORIEI \u0218I CULTURII NEAMULUI. EDI\u021aIA a III-a, dedicat\u0103 Zilei Universale a Iei \u0219i Zilei Na\u021bionale a Portului<span class=\"read-more-link\"><a class=\"read-more\" href=\"https:\/\/ich.md\/?p=7178\">Read More<\/a><\/span><\/p>\n","protected":false},"author":2,"featured_media":7204,"comment_status":"closed","ping_status":"closed","sticky":false,"template":"","format":"standard","meta":[],"categories":[10],"tags":[],"_links":{"self":[{"href":"https:\/\/ich.md\/index.php?rest_route=\/wp\/v2\/posts\/7178"}],"collection":[{"href":"https:\/\/ich.md\/index.php?rest_route=\/wp\/v2\/posts"}],"about":[{"href":"https:\/\/ich.md\/index.php?rest_route=\/wp\/v2\/types\/post"}],"author":[{"embeddable":true,"href":"https:\/\/ich.md\/index.php?rest_route=\/wp\/v2\/users\/2"}],"replies":[{"embeddable":true,"href":"https:\/\/ich.md\/index.php?rest_route=%2Fwp%2Fv2%2Fcomments&post=7178"}],"version-history":[{"count":7,"href":"https:\/\/ich.md\/index.php?rest_route=\/wp\/v2\/posts\/7178\/revisions"}],"predecessor-version":[{"id":7188,"href":"https:\/\/ich.md\/index.php?rest_route=\/wp\/v2\/posts\/7178\/revisions\/7188"}],"wp:featuredmedia":[{"embeddable":true,"href":"https:\/\/ich.md\/index.php?rest_route=\/wp\/v2\/media\/7204"}],"wp:attachment":[{"href":"https:\/\/ich.md\/index.php?rest_route=%2Fwp%2Fv2%2Fmedia&parent=7178"}],"wp:term":[{"taxonomy":"category","embeddable":true,"href":"https:\/\/ich.md\/index.php?rest_route=%2Fwp%2Fv2%2Fcategories&post=7178"},{"taxonomy":"post_tag","embeddable":true,"href":"https:\/\/ich.md\/index.php?rest_route=%2Fwp%2Fv2%2Ftags&post=7178"}],"curies":[{"name":"wp","href":"https:\/\/api.w.org\/{rel}","templated":true}]}}