{"id":7189,"date":"2023-05-05T13:08:17","date_gmt":"2023-05-05T10:08:17","guid":{"rendered":"https:\/\/ich.md\/?p=7189"},"modified":"2023-05-05T13:21:04","modified_gmt":"2023-05-05T10:21:04","slug":"conferinta-internationala-cultura-culinara-traditionala-turca-si-din-republica-moldova","status":"publish","type":"post","link":"https:\/\/ich.md\/?p=7189","title":{"rendered":"<strong>CONFERIN\u021aA INTERNA\u021aIONAL\u0102: CULTURA CULINAR\u0102 TRADI\u021aIONAL\u0102 TURC\u0102 \u0218I DIN REPUBLICA MOLDOVA<\/strong>"},"content":{"rendered":"\n<p class=\"has-text-align-center\">Comisia Na\u021bional\u0103 a Republicii Moldova pentru UNESCO, Comisia Na\u021bional\u0103 a Turciei pentru UNESCO \u00een parteneriat cu Institutul Patrimoniului Cultural<\/p>\n\n\n\n<p class=\"has-text-align-center\">Organizeaz\u0103 la 5 mai 2023<\/p>\n\n\n\n<p class=\"has-text-align-center\"><strong>CONFERIN\u021aA INTERNA\u021aIONAL\u0102: <\/strong><\/p>\n\n\n\n<p class=\"has-text-align-center\"><strong>CULTURA CULINAR\u0102 TRADI\u021aIONAL\u0102 TURC\u0102 \u0218I DIN REPUBLICA MOLDOVA<\/strong><\/p>\n\n\n\n<p class=\"has-text-align-center\">Programul conferin\u021bei:<\/p>\n\n\n<b>PDF Embedder requires a url attribute<\/b>\n\n<div class=\"ead-preview\"><div class=\"ead-document\" style=\"position: relative;padding-top: 90%;\"><div class=\"ead-iframe-wrapper\"><iframe src=\"\/\/docs.google.com\/viewer?url=https%3A%2F%2Fich.md%2Fwp-content%2Fuploads%2F2023%2F05%2FProgram_conf_Traditia-culinara.pdf&amp;embedded=true&amp;hl=en\" title=\"Embedded Document\" class=\"ead-iframe\" style=\"width: 100%;height: 100%;border: none;position: absolute;left: 0;top: 0;visibility: hidden;\"><\/iframe><\/div>\t\t\t<div class=\"ead-document-loading\" style=\"width:100%;height:100%;position:absolute;left:0;top:0;z-index:10;\">\n\t\t\t\t<div class=\"ead-loading-wrap\">\n\t\t\t\t\t<div class=\"ead-loading-main\">\n\t\t\t\t\t\t<div class=\"ead-loading\">\n\t\t\t\t\t\t\t<img decoding=\"async\" loading=\"lazy\" src=\"https:\/\/ich.md\/wp-content\/plugins\/embed-any-document\/images\/loading.svg\" width=\"55\" height=\"55\" alt=\"Loader\">\n\t\t\t\t\t\t\t<span>Loading&#8230;<\/span>\n\t\t\t\t\t\t<\/div>\n\t\t\t\t\t<\/div>\n\t\t\t\t\t<div class=\"ead-loading-foot\">\n\t\t\t\t\t\t<div class=\"ead-loading-foot-title\">\n\t\t\t\t\t\t\t<img decoding=\"async\" loading=\"lazy\" src=\"https:\/\/ich.md\/wp-content\/plugins\/embed-any-document\/images\/EAD-logo.svg\" alt=\"EAD Logo\" width=\"36\" height=\"23\"\/>\n\t\t\t\t\t\t\t<span>Taking too long?<\/span>\n\t\t\t\t\t\t<\/div>\n\t\t\t\t\t\t<p>\n\t\t\t\t\t\t\t<div class=\"ead-document-btn ead-reload-btn\" role=\"button\">\n\t\t\t\t\t\t\t\t<img decoding=\"async\" loading=\"lazy\" src=\"https:\/\/ich.md\/wp-content\/plugins\/embed-any-document\/images\/reload.svg\" alt=\"Reload\" width=\"12\" height=\"12\"\/> Reload document\t\t\t\t\t\t\t<\/div>\n\t\t\t\t\t\t\t<span>|<\/span>\n\t\t\t\t\t\t\t<a href=\"https:\/\/ich.md\/wp-content\/uploads\/2023\/05\/Program_conf_Traditia-culinara.pdf\" class=\"ead-document-btn\" target=\"_blank\">\n\t\t\t\t\t\t\t\t<img decoding=\"async\" loading=\"lazy\" src=\"https:\/\/ich.md\/wp-content\/plugins\/embed-any-document\/images\/open.svg\" alt=\"Open\" width=\"12\" height=\"12\"\/> Open in new tab\t\t\t\t\t\t\t<\/a>\n\t\t\t\t\t<\/div>\n\t\t\t\t<\/div>\n\t\t\t<\/div>\n\t\t<\/div><p class=\"embed_download\"><a href=\"https:\/\/ich.md\/wp-content\/uploads\/2023\/05\/Program_conf_Traditia-culinara.pdf\" download >Download [380.36 KB] <\/a><\/p><\/div>\n\n\n<figure class=\"wp-block-embed is-type-video is-provider-youtube wp-block-embed-youtube wp-embed-aspect-4-3 wp-has-aspect-ratio\"><div class=\"wp-block-embed__wrapper\">\n<iframe loading=\"lazy\" title=\"05.05.2023, 10:30 | Cultura culinar\u0103 tradi\u021bional\u0103 turc\u0103 \u0219i din Republica Moldova\" width=\"1160\" height=\"870\" src=\"https:\/\/www.youtube.com\/embed\/QatwZZWbCBM?feature=oembed\" frameborder=\"0\" allow=\"accelerometer; autoplay; clipboard-write; encrypted-media; gyroscope; picture-in-picture; web-share\" allowfullscreen><\/iframe>\n<\/div><\/figure>\n","protected":false},"excerpt":{"rendered":"<p>Comisia Na\u021bional\u0103 a Republicii Moldova pentru UNESCO, Comisia Na\u021bional\u0103 a Turciei pentru UNESCO \u00een parteneriat cu Institutul Patrimoniului Cultural Organizeaz\u0103 la 5 mai 2023 CONFERIN\u021aA<span class=\"read-more-link\"><a class=\"read-more\" href=\"https:\/\/ich.md\/?p=7189\">Read More<\/a><\/span><\/p>\n","protected":false},"author":2,"featured_media":7193,"comment_status":"closed","ping_status":"closed","sticky":false,"template":"","format":"standard","meta":[],"categories":[10],"tags":[],"_links":{"self":[{"href":"https:\/\/ich.md\/index.php?rest_route=\/wp\/v2\/posts\/7189"}],"collection":[{"href":"https:\/\/ich.md\/index.php?rest_route=\/wp\/v2\/posts"}],"about":[{"href":"https:\/\/ich.md\/index.php?rest_route=\/wp\/v2\/types\/post"}],"author":[{"embeddable":true,"href":"https:\/\/ich.md\/index.php?rest_route=\/wp\/v2\/users\/2"}],"replies":[{"embeddable":true,"href":"https:\/\/ich.md\/index.php?rest_route=%2Fwp%2Fv2%2Fcomments&post=7189"}],"version-history":[{"count":2,"href":"https:\/\/ich.md\/index.php?rest_route=\/wp\/v2\/posts\/7189\/revisions"}],"predecessor-version":[{"id":7194,"href":"https:\/\/ich.md\/index.php?rest_route=\/wp\/v2\/posts\/7189\/revisions\/7194"}],"wp:featuredmedia":[{"embeddable":true,"href":"https:\/\/ich.md\/index.php?rest_route=\/wp\/v2\/media\/7193"}],"wp:attachment":[{"href":"https:\/\/ich.md\/index.php?rest_route=%2Fwp%2Fv2%2Fmedia&parent=7189"}],"wp:term":[{"taxonomy":"category","embeddable":true,"href":"https:\/\/ich.md\/index.php?rest_route=%2Fwp%2Fv2%2Fcategories&post=7189"},{"taxonomy":"post_tag","embeddable":true,"href":"https:\/\/ich.md\/index.php?rest_route=%2Fwp%2Fv2%2Ftags&post=7189"}],"curies":[{"name":"wp","href":"https:\/\/api.w.org\/{rel}","templated":true}]}}