{"id":7235,"date":"2023-07-25T15:32:24","date_gmt":"2023-07-25T12:32:24","guid":{"rendered":"https:\/\/ich.md\/?p=7235"},"modified":"2023-09-15T15:03:43","modified_gmt":"2023-09-15T12:03:43","slug":"simpozionul-national-de-studii-culturale-editia-a-v-a","status":"publish","type":"post","link":"https:\/\/ich.md\/?p=7235","title":{"rendered":"<strong>SIMPOZIONUL NA\u021aIONAL DE STUDII CULTURALE, EDI\u021aIA a V-a<\/strong>"},"content":{"rendered":"\n<p class=\"has-text-align-center\">Institutul Patrimoniului Cultural \u0219i Biblioteca Municipal\u0103 \u201eB.P. Hasdeu\u201d,<\/p>\n\n\n\n<p class=\"has-text-align-center\">Filiala de Arte \u201eTudor Arghezi\u201d organizeaz\u0103<\/p>\n\n\n\n<p class=\"has-text-align-center\"><strong>SIMPOZIONUL NA\u021aIONAL DE STUDII CULTURALE, EDI\u021aIA a V-a,<\/strong><\/p>\n\n\n\n<p class=\"has-text-align-center\"><strong>dedicat Zilelor Europene ale Patrimoniului<\/strong><\/p>\n\n\n\n<p>Lucr\u0103rile simpozionului vor avea loc la <strong>26 septembrie 2023<\/strong> \u00een incinta Institutului Patrimoniului Cultural (Bd. \u0218tefan cel Mare \u0219i Sf\u00e2nt 1).<\/p>\n\n\n\n<p>Comunic\u0103rile vor aborda subiecte din ariile tematice:<\/p>\n\n\n\n<ul>\n<li><em>Patrimoniul artistic na\u021bional &#8211; surs\u0103 de promovare a identit\u0103\u021bii culturale<\/em><em><\/em><\/li>\n\n\n\n<li><em>Patrimoniul etnografic: expresie a spiritualit\u0103\u021bii \u0219i modului tradi\u021bional de via\u021b\u0103<\/em><em><\/em><\/li>\n\n\n\n<li>Memoria local\u0103, component\u0103 a patrimoniului cultural-artistic na\u021bional<em><\/em><\/li>\n<\/ul>\n\n\n\n<p>Comunic\u0103rile nu vor dep\u0103\u0219i 15 minute. Propunerile de participare vor fi trimise p\u00e2n\u0103 la data de <strong>1 septembrie a.c.<\/strong> la adresa: <a href=\"mailto:studiiculturale1@gmail.com\"><strong>studiiculturale1@gmail.com<\/strong><\/a> \u015fi vor include: Numele, prenumele participantului, afilierea institu\u021bional\u0103, titlul comunic\u0103rii \u0219i un rezumat (\u00een volum de <strong>1800-2000<\/strong> de semne cu spa\u0163ii).<\/p>\n\n\n\n<p>Fiecare participant se poate \u00eenscrie cu o singur\u0103 comunicare, iar fiecare comunicare poate avea cel mult doi autori.<\/p>\n\n\n\n<p>Programul simpozionului \u0219i rezumatele comunic\u0103rilor vor fi publicate \u0219i difuzate participan\u021bilor, dar \u0219i pe site-rile institu\u021biilor organizatoare.<\/p>\n\n\n\n<p>Lucr\u0103rile prezentate \u00een cadrul simpozionului, dup\u0103 recenzare, vor fi publicate \u00eentr-un volum de studii cu titlul simpozionului. Despre condi\u021biile de redactare a materialelor vom comunica separat participan\u021bilor.<\/p>\n\n\n\n<p>A\u0219tept\u0103m propunerile Dumneavoastr\u0103.<\/p>\n\n\n\n<p>Comitetul de organizare<\/p>\n","protected":false},"excerpt":{"rendered":"<p>Institutul Patrimoniului Cultural \u0219i Biblioteca Municipal\u0103 \u201eB.P. Hasdeu\u201d, Filiala de Arte \u201eTudor Arghezi\u201d organizeaz\u0103 SIMPOZIONUL NA\u021aIONAL DE STUDII CULTURALE, EDI\u021aIA a V-a, dedicat Zilelor Europene<span class=\"read-more-link\"><a class=\"read-more\" href=\"https:\/\/ich.md\/?p=7235\">Read More<\/a><\/span><\/p>\n","protected":false},"author":2,"featured_media":7268,"comment_status":"closed","ping_status":"closed","sticky":false,"template":"","format":"standard","meta":[],"categories":[10],"tags":[],"_links":{"self":[{"href":"https:\/\/ich.md\/index.php?rest_route=\/wp\/v2\/posts\/7235"}],"collection":[{"href":"https:\/\/ich.md\/index.php?rest_route=\/wp\/v2\/posts"}],"about":[{"href":"https:\/\/ich.md\/index.php?rest_route=\/wp\/v2\/types\/post"}],"author":[{"embeddable":true,"href":"https:\/\/ich.md\/index.php?rest_route=\/wp\/v2\/users\/2"}],"replies":[{"embeddable":true,"href":"https:\/\/ich.md\/index.php?rest_route=%2Fwp%2Fv2%2Fcomments&post=7235"}],"version-history":[{"count":2,"href":"https:\/\/ich.md\/index.php?rest_route=\/wp\/v2\/posts\/7235\/revisions"}],"predecessor-version":[{"id":7238,"href":"https:\/\/ich.md\/index.php?rest_route=\/wp\/v2\/posts\/7235\/revisions\/7238"}],"wp:featuredmedia":[{"embeddable":true,"href":"https:\/\/ich.md\/index.php?rest_route=\/wp\/v2\/media\/7268"}],"wp:attachment":[{"href":"https:\/\/ich.md\/index.php?rest_route=%2Fwp%2Fv2%2Fmedia&parent=7235"}],"wp:term":[{"taxonomy":"category","embeddable":true,"href":"https:\/\/ich.md\/index.php?rest_route=%2Fwp%2Fv2%2Fcategories&post=7235"},{"taxonomy":"post_tag","embeddable":true,"href":"https:\/\/ich.md\/index.php?rest_route=%2Fwp%2Fv2%2Ftags&post=7235"}],"curies":[{"name":"wp","href":"https:\/\/api.w.org\/{rel}","templated":true}]}}