{"id":7264,"date":"2023-09-14T15:53:58","date_gmt":"2023-09-14T12:53:58","guid":{"rendered":"https:\/\/ich.md\/?p=7264"},"modified":"2023-09-14T15:56:07","modified_gmt":"2023-09-14T12:56:07","slug":"aviz-cu-privire-la-organizarea-sedintei-seminarului-stiintific-de-profil-arte-audiovizuale","status":"publish","type":"post","link":"https:\/\/ich.md\/?p=7264","title":{"rendered":"Aviz cu privire la organizarea \u0219edin\u021bei Seminarului \u0218tiin\u021bific de Profil (Arte audiovizuale)"},"content":{"rendered":"\n<p>\u00a0La 21 septembrie 2023, ora 11.00, \u00een sala 538 va avea loc \u0219edin\u021ba Seminarului \u0218tiin\u021bific de Profil (Arte audiovizuale) al Institutului Patrimoniului Cultural, la care va fi evaluat\u0103 teza de doctor habilitat \u00een studiul artelor \u0219i culturologie cu tema <em>Teatralitatea \u00een discursul artistic al lui Ion Dru\u021b\u0103<\/em>, \u00a0la specialitatea 654.01 &#8211; <em>Art\u0103 teatral\u0103, coregrafic\u0103. <\/em>Autoare: Ana Ghila\u0219, doctor, cercet\u0103tor \u0219tiin\u021bific coordonator. Consultant \u0219tiin\u021bific: Ana-Maria Pl\u0103m\u0103deal\u0103, doctor habilitat \u00een studiul artelor<\/p>\n","protected":false},"excerpt":{"rendered":"<p>\u00a0La 21 septembrie 2023, ora 11.00, \u00een sala 538 va avea loc \u0219edin\u021ba Seminarului \u0218tiin\u021bific de Profil (Arte audiovizuale) al Institutului Patrimoniului Cultural, la care<span class=\"read-more-link\"><a class=\"read-more\" href=\"https:\/\/ich.md\/?p=7264\">Read More<\/a><\/span><\/p>\n","protected":false},"author":2,"featured_media":4561,"comment_status":"closed","ping_status":"closed","sticky":false,"template":"","format":"standard","meta":[],"categories":[10],"tags":[],"_links":{"self":[{"href":"https:\/\/ich.md\/index.php?rest_route=\/wp\/v2\/posts\/7264"}],"collection":[{"href":"https:\/\/ich.md\/index.php?rest_route=\/wp\/v2\/posts"}],"about":[{"href":"https:\/\/ich.md\/index.php?rest_route=\/wp\/v2\/types\/post"}],"author":[{"embeddable":true,"href":"https:\/\/ich.md\/index.php?rest_route=\/wp\/v2\/users\/2"}],"replies":[{"embeddable":true,"href":"https:\/\/ich.md\/index.php?rest_route=%2Fwp%2Fv2%2Fcomments&post=7264"}],"version-history":[{"count":1,"href":"https:\/\/ich.md\/index.php?rest_route=\/wp\/v2\/posts\/7264\/revisions"}],"predecessor-version":[{"id":7265,"href":"https:\/\/ich.md\/index.php?rest_route=\/wp\/v2\/posts\/7264\/revisions\/7265"}],"wp:featuredmedia":[{"embeddable":true,"href":"https:\/\/ich.md\/index.php?rest_route=\/wp\/v2\/media\/4561"}],"wp:attachment":[{"href":"https:\/\/ich.md\/index.php?rest_route=%2Fwp%2Fv2%2Fmedia&parent=7264"}],"wp:term":[{"taxonomy":"category","embeddable":true,"href":"https:\/\/ich.md\/index.php?rest_route=%2Fwp%2Fv2%2Fcategories&post=7264"},{"taxonomy":"post_tag","embeddable":true,"href":"https:\/\/ich.md\/index.php?rest_route=%2Fwp%2Fv2%2Ftags&post=7264"}],"curies":[{"name":"wp","href":"https:\/\/api.w.org\/{rel}","templated":true}]}}