{"id":7276,"date":"2023-09-18T09:06:03","date_gmt":"2023-09-18T06:06:03","guid":{"rendered":"https:\/\/ich.md\/?p=7276"},"modified":"2023-09-18T09:06:39","modified_gmt":"2023-09-18T06:06:39","slug":"aparitie-editoriala-a-ipc-ivan-duminica-viata-bisericeasca-a-bulgarilor-din-basarabia-1812-1918","status":"publish","type":"post","link":"https:\/\/ich.md\/?p=7276","title":{"rendered":"Apari\u021bie editorial\u0103 a IPC: Ivan Duminica. Via\u021ba bisericeasc\u0103 a bulgarilor din Basarabia (1812\u20131918)"},"content":{"rendered":"\n<p>Recent la Institutul Patrimoniului Cultural, Centrul de Etnologie, a ap\u0103rut monografia \u00een limba bulgar\u0103 <strong>\u201e\u0426\u044a\u0440\u043a\u043e\u0432\u043d\u0438\u044f\u0442 \u0436\u0438\u0432\u043e\u0442 \u043d\u0430 \u0431\u044a\u043b\u0433\u0430\u0440\u0438\u0442\u0435 \u0432 \u0411\u0435\u0441\u0430\u0440\u0430\u0431\u0438\u044f (1812\u20131918)\u201d. Autor: dr. hab. Ivan Duminica.<\/strong><\/p>\n\n\n\n<p>Monografia eviden\u021biaz\u0103 tr\u0103s\u0103turile caracteristice ale organiz\u0103rii biserice\u0219ti \u0219i a dezvolt\u0103rii spirituale a comunit\u0103\u021bii bulgare din Basarabia \u00een perioada c\u00e2nd acest teritoriu se afla \u00een componen\u021ba Imperiului Rus (1812\u20131918). De asemenea, nu este trecut\u0103 cu vederea perioada c\u00e2nd cele 27 de colonii bulgare din Basarabia de Sud se aflau sub jurisdic\u021bia canonic\u0103 a Mitropoliei Moldovei (1856\u20131872) \u0219i a Bisericii Ortodoxe Rom\u00e2ne (1872\u20131878). Toate acestea \u0219i-au l\u0103sat amprenta asupra dezvolt\u0103rii spirituale a credincio\u0219ilor bulgari, au fost introduse unele tr\u0103s\u0103turi speciale \u00een ritualurile lor religioase.<\/p>\n\n\n\n<p>\u00cen lucrarea s\u0103 arat\u0103, c\u0103 \u00een procesul form\u0103rii structurii biserice\u0219ti, coloni\u0219tii bulgari s-au manifestat ca \u0219i ctitori activi, epitropi biserice\u0219ti, filantropi. Practic, cu ajutorul lor financiar erau \u00eentre\u021binu\u021bi slujitorii biserice\u0219ti, se \u00eendeplineau lucr\u0103ri de construc\u021bie \u0219i repara\u021bie l\u0103ca\u0219elor sfin\u021bi.<\/p>\n\n\n\n<p>\u00cen carte se dezv\u0103luie \u0219i problema educa\u021biei spirituale a coloni\u0219tilor bulgari din Basarabia. Se subliniaz\u0103 c\u0103 o etap\u0103 important\u0103 \u00een dezvoltarea acestui proces \u00een coloniile bulgare se \u00eencepe cu deschiderea \u0219colilor parohiale lancasteriene \u00een anii 40 ai secolului al XIX-lea. De asemenea este ar\u0103tat c\u0103 clericii bulgari din Basarabia sunt rela\u021biona\u021bi \u0219i cu primele manifest\u0103ri \u0219tiin\u021bifice \u0219i de cercetare \u00een colonii. \u00cen afar\u0103 de aceasta, fe\u021bele biserice\u0219ti basarabene de origine bulgar\u0103 particip\u0103 \u0219i la mi\u0219carea de eliberare na\u021bional\u0103 din Balcani a poporului s\u0103u. Analiza documentelor de arhiv\u0103 arat\u0103 c\u0103 la \u00eenceputul secolului al XIX-lea prin intermediul preo\u021bilor bulgari se manifesta con\u0219tiin\u021ba na\u021bional\u0103, identitatea lingvistic\u0103 \u0219i etnic\u0103 a coloni\u0219tilor din Basarabia.<\/p>\n\n\n\n<p><strong>\u0414\u0443\u043c\u0438\u043d\u0438\u043a\u0430, \u0418\u0432\u0430\u043d. <em>\u0426\u044a\u0440\u043a\u043e\u0432\u043d\u0438\u044f\u0442 \u0436\u0438\u0432\u043e\u0442 \u043d\u0430 \u0431\u044a\u043b\u0433\u0430\u0440\u0438\u0442\u0435 \u0432 \u0411\u0435\u0441\u0430\u0440\u0430\u0431\u0438\u044f (1812\u20131918). \u041a\u0438\u0448\u0438\u043de\u0432: Lexon-Prim, 2023. 456 p.<\/em> ISBN 978-9975-172-11-0.<\/strong><\/p>\n\n\n<div class=\"wp-block-image\">\n<figure class=\"aligncenter size-large is-resized\"><a href=\"https:\/\/ich.md\/wp-content\/uploads\/2023\/09\/biserica_coperta-scaled.jpg\"><img decoding=\"async\" loading=\"lazy\" src=\"https:\/\/ich.md\/wp-content\/uploads\/2023\/09\/biserica_coperta-716x1024.jpg\" alt=\"\" class=\"wp-image-7277\" width=\"322\" height=\"460\"\/><\/a><\/figure><\/div>\n\n\n<p><\/p>\n\n\n\n<p class=\"has-text-align-center\"><strong>Felicit\u0103ri autorului, succese \u00een continuare !<\/strong><\/p>\n","protected":false},"excerpt":{"rendered":"<p>Recent la Institutul Patrimoniului Cultural, Centrul de Etnologie, a ap\u0103rut monografia \u00een limba bulgar\u0103 \u201e\u0426\u044a\u0440\u043a\u043e\u0432\u043d\u0438\u044f\u0442 \u0436\u0438\u0432\u043e\u0442 \u043d\u0430 \u0431\u044a\u043b\u0433\u0430\u0440\u0438\u0442\u0435 \u0432 \u0411\u0435\u0441\u0430\u0440\u0430\u0431\u0438\u044f (1812\u20131918)\u201d. Autor: dr. hab. Ivan<span class=\"read-more-link\"><a class=\"read-more\" href=\"https:\/\/ich.md\/?p=7276\">Read More<\/a><\/span><\/p>\n","protected":false},"author":2,"featured_media":7277,"comment_status":"closed","ping_status":"closed","sticky":false,"template":"","format":"standard","meta":[],"categories":[10],"tags":[],"_links":{"self":[{"href":"https:\/\/ich.md\/index.php?rest_route=\/wp\/v2\/posts\/7276"}],"collection":[{"href":"https:\/\/ich.md\/index.php?rest_route=\/wp\/v2\/posts"}],"about":[{"href":"https:\/\/ich.md\/index.php?rest_route=\/wp\/v2\/types\/post"}],"author":[{"embeddable":true,"href":"https:\/\/ich.md\/index.php?rest_route=\/wp\/v2\/users\/2"}],"replies":[{"embeddable":true,"href":"https:\/\/ich.md\/index.php?rest_route=%2Fwp%2Fv2%2Fcomments&post=7276"}],"version-history":[{"count":2,"href":"https:\/\/ich.md\/index.php?rest_route=\/wp\/v2\/posts\/7276\/revisions"}],"predecessor-version":[{"id":7279,"href":"https:\/\/ich.md\/index.php?rest_route=\/wp\/v2\/posts\/7276\/revisions\/7279"}],"wp:featuredmedia":[{"embeddable":true,"href":"https:\/\/ich.md\/index.php?rest_route=\/wp\/v2\/media\/7277"}],"wp:attachment":[{"href":"https:\/\/ich.md\/index.php?rest_route=%2Fwp%2Fv2%2Fmedia&parent=7276"}],"wp:term":[{"taxonomy":"category","embeddable":true,"href":"https:\/\/ich.md\/index.php?rest_route=%2Fwp%2Fv2%2Fcategories&post=7276"},{"taxonomy":"post_tag","embeddable":true,"href":"https:\/\/ich.md\/index.php?rest_route=%2Fwp%2Fv2%2Ftags&post=7276"}],"curies":[{"name":"wp","href":"https:\/\/api.w.org\/{rel}","templated":true}]}}