{"id":7301,"date":"2023-10-03T09:24:38","date_gmt":"2023-10-03T06:24:38","guid":{"rendered":"https:\/\/ich.md\/?p=7301"},"modified":"2023-10-03T09:24:38","modified_gmt":"2023-10-03T06:24:38","slug":"aviz-cu-privire-la-organizarea-sedintei-seminarului-stiintific-de-profil-arte-vizuale","status":"publish","type":"post","link":"https:\/\/ich.md\/?p=7301","title":{"rendered":"Aviz cu privire la organizarea \u0219edin\u021bei Seminarului \u0218tiin\u021bific de Profil (Arte vizuale)"},"content":{"rendered":"\n<p>\u00a0La 12 octombrie 2023, ora 13.00, \u00een sala 538 va avea loc \u0219edin\u021ba Seminarului \u0218tiin\u021bific de Profil (Arte vizuale) al Institutului Patrimoniului Cultural, la care va fi evaluat\u0103 teza de doctor \u00een studiul artelor \u0219i culturologie cu tema\u00a0<strong><em>Particularit\u0103\u021bi artistice ale mobilierului \u0163\u0103r\u0103nesc din ansamblul locuin\u0163ei tradi\u0163ionale moldovene\u015fti (sf\u00e2r\u0219itul secolului XIX \u2013 mijlocul secolului XX)<\/em><\/strong>,\u00a0la specialitatea 651.01 \u2013\u00a0<em>Teoria \u0219i istoria artelor plastice.\u00a0<\/em>Autoare: Elena Madan. Conduc\u0103tor \u0219tiin\u021bific: Vitalie Malcoci, doctor \u00een studiul artelor.<\/p>\n","protected":false},"excerpt":{"rendered":"<p>\u00a0La 12 octombrie 2023, ora 13.00, \u00een sala 538 va avea loc \u0219edin\u021ba Seminarului \u0218tiin\u021bific de Profil (Arte vizuale) al Institutului Patrimoniului Cultural, la care<span class=\"read-more-link\"><a class=\"read-more\" href=\"https:\/\/ich.md\/?p=7301\">Read More<\/a><\/span><\/p>\n","protected":false},"author":2,"featured_media":7031,"comment_status":"closed","ping_status":"closed","sticky":false,"template":"","format":"standard","meta":[],"categories":[10],"tags":[],"_links":{"self":[{"href":"https:\/\/ich.md\/index.php?rest_route=\/wp\/v2\/posts\/7301"}],"collection":[{"href":"https:\/\/ich.md\/index.php?rest_route=\/wp\/v2\/posts"}],"about":[{"href":"https:\/\/ich.md\/index.php?rest_route=\/wp\/v2\/types\/post"}],"author":[{"embeddable":true,"href":"https:\/\/ich.md\/index.php?rest_route=\/wp\/v2\/users\/2"}],"replies":[{"embeddable":true,"href":"https:\/\/ich.md\/index.php?rest_route=%2Fwp%2Fv2%2Fcomments&post=7301"}],"version-history":[{"count":1,"href":"https:\/\/ich.md\/index.php?rest_route=\/wp\/v2\/posts\/7301\/revisions"}],"predecessor-version":[{"id":7302,"href":"https:\/\/ich.md\/index.php?rest_route=\/wp\/v2\/posts\/7301\/revisions\/7302"}],"wp:featuredmedia":[{"embeddable":true,"href":"https:\/\/ich.md\/index.php?rest_route=\/wp\/v2\/media\/7031"}],"wp:attachment":[{"href":"https:\/\/ich.md\/index.php?rest_route=%2Fwp%2Fv2%2Fmedia&parent=7301"}],"wp:term":[{"taxonomy":"category","embeddable":true,"href":"https:\/\/ich.md\/index.php?rest_route=%2Fwp%2Fv2%2Fcategories&post=7301"},{"taxonomy":"post_tag","embeddable":true,"href":"https:\/\/ich.md\/index.php?rest_route=%2Fwp%2Fv2%2Ftags&post=7301"}],"curies":[{"name":"wp","href":"https:\/\/api.w.org\/{rel}","templated":true}]}}