{"id":7307,"date":"2023-10-03T18:25:23","date_gmt":"2023-10-03T15:25:23","guid":{"rendered":"https:\/\/ich.md\/?p=7307"},"modified":"2023-10-03T18:25:23","modified_gmt":"2023-10-03T15:25:23","slug":"masa-rotunda-metodologii-si-tehnici-moderne-de-cercetare-etnologica-editia-a-iv-a","status":"publish","type":"post","link":"https:\/\/ich.md\/?p=7307","title":{"rendered":"Masa rotunda Metodologii \u0219i tehnici moderne de cercetare etnologic\u0103. Edi\u021bia a IV-a."},"content":{"rendered":"\n<p class=\"has-text-align-center\">La 5 octombrie 2023 \u00een incinta Institutului Patrimoniului Cultural va avea loc <\/p>\n\n\n\n<p class=\"has-text-align-center\"><strong>Masa rotund\u0103<\/strong><\/p>\n\n\n\n<p class=\"has-text-align-center\"><strong><em>Metodologii \u0219i tehnici moderne de cercetare etnologic\u0103<\/em><\/strong>. <\/p>\n\n\n\n<p class=\"has-text-align-center\">Edi\u021bia a IV-a, <\/p>\n\n\n\n<p class=\"has-text-align-center\"><strong>PROGRAM<\/strong><\/p>\n\n\n\n<p class=\"has-text-align-center\"><strong>9.30 \u2013 12.30<\/strong><\/p>\n\n\n\n<p class=\"has-text-align-center\"><strong>Moderator: <\/strong>dr. Adrian DOLGHI<\/p>\n\n\n\n<p class=\"has-text-align-center\"><strong>Mesaj de salut<\/strong><\/p>\n\n\n\n<p class=\"has-text-align-center\">Dr. Ion URSU,&nbsp; directorul IPC<\/p>\n\n\n\n<p class=\"has-text-align-center\"><strong><em>Comunic\u0103ri<\/em><\/strong><\/p>\n\n\n\n<p><strong>Arapu Valentin<\/strong>,dr., cercet\u0103tor \u0219tiin\u021bific coordonator, IPC.<\/p>\n\n\n\n<p><em>Impresii, ipoteze \u0219i constat\u0103ri preliminare pe marginea stagiului de documentare \u0219i cercetare \u00een Rom\u00e2nia privind valorificarea patrimoniului etnocultural, medical \u0219i istoric rom\u00e2nesc \u00een cercetarea problemei rolului desc\u00e2nt\u0103toarelor \u00een contextul medicinei magice \u0219i a celei populare: Proiect sus\u021binut \u0219i implementat prin bursa acordat\u0103 de Institutul Cultural Rom\u00e2n &#8211; Bucure\u0219ti (01.08.2023 \u2013 31.10.2023).<\/em><\/p>\n\n\n\n<p><strong>Irina Caunenco<\/strong>,<strong> <\/strong>dr., cercet\u0103tor \u0219tiin\u021bific superior, IPC.<\/p>\n\n\n\n<p><em>\u041f\u0440\u043e\u0435\u043a\u0442\u0438\u0432\u043d\u044b\u0435 \u043c\u0435\u0442\u043e\u0434\u044b \u0432 \u043a\u0440\u043e\u0441\u0441-\u043a\u0443\u043b\u044c\u0442\u0443\u0440\u043d\u044b\u0445 \u0438\u0441\u0441\u043b\u0435\u0434\u043e\u0432\u0430\u043d\u0438\u044f\u0445.<\/em><em><\/em><\/p>\n\n\n\n<p><strong>Sorin Grajdari<\/strong><strong>,<\/strong> cercet\u0103tor \u0219tiin\u021bific stagiar, IPC.<\/p>\n\n\n\n<p><em>Tehnici moderne de cercetare referitoare la comer\u021bul din mediul tradi\u021bional.<\/em><em><\/em><\/p>\n\n\n\n<p><strong>Natalia Gr\u0103dinaru,<\/strong> dr., cercet\u0103tor \u0219tiin\u021bific coordonator, IPC.<\/p>\n\n\n\n<p><em>Concept de organizare a cercet\u0103rilor etnografice la tema: \u201eLocuin\u021ba \u0219i curtea tradi\u021bional\u0103\u201d.<\/em><\/p>\n\n\n\n<p><strong>Nina Ivanova,<\/strong> dr., cercet\u0103tor \u0219tiin\u021bific superior, IPC.<\/p>\n\n\n\n<p><em>Cercetarea identit\u0103\u021bii urbane \u00een Berlin prin practicile teritoriale.<\/em><em><\/em><\/p>\n\n\n\n<p><strong>Raisa Osadci,<\/strong> cercet\u0103tor \u0219tiin\u021bific, IPC.<\/p>\n\n\n\n<p><em>Aplicarea prevederilor <\/em><em>Conven\u0163iei UNESCO privind salvgardarea patrimoniului cultural imaterial (Paris, 17 octombrie 2003) \u00een abordarea materialelor etnografice de teren.<\/em><\/p>\n\n\n\n<p class=\"has-text-align-center\"><strong><em>Discu\u021bii<\/em><\/strong><\/p>\n\n\n\n<p><em>Participan\u021bi la discu\u021bii: <\/em>Valentin Arapu, Nadejda Cara, Irina Caunenco, Ecaterina Cojuhari, Victor Cojuhari, Carolina Cotoman, Jozefina Cu\u0219nir, Victor Damian, Adrian Dolghi, Ion Duminica, Ivan Duminica, Oleg Galu\u0219cenco, Olga Garusova, Natalia Gr\u0103dinaru, Sorin Grajdari, Irina Ijboldina, Ina Isac, Nina Ivanova, Alexandru Magola, Diana Nicoglo, Raisa Osadci, Iulii Palihovici, Ecaterina Pihurov, Svetlana Procop, Alexei Romanciuc, Irina \u0218ihova, Vitali S\u00eerf, Evdochia Soroceanu, Sergiu Suvac, Valentina Ursu, Tatiana Zaicovschi<\/p>\n\n\n\n<p>Masa rotund\u0103 este organizat\u0103 \u00een cadrul proiectului din Programul de Stat (2020\u20132023)20.80009.1606.02: \u201eEvolu\u021bia tradi\u021biilor \u0219i procesele etnice \u00een Republica Moldova: suport teoretic \u0219i aplicativ \u00een promovarea valorilor etnoculturale \u0219i coeziunii sociale\u201d<\/p>\n","protected":false},"excerpt":{"rendered":"<p>La 5 octombrie 2023 \u00een incinta Institutului Patrimoniului Cultural va avea loc Masa rotund\u0103 Metodologii \u0219i tehnici moderne de cercetare etnologic\u0103. Edi\u021bia a IV-a, PROGRAM<span class=\"read-more-link\"><a class=\"read-more\" href=\"https:\/\/ich.md\/?p=7307\">Read More<\/a><\/span><\/p>\n","protected":false},"author":2,"featured_media":7308,"comment_status":"closed","ping_status":"closed","sticky":false,"template":"","format":"standard","meta":[],"categories":[10],"tags":[],"_links":{"self":[{"href":"https:\/\/ich.md\/index.php?rest_route=\/wp\/v2\/posts\/7307"}],"collection":[{"href":"https:\/\/ich.md\/index.php?rest_route=\/wp\/v2\/posts"}],"about":[{"href":"https:\/\/ich.md\/index.php?rest_route=\/wp\/v2\/types\/post"}],"author":[{"embeddable":true,"href":"https:\/\/ich.md\/index.php?rest_route=\/wp\/v2\/users\/2"}],"replies":[{"embeddable":true,"href":"https:\/\/ich.md\/index.php?rest_route=%2Fwp%2Fv2%2Fcomments&post=7307"}],"version-history":[{"count":1,"href":"https:\/\/ich.md\/index.php?rest_route=\/wp\/v2\/posts\/7307\/revisions"}],"predecessor-version":[{"id":7309,"href":"https:\/\/ich.md\/index.php?rest_route=\/wp\/v2\/posts\/7307\/revisions\/7309"}],"wp:featuredmedia":[{"embeddable":true,"href":"https:\/\/ich.md\/index.php?rest_route=\/wp\/v2\/media\/7308"}],"wp:attachment":[{"href":"https:\/\/ich.md\/index.php?rest_route=%2Fwp%2Fv2%2Fmedia&parent=7307"}],"wp:term":[{"taxonomy":"category","embeddable":true,"href":"https:\/\/ich.md\/index.php?rest_route=%2Fwp%2Fv2%2Fcategories&post=7307"},{"taxonomy":"post_tag","embeddable":true,"href":"https:\/\/ich.md\/index.php?rest_route=%2Fwp%2Fv2%2Ftags&post=7307"}],"curies":[{"name":"wp","href":"https:\/\/api.w.org\/{rel}","templated":true}]}}