{"id":7333,"date":"2024-01-19T10:14:08","date_gmt":"2024-01-19T08:14:08","guid":{"rendered":"https:\/\/ich.md\/?p=7333"},"modified":"2024-01-19T10:17:34","modified_gmt":"2024-01-19T08:17:34","slug":"aparitie-editoriala-a-ipc-svetlana-procop-bafta-roma-a-lui-pavel-andreicenco","status":"publish","type":"post","link":"https:\/\/ich.md\/?p=7333","title":{"rendered":"Apari\u021bie editorial\u0103 a IPC: Svetlana Procop. Bafta rom\u0103 a lui Pavel Andreicenco"},"content":{"rendered":"\n<p class=\"has-text-align-center\">Recent la Institutul Patrimoniului Cultural, Centrul de Etnologie, a ap\u0103rut monografia<\/p>\n\n\n\n<p class=\"has-text-align-center\"><strong>Bafta rom\u0103 a lui Pavel Andreicenco<\/strong><\/p>\n\n\n\n<p class=\"has-text-align-center\"><strong>Autor: dr. Svetlana Procop<\/strong><\/p>\n\n\n\n<p>\u00cen prezenta lucrare s-a \u00eencercat o completare a informa\u021biilor despre o personalitate cunoscut\u0103 din republic\u0103&nbsp; \u2013 dansator, coregraf, scriitor \u015fi lider al mi\u015fc\u0103rii sociale a romilor n Republica Moldova&nbsp; \u2013 Pavel Andreicenco (1930\u20132001). Cartea cuprinde fapte \u015fi m\u0103rturii nol, colectate de pe paginile presei republicane, care demonstreaz\u0103 polivalen\u021ba talentului acestui om de<br>art\u0103. Pavel Andreicenco a intrat \u00een istoria republicii noastre ca solist al ansamblului \u201eJoc&#8221; (1949\u20131962), al grupului de dans al orchestrei \u201eFluiera\u015f&#8221; (1962\u20131973), coregraf \u015fi director artistic al ansamblului \u201eMiori\u0163a&#8221;, apoi \u015fi \u201eSperan\u0163a&#8221;. Artist al Poporului din RSS Moldoveneasc\u0103 (1966). Este bine cunoscut aportul lui Pavel Andreicenco \u00een cinematografia na\u0163ional\u0103. A jucat mai multe roluri, produc\u00e2ndu-se \u00een filmele: \u201ePoienile ro\u015fii&#8221; (1966), \u201eO \u0219atr\u0103 urc\u0103 la cer&#8221; (1975), \u201eO \u00eent\u00e2mplare la festival&#8221; (1976), \u201eV\u00e2rsta de trecere&#8221; (1981), \u201eCum s\u0103 devii celebru&#8221; (1984), \u201eSunt vinovat&#8221; (1993) etc. Fondator \u015fi pre\u015fedinte al Societ\u0103\u0163ii social-culturale \u201eRomii Moldovei&#8221; (1990), Pavel Andreicenco a fost unul dintre primii care a apelat la autorit\u0103\u0163ile locale, solicit\u00e2nd ajutor \u0219i sprijin \u00een crearea unui teatru \u0163ig\u0103nesc, \u00een deschiderea \u015fcolilor pentru romi, \u00een crearea unui club de interese pentru copii \u015fi tineret. A fost printre primii care a vorbit \u00eentr-un interviu despre execu\u0163ia \u00een mas\u0103 a \u0163iganilor, care a avut loc la Chi\u015fin\u0103u, \u00een zona Po\u015fta Veche. Aici a vrut s\u0103 fie ridicat un monument copiilor \u015fi adul\u0163ilor romi, victime ale celui de-al Doilea R\u0103zboi Mondial. Cavaler al ordinului \u201eMeritul civic&#8221; (1999), Pavel Andreicenco este cunoscut \u015fi ca autor al c\u0103r\u0163ii \u201e\u0414\u0435\u0441\u044f\u0442\u044c \u0442\u0435\u0442\u0440\u0430\u0434\u0435\u0439 \u0432 \u043a\u043b\u0435\u0442\u043e\u0447\u043a\u0443&#8221; (,,Zece caiete \u00een p\u0103tr\u0103\u0163ele&#8221;), ce poveste\u015fte despre soarta dificil\u0103 a poporului rom, care timp de multe secole a cunoscut umilirea \u015fi lipsurile, iar \u00een secolul al XX-lea a fost supus unui adev\u0103rat genocid. Se pare c\u0103 experien\u0163a de activitate social\u0103 a lui \u201ePa\u015fa&nbsp; \u2013 rom spa\u0163ial&#8221;, cum l-a numit c\u00e2ndva Emil Loteanu, poate servi drept exemplu viu pentru acei tineri activi\u015fti \u015fi lideri ai mi\u015fc\u0103rii sociale a romilor care \u015fi-au asumat nobila misiune de a face realitate din visele \u015fi aspira\u0163iile lui Pavel Andreicenco.<\/p>\n\n\n<div class=\"wp-block-image\">\n<figure class=\"aligncenter size-large is-resized\"><a href=\"https:\/\/ich.md\/wp-content\/uploads\/2024\/01\/Coperta_Andreicenco-1.jpg\"><img decoding=\"async\" loading=\"lazy\" src=\"https:\/\/ich.md\/wp-content\/uploads\/2024\/01\/Coperta_Andreicenco-1-1024x690.jpg\" alt=\"\" class=\"wp-image-7337\" width=\"686\" height=\"462\"\/><\/a><\/figure><\/div>\n\n\n<p class=\"has-text-align-center\">Procop, Svetlana. Bafta rom\u0103 a lui Pavel Andreicenco \/ Svetlana Procop; Ministerul Culturii al<br>Republicii Moldova [et al]. \u2013 Chi\u015fin\u0103u: Lexon-Prim, 2023. &#8211; 399 p. : fot. &#8211;<br>(Seria,,Patrimoniul romilor din Republica Moldova&#8221;, ISBN 978-9975-172-19-6).<\/p>\n\n\n\n<p class=\"has-text-align-center\">Text paral.: lb. rom., rus\u0103. &#8211; Bibliogr.: p. 78-83, 296-301. &#8211; Apare cu<br>contribu\u0163ia financiar\u0103 a Ministerului Culturii, Agen\u021biei Rela\u021bii Interetnice.<br>&#8211; [400] ex. ISBN 978-9975-172-20-2.<\/p>\n\n\n\n<p class=\"has-text-align-center\"><strong>Felicit\u0103ri autoarei ! Succese \u00een continuare !<\/strong><\/p>\n","protected":false},"excerpt":{"rendered":"<p>Recent la Institutul Patrimoniului Cultural, Centrul de Etnologie, a ap\u0103rut monografia Bafta rom\u0103 a lui Pavel Andreicenco Autor: dr. Svetlana Procop \u00cen prezenta lucrare s-a<span class=\"read-more-link\"><a class=\"read-more\" href=\"https:\/\/ich.md\/?p=7333\">Read More<\/a><\/span><\/p>\n","protected":false},"author":2,"featured_media":7338,"comment_status":"closed","ping_status":"closed","sticky":false,"template":"","format":"standard","meta":[],"categories":[10],"tags":[],"_links":{"self":[{"href":"https:\/\/ich.md\/index.php?rest_route=\/wp\/v2\/posts\/7333"}],"collection":[{"href":"https:\/\/ich.md\/index.php?rest_route=\/wp\/v2\/posts"}],"about":[{"href":"https:\/\/ich.md\/index.php?rest_route=\/wp\/v2\/types\/post"}],"author":[{"embeddable":true,"href":"https:\/\/ich.md\/index.php?rest_route=\/wp\/v2\/users\/2"}],"replies":[{"embeddable":true,"href":"https:\/\/ich.md\/index.php?rest_route=%2Fwp%2Fv2%2Fcomments&post=7333"}],"version-history":[{"count":2,"href":"https:\/\/ich.md\/index.php?rest_route=\/wp\/v2\/posts\/7333\/revisions"}],"predecessor-version":[{"id":7341,"href":"https:\/\/ich.md\/index.php?rest_route=\/wp\/v2\/posts\/7333\/revisions\/7341"}],"wp:featuredmedia":[{"embeddable":true,"href":"https:\/\/ich.md\/index.php?rest_route=\/wp\/v2\/media\/7338"}],"wp:attachment":[{"href":"https:\/\/ich.md\/index.php?rest_route=%2Fwp%2Fv2%2Fmedia&parent=7333"}],"wp:term":[{"taxonomy":"category","embeddable":true,"href":"https:\/\/ich.md\/index.php?rest_route=%2Fwp%2Fv2%2Fcategories&post=7333"},{"taxonomy":"post_tag","embeddable":true,"href":"https:\/\/ich.md\/index.php?rest_route=%2Fwp%2Fv2%2Ftags&post=7333"}],"curies":[{"name":"wp","href":"https:\/\/api.w.org\/{rel}","templated":true}]}}