{"id":7343,"date":"2024-02-13T09:34:39","date_gmt":"2024-02-13T07:34:39","guid":{"rendered":"https:\/\/ich.md\/?p=7343"},"modified":"2024-02-13T09:39:48","modified_gmt":"2024-02-13T07:39:48","slug":"rapoartele-stiintifice-anuale-si-finale-privind-implementarea-proiectelor-din-cadrul-programului-de-stat-2020-2023","status":"publish","type":"post","link":"https:\/\/ich.md\/?p=7343","title":{"rendered":"Rapoartele \u0219tiin\u021bifice anuale \u0219i finale privind implementarea proiectelor din cadrul Programului de Stat (2020-2023)"},"content":{"rendered":"\n<p>Institutul Patrimoniului Cultural aduce la cuno\u0219tin\u021b\u0103 opiniei publice \u0219i persoanelor interesate rapoartele \u0219tiin\u021bifice privind implementarea proiectelor de cercetare \u00een anul 2023 \u0219i anii 2023-2024 din cadrul Programului de Stat 2020-2023.<\/p>\n\n\n\n<p class=\"has-text-align-center\"><strong>RAPOARTE<\/strong><\/p>\n\n\n\n<p class=\"has-text-align-center\"><strong>privind implementarea proiectului: 20.80009.1606.02<\/strong><\/p>\n\n\n\n<p class=\"has-text-align-center\"><strong>\u201eEvolu\u021bia tradi\u021biilor \u0219i procesele etnice \u00een Republica Moldova: suport teoretic \u0219i aplicativ \u00een promovarea valorilor etnoculturale \u0219i coeziunii sociale\u201d<\/strong><\/p>\n\n\n\n<p class=\"has-text-align-center\">Coordonator: dr. Natalia GR\u0102DINARU<\/p>\n\n\n<a href=\"https:\/\/ich.md\/wp-content\/uploads\/2024\/02\/Gradinaru_N_Raport-stiintific-2020-2023-Final.pdf\" class=\"pdfemb-viewer\" style=\"\" data-width=\"max\" data-height=\"max\"  data-toolbar=\"bottom\" data-toolbar-fixed=\"off\">Gradinaru_N_Raport-stiintific-2020-2023-Final<br\/><\/a>\n<p class=\"wp-block-pdfemb-pdf-embedder-viewer\"><\/p>\n\n\n<a href=\"https:\/\/ich.md\/wp-content\/uploads\/2024\/02\/Raport-final-anual-2023-Program-de-stat.pdf\" class=\"pdfemb-viewer\" style=\"\" data-width=\"max\" data-height=\"max\"  data-toolbar=\"bottom\" data-toolbar-fixed=\"off\">Raport-final-anual-2023-Program-de-stat<br\/><\/a>\n<p class=\"wp-block-pdfemb-pdf-embedder-viewer\"><\/p>\n\n\n\n<p class=\"has-text-align-center\"><strong>RAPOARTE <\/strong><\/p>\n\n\n\n<p class=\"has-text-align-center\"><strong>privind implementarea proiectului<\/strong><strong>:&nbsp;<em>20.80009.1606.12<\/em><\/strong><\/p>\n\n\n\n<p class=\"has-text-align-center\"><em><strong>\u201e<\/strong><\/em><strong>Dimensiunea identitar\u0103 a artelor din Republica Moldova ca factor activ al dezvolt\u0103rii durabile a societ\u0103\u021bii \u00een contextul dialogului intercultural european\u201d<\/strong><\/p>\n\n\n\n<p class=\"has-text-align-center\">Coordonator: dr. Violeta TIPA<\/p>\n\n\n<a href=\"https:\/\/ich.md\/wp-content\/uploads\/2024\/02\/TIPA_Raport-stiintific-final-2020-2023-Program-de-stat.pdf\" class=\"pdfemb-viewer\" style=\"\" data-width=\"max\" data-height=\"max\"  data-toolbar=\"bottom\" data-toolbar-fixed=\"off\">TIPA_Raport-stiintific-final-2020-2023-Program-de-stat<br\/><\/a>\n<p class=\"wp-block-pdfemb-pdf-embedder-viewer\"><\/p>\n\n\n<a href=\"https:\/\/ich.md\/wp-content\/uploads\/2024\/02\/TIPA_RAPORT_PROIECT_ARTE_ANUAL_23.pdf\" class=\"pdfemb-viewer\" style=\"\" data-width=\"max\" data-height=\"max\"  data-toolbar=\"bottom\" data-toolbar-fixed=\"off\">TIPA_RAPORT_PROIECT_ARTE_ANUAL_23<br\/><\/a>\n<p class=\"wp-block-pdfemb-pdf-embedder-viewer\"><\/p>\n","protected":false},"excerpt":{"rendered":"<p>Institutul Patrimoniului Cultural aduce la cuno\u0219tin\u021b\u0103 opiniei publice \u0219i persoanelor interesate rapoartele \u0219tiin\u021bifice privind implementarea proiectelor de cercetare \u00een anul 2023 \u0219i anii 2023-2024 din<span class=\"read-more-link\"><a class=\"read-more\" href=\"https:\/\/ich.md\/?p=7343\">Read More<\/a><\/span><\/p>\n","protected":false},"author":2,"featured_media":6006,"comment_status":"closed","ping_status":"closed","sticky":false,"template":"","format":"standard","meta":[],"categories":[10],"tags":[],"_links":{"self":[{"href":"https:\/\/ich.md\/index.php?rest_route=\/wp\/v2\/posts\/7343"}],"collection":[{"href":"https:\/\/ich.md\/index.php?rest_route=\/wp\/v2\/posts"}],"about":[{"href":"https:\/\/ich.md\/index.php?rest_route=\/wp\/v2\/types\/post"}],"author":[{"embeddable":true,"href":"https:\/\/ich.md\/index.php?rest_route=\/wp\/v2\/users\/2"}],"replies":[{"embeddable":true,"href":"https:\/\/ich.md\/index.php?rest_route=%2Fwp%2Fv2%2Fcomments&post=7343"}],"version-history":[{"count":2,"href":"https:\/\/ich.md\/index.php?rest_route=\/wp\/v2\/posts\/7343\/revisions"}],"predecessor-version":[{"id":7349,"href":"https:\/\/ich.md\/index.php?rest_route=\/wp\/v2\/posts\/7343\/revisions\/7349"}],"wp:featuredmedia":[{"embeddable":true,"href":"https:\/\/ich.md\/index.php?rest_route=\/wp\/v2\/media\/6006"}],"wp:attachment":[{"href":"https:\/\/ich.md\/index.php?rest_route=%2Fwp%2Fv2%2Fmedia&parent=7343"}],"wp:term":[{"taxonomy":"category","embeddable":true,"href":"https:\/\/ich.md\/index.php?rest_route=%2Fwp%2Fv2%2Fcategories&post=7343"},{"taxonomy":"post_tag","embeddable":true,"href":"https:\/\/ich.md\/index.php?rest_route=%2Fwp%2Fv2%2Ftags&post=7343"}],"curies":[{"name":"wp","href":"https:\/\/api.w.org\/{rel}","templated":true}]}}