{"id":7350,"date":"2024-03-18T12:39:00","date_gmt":"2024-03-18T10:39:00","guid":{"rendered":"https:\/\/ich.md\/?p=7350"},"modified":"2024-03-18T12:44:05","modified_gmt":"2024-03-18T10:44:05","slug":"masa-rotunda-actorul-mihai-volontir-armonia-contrariilor-90-de-ani-de-la-nasterea-actorului-de-teatru-si-film-mihai-volontir","status":"publish","type":"post","link":"https:\/\/ich.md\/?p=7350","title":{"rendered":"Masa rotund\u0103 ACTORUL MIHAI VOLONTIR:                            ARMONIA CONTRARIILOR (90 de ani de la na\u0219terea actorului de teatru \u0219i film                    Mihai Volontir)"},"content":{"rendered":"\n<p class=\"has-text-align-center\">Institutul Patrimoniului Cultural<strong>&nbsp;<\/strong><\/p>\n\n\n\n<p class=\"has-text-align-center\">\u00een parteneriat cu Academia de \u0218tiin\u021be a Moldovei \u0219i Editura \u201e\u0218tiin\u021ba\u201d<\/p>\n\n\n\n<p class=\"has-text-align-center\">organizeaz\u0103 la&nbsp;<strong>19 martie 2024<\/strong>, <strong>ora 10.00<\/strong><\/p>\n\n\n\n<p class=\"has-text-align-center\"><strong>Masa rotund\u0103<br><em>ACTORUL MIHAI VOLONTIR: ARMONIA CONTRARIILOR<\/em><br>(90 DE ANI DE LA NA\u0218TEREA ACTORULUI DE TEATRU \u0218I FILM MIHAI VOLONTIR)<\/strong><\/p>\n\n\n\n<p>Masa rotund\u0103 este consacrat\u0103 celor 90 de ani de la na\u0219terea excep\u021bionalului actor de teatru \u0219i film &#8211; personalitate inestimabil\u0103 a patrimoniului cultural \u00een care na\u021biunea se reg\u0103se\u0219te \u0219i se perfec\u021bioneaz\u0103.<\/p>\n\n\n\n<p>Programul mesei rotunde prvede lansarea celui de-al doilea tiraj al c\u0103r\u021bii&nbsp;<em>\u201eMihai Volontir sau despre voca\u021bia omenescului\u201d<\/em>  (coordonatori: dr. hab. Ana Maria Pl\u0103m\u0103deal\u0103 \u0219i dr. Dumitru Ol\u0103rescu) \u0219i prezentarea filmului documentar&nbsp;<em>\u201eIubirile lui Mihai Volontir\u201d<\/em>&nbsp;(scenariu&nbsp;Dumitru Ol\u0103rescu, regia&nbsp;Vlad Druc&nbsp;\u0219i&nbsp;Mircea Chistruga).<\/p>\n\n\n\n<p><strong>Programul Mesei rotunde<\/strong>:<\/p>\n\n\n<a href=\"https:\/\/ich.md\/wp-content\/uploads\/2024\/03\/INSTITUTUL-PATRIMONIULUI-CULTURAL-5.pdf\" class=\"pdfemb-viewer\" style=\"\" data-width=\"max\" data-height=\"max\"  data-toolbar=\"bottom\" data-toolbar-fixed=\"off\">INSTITUTUL-PATRIMONIULUI-CULTURAL-5<br\/><\/a>\n<p class=\"wp-block-pdfemb-pdf-embedder-viewer\"><\/p>\n\n\n\n<p><\/p>\n\n\n\n<p><\/p>\n\n\n\n<p><\/p>\n\n\n\n<p class=\"has-text-align-center has-medium-font-size\"><\/p>\n\n\n\n<figure class=\"wp-block-image size-full\"><a href=\"https:\/\/ich.md\/wp-content\/uploads\/2024\/03\/19001905_big1552113796.jpg\"><img decoding=\"async\" loading=\"lazy\" width=\"700\" height=\"466\" src=\"https:\/\/ich.md\/wp-content\/uploads\/2024\/03\/19001905_big1552113796.jpg\" alt=\"\" class=\"wp-image-7384\"\/><\/a><\/figure>\n","protected":false},"excerpt":{"rendered":"<p>Institutul Patrimoniului Cultural&nbsp; \u00een parteneriat cu Academia de \u0218tiin\u021be a Moldovei \u0219i Editura \u201e\u0218tiin\u021ba\u201d organizeaz\u0103 la&nbsp;19 martie 2024, ora 10.00 Masa rotund\u0103ACTORUL MIHAI VOLONTIR: ARMONIA<span class=\"read-more-link\"><a class=\"read-more\" href=\"https:\/\/ich.md\/?p=7350\">Read More<\/a><\/span><\/p>\n","protected":false},"author":11,"featured_media":7384,"comment_status":"closed","ping_status":"closed","sticky":false,"template":"","format":"standard","meta":[],"categories":[10],"tags":[],"_links":{"self":[{"href":"https:\/\/ich.md\/index.php?rest_route=\/wp\/v2\/posts\/7350"}],"collection":[{"href":"https:\/\/ich.md\/index.php?rest_route=\/wp\/v2\/posts"}],"about":[{"href":"https:\/\/ich.md\/index.php?rest_route=\/wp\/v2\/types\/post"}],"author":[{"embeddable":true,"href":"https:\/\/ich.md\/index.php?rest_route=\/wp\/v2\/users\/11"}],"replies":[{"embeddable":true,"href":"https:\/\/ich.md\/index.php?rest_route=%2Fwp%2Fv2%2Fcomments&post=7350"}],"version-history":[{"count":6,"href":"https:\/\/ich.md\/index.php?rest_route=\/wp\/v2\/posts\/7350\/revisions"}],"predecessor-version":[{"id":7393,"href":"https:\/\/ich.md\/index.php?rest_route=\/wp\/v2\/posts\/7350\/revisions\/7393"}],"wp:featuredmedia":[{"embeddable":true,"href":"https:\/\/ich.md\/index.php?rest_route=\/wp\/v2\/media\/7384"}],"wp:attachment":[{"href":"https:\/\/ich.md\/index.php?rest_route=%2Fwp%2Fv2%2Fmedia&parent=7350"}],"wp:term":[{"taxonomy":"category","embeddable":true,"href":"https:\/\/ich.md\/index.php?rest_route=%2Fwp%2Fv2%2Fcategories&post=7350"},{"taxonomy":"post_tag","embeddable":true,"href":"https:\/\/ich.md\/index.php?rest_route=%2Fwp%2Fv2%2Ftags&post=7350"}],"curies":[{"name":"wp","href":"https:\/\/api.w.org\/{rel}","templated":true}]}}