{"id":7394,"date":"2024-03-19T14:01:48","date_gmt":"2024-03-19T12:01:48","guid":{"rendered":"https:\/\/ich.md\/?p=7394"},"modified":"2024-03-19T14:03:11","modified_gmt":"2024-03-19T12:03:11","slug":"se-anunta-sedinta-seminarului-stiintific-de-profil-ad-hoc-pentru-audierea-tezei-de-doctor-in-arhitectura","status":"publish","type":"post","link":"https:\/\/ich.md\/?p=7394","title":{"rendered":"Se anun\u021b\u0103 \u0218edin\u021ba Seminarului \u0218tiin\u021bific de Profil  pentru audierea tezei de doctor \u00een arhitectur\u0103"},"content":{"rendered":"\n<p class=\"has-text-align-center\">Luni, 25 martie 2024, ora 13.00, \u00een Sala de Lectur\u0103 a Academiei de \u0218tiin\u021be a Moldovei (bd. \u0218tefan cel Mare \u0219i Sf\u00e2nt 1) va avea loc \u0219edin\u021ba Seminarului \u0218tiin\u021bific de Profil 651 <em>Arte vizuale, <\/em>la specialit\u0103\u021bile 651.01. <em>Teoria \u015fi istoria artelor<\/em>; 651.02. <em>Teoria \u015fi istoria arhitecturii<\/em>; 651.03. <em>Arte<\/em> <em>plastice \u015fi decorative<\/em> (format prin Decizia Consiliului de Conducere al ANACEC nr. 16 din 4 octombrie 2021) din cadrul Institutului Patrimoniului Cultural al Ministerului Culturii, la care va fi evaluat\u0103 teza de doctor \u00een arhitectur\u0103 cu tema \u201e<em><strong>Politica de stat \u00een urbanismul \u0219i arhitectura Republicii Sovietice Socialiste Moldovene\u0219ti<\/strong><\/em><em>\u201d<\/em>, la specialitatea 651.02 \u2013 <em>Teoria \u0219i istoria arhitecturii.<\/em><\/p>\n\n\n\n<p class=\"has-text-align-center\">Autor: Alina OSTAPOV.<\/p>\n\n\n\n<p class=\"has-text-align-center\">Conduc\u0103tor \u0219tiin\u021bific: Mariana \u0218LAPAC, mem. cor. al A\u0218M, doctor habilitat \u00een studiul artelor.<\/p>\n\n\n\n<p class=\"has-text-align-center\">Pre\u015fedinte al S\u0218P: Tudor STAVIL\u0102, doctor habilitat \u00een studiul artelor, profesor cercet\u0103tor<\/p>\n\n\n\n<p class=\"has-text-align-center\">Vicepre\u015fedinte: Mariana \u015eLAPAC, doctor habilitat \u00een studiul artelor, membru corespondent<\/p>\n\n\n\n<p class=\"has-text-align-center\">Secretar \u015ftiin\u0163ific: Victoria ROCACIUC, doctor habilitat \u00een studiul artelor, conferen\u0163iar cercet\u0103tor<\/p>\n","protected":false},"excerpt":{"rendered":"<p>Luni, 25 martie 2024, ora 13.00, \u00een Sala de Lectur\u0103 a Academiei de \u0218tiin\u021be a Moldovei (bd. \u0218tefan cel Mare \u0219i Sf\u00e2nt 1) va avea<span class=\"read-more-link\"><a class=\"read-more\" href=\"https:\/\/ich.md\/?p=7394\">Read More<\/a><\/span><\/p>\n","protected":false},"author":11,"featured_media":7031,"comment_status":"closed","ping_status":"closed","sticky":false,"template":"","format":"standard","meta":[],"categories":[10],"tags":[],"_links":{"self":[{"href":"https:\/\/ich.md\/index.php?rest_route=\/wp\/v2\/posts\/7394"}],"collection":[{"href":"https:\/\/ich.md\/index.php?rest_route=\/wp\/v2\/posts"}],"about":[{"href":"https:\/\/ich.md\/index.php?rest_route=\/wp\/v2\/types\/post"}],"author":[{"embeddable":true,"href":"https:\/\/ich.md\/index.php?rest_route=\/wp\/v2\/users\/11"}],"replies":[{"embeddable":true,"href":"https:\/\/ich.md\/index.php?rest_route=%2Fwp%2Fv2%2Fcomments&post=7394"}],"version-history":[{"count":2,"href":"https:\/\/ich.md\/index.php?rest_route=\/wp\/v2\/posts\/7394\/revisions"}],"predecessor-version":[{"id":7396,"href":"https:\/\/ich.md\/index.php?rest_route=\/wp\/v2\/posts\/7394\/revisions\/7396"}],"wp:featuredmedia":[{"embeddable":true,"href":"https:\/\/ich.md\/index.php?rest_route=\/wp\/v2\/media\/7031"}],"wp:attachment":[{"href":"https:\/\/ich.md\/index.php?rest_route=%2Fwp%2Fv2%2Fmedia&parent=7394"}],"wp:term":[{"taxonomy":"category","embeddable":true,"href":"https:\/\/ich.md\/index.php?rest_route=%2Fwp%2Fv2%2Fcategories&post=7394"},{"taxonomy":"post_tag","embeddable":true,"href":"https:\/\/ich.md\/index.php?rest_route=%2Fwp%2Fv2%2Ftags&post=7394"}],"curies":[{"name":"wp","href":"https:\/\/api.w.org\/{rel}","templated":true}]}}