{"id":7397,"date":"2024-03-20T13:00:38","date_gmt":"2024-03-20T11:00:38","guid":{"rendered":"https:\/\/ich.md\/?p=7397"},"modified":"2024-03-21T13:30:53","modified_gmt":"2024-03-21T11:30:53","slug":"la-institutul-patrimoniului-cultural-a-fost-comemorat-actorul-mihai-volontir-la-90-de-ani-de-la-nastere","status":"publish","type":"post","link":"https:\/\/ich.md\/?p=7397","title":{"rendered":"La Institutul Patrimoniului Cultural a fost comemorat actorul Mihai Volontir, la 90 de ani de la na\u0219tere"},"content":{"rendered":"\n<p>La 19 martie 2024, \u00een cadrul Institutului Patrimoniului Cultural s-a desf\u0103\u0219urat <strong>Masa rotunda <em>Actorul Mihai Volontir: armonia contrariilor <\/em>(90 de ani de la na\u0219terea actorului de teatru \u0219i film Mihai Volontir)<\/strong>. Evenimentul se reg\u0103se\u0219te \u00een lista manifest\u0103rilor \u0219tiin\u021bifice programate de c\u0103tre Institutul Patrimoniului Cultural \u0219i constituie unul din obiectivele Suprogramului de cercetare: 170101<em> Cercetarea \u0219i valorificarea patrimoniului cultural construit, etnografic, arheologic \u0219i artistic din Republica Moldova \u00een contextul integr\u0103rii europene<\/em><em>.<\/em><\/p>\n\n\n\n<p>Lucr\u0103rile mesei rotunde au fost moderate de c\u0103tre dr. hab. Ana-Maria Pl\u0103m\u0103deal\u0103 \u0219i dr. Dumitru Ol\u0103rescu, personalit\u0103\u021bi cunoscute din domeniu. Directorul Institutului Patrimoniului Cultural, dr. Ion Ursu, \u00een cuv\u00e2ntul s\u0103u de salut a \u021binut s\u0103 remarce actualitatea \u0219i importan\u021ba organiz\u0103rii unui astfel de eveniment pentru societatea Republicii Moldova \u0219i importanta contribu\u021bie pe care a avut-o Mihai Volontir la dezvoltarea culturii na\u021bionale.<\/p>\n\n\n\n<p>Mesaje de salut din partea partenerilor evenimentului \u0219tiin\u021bific au fost transmise de c\u0103tre <strong>Ion Had\u00e2rc\u0103<\/strong>, vicepre\u0219edinte al A\u0218M,&nbsp;<strong>Alexandru Grecu<\/strong>, pre\u0219edintele Uniunii Teatrale din Republica Moldova,&nbsp;<strong>Virgiliu M\u0103rgineanu<\/strong>, pre\u0219edintele Uniunii Cinea\u0219tilor din Republica Moldova, care s-au referit la via\u021ba \u0219i activitatea lui Mihai Volontir \u0219i rolului s\u0103u enorm \u00een stabilirea identit\u0103\u021bii na\u021bionale \u0219i transmiterea valorilor culturale.<\/p>\n\n\n\n<p>\u00cen sesiunea de comunic\u0103ri a mesei rotunde, au fost sus\u021binute prezent\u0103ri, ce au pus \u00een valoare personalitatea marelui actor, impactul s\u0103u asupra culturii \u0219i societ\u0103\u021bii Republicii Moldova, precum \u0219i \u00a0necesitatea de a p\u0103stra, valorifica \u0219i transmite genera\u021biilor tinere mo\u0219ternirea sa cultural\u0103: <em>Enigma harului actoricesc al lui Mihai Volontir<\/em> (dr. hab.\u00a0<strong>Ana-Maria Pl\u0103m\u0103deal\u0103<\/strong>), <em>Actorul Mihai Volontir: unirea antitezelor <\/em>(acad.\u00a0<strong>Mihai Cimpoi), <\/strong><em>Mihai Volontir: actor de teatru \u0219i film<\/em> (dr.\u00a0<strong>Larisa Ungureanu)<\/strong>,<em>Teatralitatea actorului Mihai Volontir<\/em> (dr.\u00a0<strong>Ana Ghila\u0219), <\/strong><em>Mihai Volontir ca un zid de cetate<\/em><strong> (Larisa Turea)<\/strong>. Informa\u021bii valoroase, ce au devinitivat percep\u021bia asupra \u00a0marelui om de cultur\u0103 Mihai Volontir, a prezentat \u0219i <strong>Pavel Balan<\/strong>, operator de film.<\/p>\n\n\n\n<p>&nbsp;Programul mesei rotunde a fost completat de lansarea celui de-al doilea tiraj al c\u0103r\u021bii&nbsp;<em>\u201eMihai Volontir sau despre voca\u021bia omenescului\u201d<\/em>&nbsp;(coordonatori: dr. hab. Ana Maria Pl\u0103m\u0103deal\u0103 \u0219i dr. Dumitru Ol\u0103rescu) \u0219i prezentarea filmului documentar&nbsp;<em>\u201eIubirile lui Mihai Volontir\u201d<\/em>&nbsp;(scenariu&nbsp;Dumitru Ol\u0103rescu, regia&nbsp;Vlad Druc&nbsp;\u0219i&nbsp;Mircea Chistruga).<\/p>\n\n\n\n<p>Reunind valoaroase personalit\u0103\u021bi din domeniul \u0219tiin\u021bei \u0219i culturii, manifestarea \u0219tiin\u021bific\u0103 a &nbsp;provocat un real interes \u00een r\u00e2ndurile speciali\u0219tilor \u0219i a mass-mediei, fapt ce eviden\u021biaz\u0103 importan\u021ba unor astfel de evenimente pentru dezvoltarea culturii \u0219i societat\u0103\u021bii.<\/p>\n\n\n\n<p><em><strong>Evenimentul poate fi urm\u0103rit<\/strong><\/em> online,&nbsp;<em><strong>acces\u00e2nd link-ul<\/strong><\/em>&nbsp;de mai jos:<\/p>\n\n\n\n<figure class=\"wp-block-embed is-type-video is-provider-youtube wp-block-embed-youtube wp-embed-aspect-16-9 wp-has-aspect-ratio\"><div class=\"wp-block-embed__wrapper\">\n<iframe loading=\"lazy\" title=\"19.03.2024, 10:00 | Masa rotund\u0103 - Actorul Mihai Volontir: armonia contrariilor\" width=\"1160\" height=\"653\" src=\"https:\/\/www.youtube.com\/embed\/ZoNTQpKJfn8?feature=oembed\" frameborder=\"0\" allow=\"accelerometer; autoplay; clipboard-write; encrypted-media; gyroscope; picture-in-picture; web-share\" allowfullscreen><\/iframe>\n<\/div><\/figure>\n\n\n\n<p class=\"has-text-align-right\">dr. Natalia Gr\u0103dinaru<\/p>\n","protected":false},"excerpt":{"rendered":"<p>La 19 martie 2024, \u00een cadrul Institutului Patrimoniului Cultural s-a desf\u0103\u0219urat Masa rotunda Actorul Mihai Volontir: armonia contrariilor (90 de ani de la na\u0219terea actorului<span class=\"read-more-link\"><a class=\"read-more\" href=\"https:\/\/ich.md\/?p=7397\">Read More<\/a><\/span><\/p>\n","protected":false},"author":11,"featured_media":7398,"comment_status":"closed","ping_status":"closed","sticky":false,"template":"","format":"standard","meta":[],"categories":[10],"tags":[],"_links":{"self":[{"href":"https:\/\/ich.md\/index.php?rest_route=\/wp\/v2\/posts\/7397"}],"collection":[{"href":"https:\/\/ich.md\/index.php?rest_route=\/wp\/v2\/posts"}],"about":[{"href":"https:\/\/ich.md\/index.php?rest_route=\/wp\/v2\/types\/post"}],"author":[{"embeddable":true,"href":"https:\/\/ich.md\/index.php?rest_route=\/wp\/v2\/users\/11"}],"replies":[{"embeddable":true,"href":"https:\/\/ich.md\/index.php?rest_route=%2Fwp%2Fv2%2Fcomments&post=7397"}],"version-history":[{"count":5,"href":"https:\/\/ich.md\/index.php?rest_route=\/wp\/v2\/posts\/7397\/revisions"}],"predecessor-version":[{"id":7405,"href":"https:\/\/ich.md\/index.php?rest_route=\/wp\/v2\/posts\/7397\/revisions\/7405"}],"wp:featuredmedia":[{"embeddable":true,"href":"https:\/\/ich.md\/index.php?rest_route=\/wp\/v2\/media\/7398"}],"wp:attachment":[{"href":"https:\/\/ich.md\/index.php?rest_route=%2Fwp%2Fv2%2Fmedia&parent=7397"}],"wp:term":[{"taxonomy":"category","embeddable":true,"href":"https:\/\/ich.md\/index.php?rest_route=%2Fwp%2Fv2%2Fcategories&post=7397"},{"taxonomy":"post_tag","embeddable":true,"href":"https:\/\/ich.md\/index.php?rest_route=%2Fwp%2Fv2%2Ftags&post=7397"}],"curies":[{"name":"wp","href":"https:\/\/api.w.org\/{rel}","templated":true}]}}