{"id":7416,"date":"2024-03-28T20:27:03","date_gmt":"2024-03-28T18:27:03","guid":{"rendered":"https:\/\/ich.md\/?p=7416"},"modified":"2024-03-28T20:29:26","modified_gmt":"2024-03-28T18:29:26","slug":"vizita-de-studiu-la-institutul-cultural-danez-din-copenhaga-danemarca-17-21-martie-2024","status":"publish","type":"post","link":"https:\/\/ich.md\/?p=7416","title":{"rendered":"Vizita de studiu la Institutul Cultural Danez din Copenhaga, Danemarca, 17-21 martie 2024"},"content":{"rendered":"\n<p>\u00cen perioada 17-21 martie 2024 Valeria Barbas, dr. \u00een studiul artelor \u0219i culturologie,<br>cercet\u0103tor \u0219tiin\u021bific superior la Institutul Patrimoniului Cultural, a participat la vizita de<br>studiu \u201e NEW DEMOCRACY FUND CSCI Study Visit to Denmark. Exploring<br>organisational structures and the role of boards\u201d desf\u0103\u0219urat\u0103 la Institutul Cultural Danez din<br>Copenhaga, Danemarca.<br>Scopul deplas\u0103rii a constat \u00een investigarea \u0219i analizarea diverselor modele de<br>organizare a institu\u021biilor culturale din Danemarca, precum Institutul Cultural Danez, DUF<br>(Consiliul Danez al Tineretului), New Democracy Fund, al\u0103turi de exemple relevante de<br>structuri \u0219i strategii organiza\u021bionale din practicile partenerilor interna\u021bionali. Programul a fost<br>conceput cu inten\u021bia de a stabili rela\u021bii cu organiza\u021bii daneze ce \u00eemp\u0103rt\u0103\u0219esc viziunea sau<br>structura organiza\u021bional\u0103, preg\u0103tind astfel terenul pentru viitoare schimburi de cuno\u0219tin\u021be \u0219i<br>experien\u021be.<br>Printre principalele obiective ale acestei vizite s-au num\u0103rat transferul de cuno\u0219tin\u021be \u0219i bun\u0103<br>practic\u0103 \u00een sectorul cultural, consolidarea rela\u021biilor bilaterale, extinderea re\u021belei de contacte<br>profesionale, dezvoltarea abilit\u0103\u021bilor interculturale \u0219i generarea de noi idei \u0219i abilit\u0103\u021bi<br>profesionale.<br>Programul a inclus sesiuni informative \u0219i vizite la Institutul Cultural Danez, Institutul Danez<br>pentru Drepturile Omului, prezent\u0103ri sus\u021binute de exper\u021bi, precum\u00a0cu Dna Louise Holck,<br>directoare a Institutului Danez pentru Drepturile Omului, discu\u021bii \u0219i sesiuni de lucru \u00een grup cu<br>colegii de la Coali\u021bia Sectorului Cultural Independent, av\u00e2nd ca scop consolidarea sectorului<br>cultural independent din Republica Moldova.<br>\u00cen cadrul acestei vizite, Institutului Cultural Danez, \u00een persoana Dnei Camilla Mordhorst,<br>directoare DCI, i-au fost oferite publica\u021bii de referin\u021b\u0103 ale Institutului Patrimoniului Cultural,<br>inclusiv dou\u0103 monografii despre patrimoniul cultural \u0219i arheologia preventiv\u0103 din Republica<br>Moldova, precum \u0219i revista \u201eArta\u201d, seria arte audio-vizuale, Vol. XXXII, Nr.1, Nr.2, 2023.<br>Viziona\u021bi link interviu: https:\/\/www.instagram.com\/reel\/C4-mlKBPpek\/<\/p>\n\n\n\n<figure class=\"wp-block-image size-large\"><a href=\"https:\/\/ich.md\/wp-content\/uploads\/2024\/03\/431178752_972039574402004_3857890717872409588_n.jpg\"><img decoding=\"async\" loading=\"lazy\" width=\"768\" height=\"1024\" src=\"https:\/\/ich.md\/wp-content\/uploads\/2024\/03\/431178752_972039574402004_3857890717872409588_n-768x1024.jpg\" alt=\"\" class=\"wp-image-7419\"\/><\/a><\/figure>\n\n\n\n<figure class=\"wp-block-image size-large\"><a href=\"https:\/\/ich.md\/wp-content\/uploads\/2024\/03\/20240319_125431-1-scaled.jpg\"><img decoding=\"async\" loading=\"lazy\" width=\"1024\" height=\"768\" src=\"https:\/\/ich.md\/wp-content\/uploads\/2024\/03\/20240319_125431-1-1024x768.jpg\" alt=\"\" class=\"wp-image-7420\"\/><\/a><\/figure>\n\n\n\n<figure class=\"wp-block-image size-full\"><a href=\"https:\/\/ich.md\/wp-content\/uploads\/2024\/03\/433482659_1122315578911745_3463827433333982686_n.jpg\"><img decoding=\"async\" loading=\"lazy\" width=\"918\" height=\"559\" src=\"https:\/\/ich.md\/wp-content\/uploads\/2024\/03\/433482659_1122315578911745_3463827433333982686_n.jpg\" alt=\"\" class=\"wp-image-7421\"\/><\/a><\/figure>\n","protected":false},"excerpt":{"rendered":"<p>\u00cen perioada 17-21 martie 2024 Valeria Barbas, dr. \u00een studiul artelor \u0219i culturologie,cercet\u0103tor \u0219tiin\u021bific superior la Institutul Patrimoniului Cultural, a participat la vizita destudiu \u201e<span class=\"read-more-link\"><a class=\"read-more\" href=\"https:\/\/ich.md\/?p=7416\">Read More<\/a><\/span><\/p>\n","protected":false},"author":11,"featured_media":7418,"comment_status":"closed","ping_status":"closed","sticky":false,"template":"","format":"standard","meta":[],"categories":[10],"tags":[],"_links":{"self":[{"href":"https:\/\/ich.md\/index.php?rest_route=\/wp\/v2\/posts\/7416"}],"collection":[{"href":"https:\/\/ich.md\/index.php?rest_route=\/wp\/v2\/posts"}],"about":[{"href":"https:\/\/ich.md\/index.php?rest_route=\/wp\/v2\/types\/post"}],"author":[{"embeddable":true,"href":"https:\/\/ich.md\/index.php?rest_route=\/wp\/v2\/users\/11"}],"replies":[{"embeddable":true,"href":"https:\/\/ich.md\/index.php?rest_route=%2Fwp%2Fv2%2Fcomments&post=7416"}],"version-history":[{"count":3,"href":"https:\/\/ich.md\/index.php?rest_route=\/wp\/v2\/posts\/7416\/revisions"}],"predecessor-version":[{"id":7424,"href":"https:\/\/ich.md\/index.php?rest_route=\/wp\/v2\/posts\/7416\/revisions\/7424"}],"wp:featuredmedia":[{"embeddable":true,"href":"https:\/\/ich.md\/index.php?rest_route=\/wp\/v2\/media\/7418"}],"wp:attachment":[{"href":"https:\/\/ich.md\/index.php?rest_route=%2Fwp%2Fv2%2Fmedia&parent=7416"}],"wp:term":[{"taxonomy":"category","embeddable":true,"href":"https:\/\/ich.md\/index.php?rest_route=%2Fwp%2Fv2%2Fcategories&post=7416"},{"taxonomy":"post_tag","embeddable":true,"href":"https:\/\/ich.md\/index.php?rest_route=%2Fwp%2Fv2%2Ftags&post=7416"}],"curies":[{"name":"wp","href":"https:\/\/api.w.org\/{rel}","templated":true}]}}