{"id":7439,"date":"2024-03-29T18:45:31","date_gmt":"2024-03-29T16:45:31","guid":{"rendered":"https:\/\/ich.md\/?p=7439"},"modified":"2024-03-29T18:46:30","modified_gmt":"2024-03-29T16:46:30","slug":"expozitia-un-secol-de-pictura-basarabeana-o-suta-de-opere-din-colectia-muzeului-national-de-arta-a-moldovei-inaugurata-la-muzeul-national-de-arta-al-romaniei","status":"publish","type":"post","link":"https:\/\/ich.md\/?p=7439","title":{"rendered":"Expozi\u021bia \u201eUn secol de pictur\u0103 b\u0103sarabean\u0103 &#8211; o sut\u0103 de opere din Colec\u021bia Muzeului Na\u021bional de Art\u0103 a Moldovei\u201d, inaugurat\u0103 la Muzeul Na\u021bional de Art\u0103 al Rom\u00e2niei"},"content":{"rendered":"\n<p>\u00cen perioada 21.03 &#8211; 28.03.2024 dr. hab. Tudor ST\u0102VIL\u0102 s-a aflat \u00eentr-o delega\u021bie la Bucure\u0219ti, \u00een scopul realiz\u0103rii expozi\u021biei  \u201eUn secol de pictur\u0103 b\u0103sarabean\u0103 &#8211; o sut\u0103 de opere din Colec\u021bia Muzeului Na\u021bional de Art\u0103 a Moldovei\u201d. <\/p>\n\n\n\n<p>Expozi\u021bia a fost inaugurat\u0103 la Muzeul Na\u021bional de Art\u0103 al Rom\u00e2niei la 27 martie, cu \u00eencepere de la ora 15.00. La vernisaj au fost prezen\u021bi \u00eenal\u021bi oficiali din Rom\u00e2nia \u0219i Republica Moldova, \u00eentre care dna Ministru Raluca \u021aurcan \u0219i dl Igor Grosu, Pre\u0219edintele Parlamentului Republicii Moldova.  <\/p>\n\n\n\n<figure class=\"wp-block-image size-large is-resized\"><a href=\"https:\/\/ich.md\/wp-content\/uploads\/2024\/03\/Expozitie.jpg\"><img decoding=\"async\" loading=\"lazy\" src=\"https:\/\/ich.md\/wp-content\/uploads\/2024\/03\/Expozitie-1024x768.jpg\" alt=\"\" class=\"wp-image-7440\" width=\"840\" height=\"630\"\/><\/a><\/figure>\n\n\n\n<figure class=\"wp-block-image size-large\"><a href=\"https:\/\/ich.md\/wp-content\/uploads\/2024\/03\/Cu-Tudor-Zbarnea.jpg\"><img decoding=\"async\" loading=\"lazy\" width=\"1024\" height=\"768\" src=\"https:\/\/ich.md\/wp-content\/uploads\/2024\/03\/Cu-Tudor-Zbarnea-1024x768.jpg\" alt=\"\" class=\"wp-image-7441\"\/><\/a><\/figure>\n\n\n\n<figure class=\"wp-block-image size-full\"><a href=\"https:\/\/ich.md\/wp-content\/uploads\/2024\/03\/poza-expo2.jpg\"><img decoding=\"async\" loading=\"lazy\" width=\"960\" height=\"720\" src=\"https:\/\/ich.md\/wp-content\/uploads\/2024\/03\/poza-expo2.jpg\" alt=\"\" class=\"wp-image-7443\"\/><\/a><\/figure>\n\n\n\n<figure class=\"wp-block-image size-large\"><a href=\"https:\/\/ich.md\/wp-content\/uploads\/2024\/03\/Dna-Raluca-Turcan-1.jpg\"><img decoding=\"async\" loading=\"lazy\" width=\"1024\" height=\"682\" src=\"https:\/\/ich.md\/wp-content\/uploads\/2024\/03\/Dna-Raluca-Turcan-1-1024x682.jpg\" alt=\"\" class=\"wp-image-7444\"\/><\/a><\/figure>\n\n\n\n<figure class=\"wp-block-image size-full\"><a href=\"https:\/\/ich.md\/wp-content\/uploads\/2024\/03\/Cu-dl-I.Grosu_.jpg\"><img decoding=\"async\" loading=\"lazy\" width=\"590\" height=\"540\" src=\"https:\/\/ich.md\/wp-content\/uploads\/2024\/03\/Cu-dl-I.Grosu_.jpg\" alt=\"\" class=\"wp-image-7445\"\/><\/a><\/figure>\n\n\n\n<figure class=\"wp-block-image size-large\"><a href=\"https:\/\/ich.md\/wp-content\/uploads\/2024\/03\/poza-expoz1.jpg\"><img decoding=\"async\" loading=\"lazy\" width=\"768\" height=\"1024\" src=\"https:\/\/ich.md\/wp-content\/uploads\/2024\/03\/poza-expoz1-768x1024.jpg\" alt=\"\" class=\"wp-image-7446\"\/><\/a><\/figure>\n\n\n\n<figure class=\"wp-block-image size-large\"><a href=\"https:\/\/ich.md\/wp-content\/uploads\/2024\/03\/Baner.jpg\"><img decoding=\"async\" loading=\"lazy\" width=\"768\" height=\"1024\" src=\"https:\/\/ich.md\/wp-content\/uploads\/2024\/03\/Baner-768x1024.jpg\" alt=\"\" class=\"wp-image-7447\"\/><\/a><\/figure>\n","protected":false},"excerpt":{"rendered":"<p>\u00cen perioada 21.03 &#8211; 28.03.2024 dr. hab. Tudor ST\u0102VIL\u0102 s-a aflat \u00eentr-o delega\u021bie la Bucure\u0219ti, \u00een scopul realiz\u0103rii expozi\u021biei \u201eUn secol de pictur\u0103 b\u0103sarabean\u0103 &#8211;<span class=\"read-more-link\"><a class=\"read-more\" href=\"https:\/\/ich.md\/?p=7439\">Read More<\/a><\/span><\/p>\n","protected":false},"author":11,"featured_media":7447,"comment_status":"closed","ping_status":"closed","sticky":false,"template":"","format":"standard","meta":[],"categories":[10],"tags":[],"_links":{"self":[{"href":"https:\/\/ich.md\/index.php?rest_route=\/wp\/v2\/posts\/7439"}],"collection":[{"href":"https:\/\/ich.md\/index.php?rest_route=\/wp\/v2\/posts"}],"about":[{"href":"https:\/\/ich.md\/index.php?rest_route=\/wp\/v2\/types\/post"}],"author":[{"embeddable":true,"href":"https:\/\/ich.md\/index.php?rest_route=\/wp\/v2\/users\/11"}],"replies":[{"embeddable":true,"href":"https:\/\/ich.md\/index.php?rest_route=%2Fwp%2Fv2%2Fcomments&post=7439"}],"version-history":[{"count":1,"href":"https:\/\/ich.md\/index.php?rest_route=\/wp\/v2\/posts\/7439\/revisions"}],"predecessor-version":[{"id":7448,"href":"https:\/\/ich.md\/index.php?rest_route=\/wp\/v2\/posts\/7439\/revisions\/7448"}],"wp:featuredmedia":[{"embeddable":true,"href":"https:\/\/ich.md\/index.php?rest_route=\/wp\/v2\/media\/7447"}],"wp:attachment":[{"href":"https:\/\/ich.md\/index.php?rest_route=%2Fwp%2Fv2%2Fmedia&parent=7439"}],"wp:term":[{"taxonomy":"category","embeddable":true,"href":"https:\/\/ich.md\/index.php?rest_route=%2Fwp%2Fv2%2Fcategories&post=7439"},{"taxonomy":"post_tag","embeddable":true,"href":"https:\/\/ich.md\/index.php?rest_route=%2Fwp%2Fv2%2Ftags&post=7439"}],"curies":[{"name":"wp","href":"https:\/\/api.w.org\/{rel}","templated":true}]}}