{"id":7483,"date":"2024-04-18T11:46:12","date_gmt":"2024-04-18T08:46:12","guid":{"rendered":"https:\/\/ich.md\/?p=7483"},"modified":"2024-04-18T12:00:16","modified_gmt":"2024-04-18T09:00:16","slug":"institutul-patrimoniului-cultural-in-colaborare-cu-fundatia-heritage-21-si-asociatia-nationala-a-tinerilor-istorici-din-moldova-organizeaza-in-premiera-la-18-aprilie-2024-gala-patrimoniului-cultur","status":"publish","type":"post","link":"https:\/\/ich.md\/?p=7483","title":{"rendered":"INSTITUTUL PATRIMONIULUI CULTURAL, \u00eempreun\u0103 cu FUNDA\u021aIA HERITAGE 21 \u0219i ASOCIA\u021aIA NA\u021aIONAL\u0102 A TINERILOR  ISTORICI DIN MOLDOVA, organizeaz\u0103 \u00een premier\u0103, la 18 aprilie 2024 Gala Patrimoniului Cultural"},"content":{"rendered":"\n<p><\/p>\n\n\n\n<p>Cu prilejul ZILEI INTERNA\u021aIONALE A MONUMENTELOR \u0218I SITURILOR, <\/p>\n\n\n\n<p>INSTITUTUL PATRIMONIULUI CULTURAL, \u00eempreun\u0103 cu FUNDA\u021aIA HERITAGE 21 \u0219i ASOCIA\u021aIA NA\u021aIONAL\u0102 A TINERILOR ISTORICI DIN MOLDOVA, organizeaz\u0103 \u00een premier\u0103, la 18 aprilie 2024 Gala Patrimoniului Cultural.<\/p>\n\n\n\n<p>Evenimentul este dedicat tuturor celor care manifest\u0103 pasiune, creativitate \u0219i anagajament fa\u021b\u0103 de patrimoniul cultural \u0219i are ca  scop celebrarearea \u0219i recunoa\u0219terea eforturilor \u0219i realiz\u0103rilor remarcabile \u00een conservarea \u0219i promovarea bog\u0103\u021biei noastre culturale.<\/p>\n\n\n\n<p>Partenerii evenimentului sunt: Prim\u0103ria Municipiului Chi\u0219in\u0103u, Ministerul Culturii, Institutul Cultural Rom\u00e2n, TVR Chi\u0219in\u0103u \u0219i Radio Rom\u00e2nia Chi\u0219in\u0103u.<\/p>\n\n\n\n<p>Gala Patrimoniului Cultural se va desf\u0103\u0219ura la Palatul Republicii, \u00eencep\u00e2nd cu orele 18.00 \u0219i va putea fi urm\u0103rit\u0103  \u00een direct pe canalul de Yotube \u0219i Moldova 2.<\/p>\n\n\n\n<p>Agenda Evenimentului poate fi consulatat\u0103 aici:<\/p>\n\n\n\n<figure class=\"wp-block-image size-full is-resized\"><a href=\"https:\/\/ich.md\/wp-content\/uploads\/2024\/04\/Untitled.jpg\"><img decoding=\"async\" loading=\"lazy\" src=\"https:\/\/ich.md\/wp-content\/uploads\/2024\/04\/Untitled.jpg\" alt=\"\" class=\"wp-image-7484\" width=\"816\" height=\"902\"\/><\/a><\/figure>\n\n\n\n<figure class=\"wp-block-image size-large\"><a href=\"https:\/\/ich.md\/wp-content\/uploads\/2024\/04\/Untitled2-rotated.jpg\"><img decoding=\"async\" loading=\"lazy\" width=\"1024\" height=\"758\" src=\"https:\/\/ich.md\/wp-content\/uploads\/2024\/04\/Untitled2-1024x758.jpg\" alt=\"\" class=\"wp-image-7485\"\/><\/a><\/figure>\n\n\n\n<figure class=\"wp-block-image size-full\"><a href=\"https:\/\/ich.md\/wp-content\/uploads\/2024\/04\/Untitled3.jpg\"><img decoding=\"async\" loading=\"lazy\" width=\"816\" height=\"800\" src=\"https:\/\/ich.md\/wp-content\/uploads\/2024\/04\/Untitled3.jpg\" alt=\"\" class=\"wp-image-7486\"\/><\/a><\/figure>\n","protected":false},"excerpt":{"rendered":"<p>Cu prilejul ZILEI INTERNA\u021aIONALE A MONUMENTELOR \u0218I SITURILOR, INSTITUTUL PATRIMONIULUI CULTURAL, \u00eempreun\u0103 cu FUNDA\u021aIA HERITAGE 21 \u0219i ASOCIA\u021aIA NA\u021aIONAL\u0102 A TINERILOR ISTORICI DIN MOLDOVA, organizeaz\u0103<span class=\"read-more-link\"><a class=\"read-more\" href=\"https:\/\/ich.md\/?p=7483\">Read More<\/a><\/span><\/p>\n","protected":false},"author":11,"featured_media":7484,"comment_status":"closed","ping_status":"closed","sticky":false,"template":"","format":"standard","meta":[],"categories":[10],"tags":[],"_links":{"self":[{"href":"https:\/\/ich.md\/index.php?rest_route=\/wp\/v2\/posts\/7483"}],"collection":[{"href":"https:\/\/ich.md\/index.php?rest_route=\/wp\/v2\/posts"}],"about":[{"href":"https:\/\/ich.md\/index.php?rest_route=\/wp\/v2\/types\/post"}],"author":[{"embeddable":true,"href":"https:\/\/ich.md\/index.php?rest_route=\/wp\/v2\/users\/11"}],"replies":[{"embeddable":true,"href":"https:\/\/ich.md\/index.php?rest_route=%2Fwp%2Fv2%2Fcomments&post=7483"}],"version-history":[{"count":3,"href":"https:\/\/ich.md\/index.php?rest_route=\/wp\/v2\/posts\/7483\/revisions"}],"predecessor-version":[{"id":7489,"href":"https:\/\/ich.md\/index.php?rest_route=\/wp\/v2\/posts\/7483\/revisions\/7489"}],"wp:featuredmedia":[{"embeddable":true,"href":"https:\/\/ich.md\/index.php?rest_route=\/wp\/v2\/media\/7484"}],"wp:attachment":[{"href":"https:\/\/ich.md\/index.php?rest_route=%2Fwp%2Fv2%2Fmedia&parent=7483"}],"wp:term":[{"taxonomy":"category","embeddable":true,"href":"https:\/\/ich.md\/index.php?rest_route=%2Fwp%2Fv2%2Fcategories&post=7483"},{"taxonomy":"post_tag","embeddable":true,"href":"https:\/\/ich.md\/index.php?rest_route=%2Fwp%2Fv2%2Ftags&post=7483"}],"curies":[{"name":"wp","href":"https:\/\/api.w.org\/{rel}","templated":true}]}}