{"id":7501,"date":"2024-04-22T12:26:57","date_gmt":"2024-04-22T09:26:57","guid":{"rendered":"https:\/\/ich.md\/?p=7501"},"modified":"2024-04-22T15:54:49","modified_gmt":"2024-04-22T12:54:49","slug":"institutul-patrimoniului-cultural-fundatia-heritage21-si-asociatia-nationala-a-tinerilor-istorici-din-moldova-organizatori-ai-unei-gale-impresionante-dedicata-salvgardarii-si-conservarii-patrimoniul","status":"publish","type":"post","link":"https:\/\/ich.md\/?p=7501","title":{"rendered":"Institutul Patrimoniului Cultural, Funda\u021bia Heritage21 \u0219i Asocia\u021bia Na\u021bional\u0103 a Tinerilor Istorici din Moldova \u2013 organizatori ai unei gale impresionante dedicat\u0103 salvgard\u0103rii \u0219i conserv\u0103rii patrimoniului cultural"},"content":{"rendered":"\n<p class=\"has-black-color has-text-color\">La 18 aprilie 2024, la Palatul Republicii din Chi\u0219in\u0103u, s-a desf\u0103\u0219urat <em>Gala Patrimoniului Cultural 2024<\/em>\u00a0\u2013eveniment remarcabil pentru \u00eentreaga societate din Republica Moldova. <\/p>\n\n\n\n<p class=\"has-black-color has-text-color\">\u00cen cadrul edi\u0163iei din acest an, au fost oferite \u015fapte premii. C\u00e2\u0219tig\u0103torii celor \u0219apte premii au fost selecta\u021bi de un juriu constituit din valoroase personalit\u0103\u021bi, care activeaz\u0103 \u00een domeniul \u0219tiin\u021bei \u0219i culturii: Sergiu MUSTEA\u021a\u0102 \u2013 arheolog, doctor \u00een istorie, profesor universitar, expert \u00een domeniul patrimoniului cultural; Silviu TABAC \u2013 istoric, doctor \u00een istorie, conferen\u021biar cercet\u0103tor, Heraldist de Stat al Republicii Moldova, \u0219eful Cabinetului de heraldic\u0103 din cadrul Aparatului Pre\u0219edintelui Republicii Moldova; Ion URSU \u2013 arheolog, doctor \u00een istorie, conferen\u021biar universitar, director al Institutului Patrimoniului Cultural). Unii dintre reprezentan\u021bii juriului se afl\u0103 \u00een fruntea institu\u021biilor, ce se num\u0103r\u0103 printre organizatorii principali ai Galei: Funda\u021bia Heritage 21, Asocia\u021bia Na\u021bional\u0103 a Tinerilor Istorici din Moldova \u0219i Institutul Patrimoniului Cultural.<\/p>\n\n\n\n<p class=\"has-black-color has-text-color\">Sergiu MUSTEA\u0162\u0102, Alexandru CORDUNEANU \u0219i Ion URSU, \u00een calitate de organizatori ai evenimentului, au dat start Galei. Participan\u021bii la festivitate au subliniat importan\u021ba asum\u0103rii, cercet\u0103rii, salvgard\u0103rii \u0219i conserv\u0103rii patrimoniului cultural \u0219i au chemat la unirea eforturilor pentru atingerea acestui deziderat.<\/p>\n\n\n\n<p class=\"has-black-color has-text-color\">Prezen\u021bi la eveniment, Primarul General Ion CEBAN \u0219i Directoarea Institutului Cultural Rom\u00e2n din Chi\u0219in\u0103u Monica BABUC \u0219i-au exprimat recuno\u0219tin\u021ba fa\u021b\u0103 de cercet\u0103torii \u0219i organiza\u021biile neguvernamentale, care au contribuit la protejarea, reabilitarea \u0219i valorificarea mo\u0219tenirii noastre culturale.<\/p>\n\n\n\n<p class=\"has-black-color has-text-color\">Premiul pentru implicarea cet\u0103\u021benilor \u00een protejarea, reabilitarea \u0219i promovarea patrimoniului cultural a fost acordat grupului civic, din care face parte Constantin Vlas, Elena Nichifor \u0219i Iulian Ciobanu pentru proiectul Moara cu Aburi din Mere\u0219eni, raionul H\u00e2nce\u0219ti.<\/p>\n\n\n\n<p class=\"has-black-color has-text-color\">Institutul Cultural Rom\u00e2n \u201eMihai Eminescu\u201d la Chi\u0219in\u0103u a acordat Premiul pentru Cercetarea Patrimoniului Cultural arheologului Ion TENTIUC, doctor \u00een istorie, conferen\u021biar universitar. <\/p>\n\n\n\n<p class=\"has-black-color has-text-color\">Premiul pentru Conservarea \u0219i Restaurarea Patrimoniului Cultural i-a revenit Asocia\u021biei Ob\u0219te\u0219ti\u00a0A.O. \u201eMonumentum\u201d, administrat\u0103 de Iulian RUSANOVSCHI.<\/p>\n\n\n\n<p class=\"has-black-color has-text-color\">Premiul pentru Promovarea mo\u0219tenirii arheologice a fost ob\u021binut de Agen\u021bia Na\u021bional\u0103 Arheologic\u0103, director general \u2013 Vlad VORNIC, doctor \u00een istorie.<\/p>\n\n\n\n<p class=\"has-black-color has-text-color\">Premiul pentru completarea \u0219i p\u0103strarea patrimoniului cultural i-a fost oferit lui Vasile IUCAL \u2013 directorul Muzeului\u00a0de Istorie \u0219i Etnografie\u00a0din Ungheni.<\/p>\n\n\n\n<p class=\"has-black-color has-text-color\">Cu Premiul Mass Media Pro-Patrimoniu a fost apreciat\u0103 emisiunea Companiei TeleRadio Moldova \u201eMoldova de patrimoniu\u201d, realizat\u0103 de Angela GAVRILIUC.<\/p>\n\n\n\n<p>Laureat al Premiului Mare este Reprezentan\u021ba Diplomatic\u0103 a Statelor Unite ale Americii \u00een Republica Moldova, pentru proiectul \u201eBiserica Adormirea Maicii Domnului din C\u0103u\u0219eni\u201d.<\/p>\n\n\n\n<p>Gala reprezint\u0103 una dintre primele ini\u021biative comune ale domeniului cercet\u0103rii \u0219i cel asociativ, scopul c\u0103reia a fost punerea \u00een valoare \u0219i premierea proiectelor reu\u0219ite din domeniul salvgard\u0103rii \u0219i conserv\u0103rii patrimoniului cultural imobil. Prin acest eveniment, a fost manifestat\u0103 inten\u021bia de a \u00eencuraja societatea \u00een vederea consolid\u0103rii eforturilor de protejare \u0219i salvgardare a patrimoniului cultural, precum \u0219i de implicare \u00een dezvoltarea proiectelor \u00een domeniu.<\/p>\n\n\n\n<p>Desf\u0103\u0219urarea Galei a fost sus\u021binut\u0103 printr-un recital muzical al ansamblului \u201eSelect Cvartet Plus\u201d, sub bagheta dirijorului Mihai Agafi\u021ba, \u00eempreun\u0103 cu interpre\u021bii Aurel Chirtoac\u0103 \u0219i Tatiana Turtureanu.<\/p>\n\n\n\n<figure class=\"wp-block-image size-full is-resized\"><a href=\"https:\/\/ich.md\/wp-content\/uploads\/2024\/04\/gala1.jpg\"><img decoding=\"async\" loading=\"lazy\" src=\"https:\/\/ich.md\/wp-content\/uploads\/2024\/04\/gala1.jpg\" alt=\"\" class=\"wp-image-7502\" width=\"839\" height=\"559\"\/><\/a><\/figure>\n\n\n\n<figure class=\"wp-block-image size-large\"><a href=\"https:\/\/ich.md\/wp-content\/uploads\/2024\/04\/gal6-1.jpg\"><img decoding=\"async\" loading=\"lazy\" width=\"1024\" height=\"682\" src=\"https:\/\/ich.md\/wp-content\/uploads\/2024\/04\/gal6-1-1024x682.jpg\" alt=\"\" class=\"wp-image-7514\"\/><\/a><\/figure>\n\n\n\n<figure class=\"wp-block-image size-large\"><a href=\"https:\/\/ich.md\/wp-content\/uploads\/2024\/04\/gala4-1.jpg\"><img decoding=\"async\" loading=\"lazy\" width=\"1024\" height=\"828\" src=\"https:\/\/ich.md\/wp-content\/uploads\/2024\/04\/gala4-1-1024x828.jpg\" alt=\"\" class=\"wp-image-7523\"\/><\/a><\/figure>\n\n\n\n<figure class=\"wp-block-image size-full\"><a href=\"https:\/\/ich.md\/wp-content\/uploads\/2024\/04\/gala3-1.jpg\"><img decoding=\"async\" loading=\"lazy\" width=\"600\" height=\"450\" src=\"https:\/\/ich.md\/wp-content\/uploads\/2024\/04\/gala3-1.jpg\" alt=\"\" class=\"wp-image-7526\"\/><\/a><\/figure>\n","protected":false},"excerpt":{"rendered":"<p>La 18 aprilie 2024, la Palatul Republicii din Chi\u0219in\u0103u, s-a desf\u0103\u0219urat Gala Patrimoniului Cultural 2024\u00a0\u2013eveniment remarcabil pentru \u00eentreaga societate din Republica Moldova. \u00cen cadrul edi\u0163iei<span class=\"read-more-link\"><a class=\"read-more\" href=\"https:\/\/ich.md\/?p=7501\">Read More<\/a><\/span><\/p>\n","protected":false},"author":11,"featured_media":7508,"comment_status":"closed","ping_status":"closed","sticky":false,"template":"","format":"standard","meta":[],"categories":[10],"tags":[],"_links":{"self":[{"href":"https:\/\/ich.md\/index.php?rest_route=\/wp\/v2\/posts\/7501"}],"collection":[{"href":"https:\/\/ich.md\/index.php?rest_route=\/wp\/v2\/posts"}],"about":[{"href":"https:\/\/ich.md\/index.php?rest_route=\/wp\/v2\/types\/post"}],"author":[{"embeddable":true,"href":"https:\/\/ich.md\/index.php?rest_route=\/wp\/v2\/users\/11"}],"replies":[{"embeddable":true,"href":"https:\/\/ich.md\/index.php?rest_route=%2Fwp%2Fv2%2Fcomments&post=7501"}],"version-history":[{"count":9,"href":"https:\/\/ich.md\/index.php?rest_route=\/wp\/v2\/posts\/7501\/revisions"}],"predecessor-version":[{"id":7532,"href":"https:\/\/ich.md\/index.php?rest_route=\/wp\/v2\/posts\/7501\/revisions\/7532"}],"wp:featuredmedia":[{"embeddable":true,"href":"https:\/\/ich.md\/index.php?rest_route=\/wp\/v2\/media\/7508"}],"wp:attachment":[{"href":"https:\/\/ich.md\/index.php?rest_route=%2Fwp%2Fv2%2Fmedia&parent=7501"}],"wp:term":[{"taxonomy":"category","embeddable":true,"href":"https:\/\/ich.md\/index.php?rest_route=%2Fwp%2Fv2%2Fcategories&post=7501"},{"taxonomy":"post_tag","embeddable":true,"href":"https:\/\/ich.md\/index.php?rest_route=%2Fwp%2Fv2%2Ftags&post=7501"}],"curies":[{"name":"wp","href":"https:\/\/api.w.org\/{rel}","templated":true}]}}