{"id":7533,"date":"2024-04-22T16:45:17","date_gmt":"2024-04-22T13:45:17","guid":{"rendered":"https:\/\/ich.md\/?p=7533"},"modified":"2024-04-25T12:05:58","modified_gmt":"2024-04-25T09:05:58","slug":"cercetatorii-de-la-institutul-patrimoniului-cultural-participanti-la-lucrarile-forumului-cultural-international-patrimoniul-cultural-provocari-si-oportunitati-organizat-l","status":"publish","type":"post","link":"https:\/\/ich.md\/?p=7533","title":{"rendered":"Cercet\u0103torii de la Institutul Patrimoniului Cultural \u2013 participan\u021bi la lucr\u0103rile Forumului Cultural Interna\u021bional \u201ePatrimoniul Cultural, Provoc\u0103ri \u0219i Oportunit\u0103\u021bi\u201d, organizat la 19 aprilie 2024 de c\u0103tre Ministerul Culturii al RM"},"content":{"rendered":"\n<p>La 18-19 aprilie 2024, Ministerul Culturii, av\u00e2nd ca parteneri strategici pe USAID \u0219i ICOMOS, a desf\u0103\u0219urat Forumul Cultural Interna\u021bional \u201ePatrimoniul Cultural, Provoc\u0103ri \u0219i Oportunit\u0103\u021bi\u201d, dedicat Zilei Interna\u021bionale a Monumentelor \u0219i Siturilor.<\/p>\n\n\n\n<p>Lucr\u0103rile Forumului s-au desf\u0103\u0219urat \u00een cadrul Muzeului Na\u021bional de Istorie al Moldovei, cu \u00eencepere la ora 10.00.<\/p>\n\n\n\n<p>Forumul a a vut ca scop analiza unor aspecte ce \u021bin de valorificarea \u0219i conservarea patrimoniului cultural construit, fiind identificate at\u00e2t provoc\u0103rile cu care se confrunt\u0103, c\u00e2t \u0219i oportunit\u0103\u021bile pe care le prezint\u0103. Raportorii prezen\u021bi la eveniment au abordat, \u00een cadrul celor \u0219ase paneluri de discu\u021bie, subiecte cu referire la metodele de promovare \u0219i salvgardare a edificiilor patrimoniale de la distrugere, starea actual\u0103 a elementelor de patrimoniu cultural rural, probleme de conservare a operelor de art\u0103 plastic\u0103 monumental\u0103, patrimoniu construit ca factor al dezvolt\u0103rii economice, dezastre \u0219i conflicte prin prisma Cartei de la Vene\u021bia etc. Totodat\u0103, Formul a prev\u0103zut \u0219i c\u00e2teva expozi\u021bii relevante \u00een acest domeniu.<\/p>\n\n\n\n<p>La eveniment au participat mai mul\u021bi cercet\u0103tori din cadrul Institutului Patrimoniului Cultural. Dr. Ion URSU a vorbit despre <em>Rolul arheologiei \u00een cunoa\u0219terea \u0219i valorificarea patrimoniului cultural construit; <\/em>dr. Aurelia CARPOV \u0219i dr. Aurelia TRIFAN au prezentat informa\u021bii cu referire la <em>Conacele boiere\u0219ti din Republica Moldova; <\/em>dr. Natalia GR\u0102DINARU a vorbit despre necesitatea de a salvgarda \u0219i valorifica <em>Casa mare<\/em> <em>ca element simbolic al identit\u0103\u021bii noastre cultural<\/em>e; dr. Nina IVANOVA a prezentat formele de promovare \u0219i de valorificare a casei mari \u00een strategiile de marketing a companiilor din domeniu HoReCa. Dr. Victor COJUHARI \u0219i dr. Eudochia SOROCEAN au descris \u0219i analizat specificul locuin\u021bei tradi\u021bionale a ucrainenilor \u0219i g\u0103g\u0103uzilor din Republica Moldova.<\/p>\n\n\n\n<p>Raportorii au avut prilejul de a-\u015fi expune opiniile asupra modului cum pot fi valorificate \u0219i salvgardate elementele de patrimoniu cultural arheologic, cele ale arhitecturii vernaculare \u0219i monumentelor de art\u0103 plastic\u0103. <\/p>\n\n\n\n<figure class=\"wp-block-image size-large\"><a href=\"https:\/\/ich.md\/wp-content\/uploads\/2024\/04\/\u0438\u0437\u043e\u0431\u0440\u0430\u0436\u0435\u043d\u0438\u0435_viber_2024-04-22_09-19-05-036.jpg\"><img decoding=\"async\" loading=\"lazy\" width=\"1024\" height=\"768\" src=\"https:\/\/ich.md\/wp-content\/uploads\/2024\/04\/\u0438\u0437\u043e\u0431\u0440\u0430\u0436\u0435\u043d\u0438\u0435_viber_2024-04-22_09-19-05-036-1024x768.jpg\" alt=\"\" class=\"wp-image-7535\"\/><\/a><\/figure>\n\n\n\n<figure class=\"wp-block-image size-large\"><a href=\"https:\/\/ich.md\/wp-content\/uploads\/2024\/04\/soroc.jpg\"><img decoding=\"async\" loading=\"lazy\" width=\"1024\" height=\"768\" src=\"https:\/\/ich.md\/wp-content\/uploads\/2024\/04\/soroc-1024x768.jpg\" alt=\"\" class=\"wp-image-7537\"\/><\/a><\/figure>\n\n\n\n<figure class=\"wp-block-image size-large is-resized\"><a href=\"https:\/\/ich.md\/wp-content\/uploads\/2024\/04\/ivanov.jpg\"><img decoding=\"async\" loading=\"lazy\" src=\"https:\/\/ich.md\/wp-content\/uploads\/2024\/04\/ivanov-768x1024.jpg\" alt=\"\" class=\"wp-image-7538\" width=\"841\" height=\"1121\"\/><\/a><\/figure>\n\n\n\n<figure class=\"wp-block-image size-large\"><a href=\"https:\/\/ich.md\/wp-content\/uploads\/2024\/04\/gradin.jpg\"><img decoding=\"async\" loading=\"lazy\" width=\"1024\" height=\"768\" src=\"https:\/\/ich.md\/wp-content\/uploads\/2024\/04\/gradin-1024x768.jpg\" alt=\"\" class=\"wp-image-7539\"\/><\/a><\/figure>\n\n\n\n<figure class=\"wp-block-image size-large\"><a href=\"https:\/\/ich.md\/wp-content\/uploads\/2024\/04\/cojuh.jpg\"><img decoding=\"async\" loading=\"lazy\" width=\"1024\" height=\"768\" src=\"https:\/\/ich.md\/wp-content\/uploads\/2024\/04\/cojuh-1024x768.jpg\" alt=\"\" class=\"wp-image-7540\"\/><\/a><\/figure>\n\n\n\n<figure class=\"wp-block-image size-large\"><a href=\"https:\/\/ich.md\/wp-content\/uploads\/2024\/04\/trifan.jpg\"><img decoding=\"async\" loading=\"lazy\" width=\"768\" height=\"1024\" src=\"https:\/\/ich.md\/wp-content\/uploads\/2024\/04\/trifan-768x1024.jpg\" alt=\"\" class=\"wp-image-7578\"\/><\/a><\/figure>\n\n\n\n<figure class=\"wp-block-image size-large\"><a href=\"https:\/\/ich.md\/wp-content\/uploads\/2024\/04\/aurelia.jpg\"><img decoding=\"async\" loading=\"lazy\" width=\"1024\" height=\"768\" src=\"https:\/\/ich.md\/wp-content\/uploads\/2024\/04\/aurelia-1024x768.jpg\" alt=\"\" class=\"wp-image-7581\"\/><\/a><\/figure>\n","protected":false},"excerpt":{"rendered":"<p>La 18-19 aprilie 2024, Ministerul Culturii, av\u00e2nd ca parteneri strategici pe USAID \u0219i ICOMOS, a desf\u0103\u0219urat Forumul Cultural Interna\u021bional \u201ePatrimoniul Cultural, Provoc\u0103ri \u0219i Oportunit\u0103\u021bi\u201d, dedicat<span class=\"read-more-link\"><a class=\"read-more\" href=\"https:\/\/ich.md\/?p=7533\">Read More<\/a><\/span><\/p>\n","protected":false},"author":11,"featured_media":7542,"comment_status":"closed","ping_status":"closed","sticky":false,"template":"","format":"standard","meta":[],"categories":[10],"tags":[],"_links":{"self":[{"href":"https:\/\/ich.md\/index.php?rest_route=\/wp\/v2\/posts\/7533"}],"collection":[{"href":"https:\/\/ich.md\/index.php?rest_route=\/wp\/v2\/posts"}],"about":[{"href":"https:\/\/ich.md\/index.php?rest_route=\/wp\/v2\/types\/post"}],"author":[{"embeddable":true,"href":"https:\/\/ich.md\/index.php?rest_route=\/wp\/v2\/users\/11"}],"replies":[{"embeddable":true,"href":"https:\/\/ich.md\/index.php?rest_route=%2Fwp%2Fv2%2Fcomments&post=7533"}],"version-history":[{"count":7,"href":"https:\/\/ich.md\/index.php?rest_route=\/wp\/v2\/posts\/7533\/revisions"}],"predecessor-version":[{"id":7582,"href":"https:\/\/ich.md\/index.php?rest_route=\/wp\/v2\/posts\/7533\/revisions\/7582"}],"wp:featuredmedia":[{"embeddable":true,"href":"https:\/\/ich.md\/index.php?rest_route=\/wp\/v2\/media\/7542"}],"wp:attachment":[{"href":"https:\/\/ich.md\/index.php?rest_route=%2Fwp%2Fv2%2Fmedia&parent=7533"}],"wp:term":[{"taxonomy":"category","embeddable":true,"href":"https:\/\/ich.md\/index.php?rest_route=%2Fwp%2Fv2%2Fcategories&post=7533"},{"taxonomy":"post_tag","embeddable":true,"href":"https:\/\/ich.md\/index.php?rest_route=%2Fwp%2Fv2%2Ftags&post=7533"}],"curies":[{"name":"wp","href":"https:\/\/api.w.org\/{rel}","templated":true}]}}