{"id":7644,"date":"2024-05-23T10:12:35","date_gmt":"2024-05-23T07:12:35","guid":{"rendered":"https:\/\/ich.md\/?p=7644"},"modified":"2024-05-23T10:14:46","modified_gmt":"2024-05-23T07:14:46","slug":"la-21-mai-2024-in-incinta-ipc-a-avut-loc-masa-rotunda-internationala-in-memoriam-academicianului-constantin-popovici-omul-savantul-scriitorul-organizata-de-universitatea-national","status":"publish","type":"post","link":"https:\/\/ich.md\/?p=7644","title":{"rendered":"La 21 mai 2024 \u00een incinta IPC a avut loc Masa rotunda interna\u021bional\u0103 \u201eIn memoriam academicianului Constantin Popovici: Omul. Savantul. Scriitorul\u201d"},"content":{"rendered":"\n<p>La 21 mai 2024, cercet\u0103torii Institutului Patrimoniului Cultural au participat online la lucr\u0103rile Mesei rotunde interna\u021bionale \u201eIn memoriam academicianului Constantin Popovici: Omul. Savantul. Scriitorul\u201d, organizat\u0103 de Universitatea Na\u021bional\u0103 \u201eIuri Fedkovyci\u201d din Cern\u0103u\u021bi (Ucraina), \u00een contextul comemor\u0103rii centenarului omagial: <em>100 de ani de la na\u0219terea <\/em><em>Academicianul<\/em><em>ui<\/em><em> Constantin Popovici<\/em><em> (1924 \u2013 2024)<\/em>.<\/p>\n\n\n\n<p>\u00cen cadrul forului interna\u021bional de comemorare \u0219i-au adus omagiul: cercet\u0103tori \u0219tiin\u021bifici, profesori universitari, cadre didactice, lucr\u0103tori din domeniul culturii, to\u021bi acei care l-au cunoscut \u0219i apreciat pe academicianul Constantin Popovici \u2013 reputatul om de \u0219tiin\u021b\u0103, cercet\u0103tor \u00een domeniul teoriei \u0219i istoriei literare, eminescologiei, folcloristicii \u0219i studiilor ucrainistice.<\/p>\n\n\n\n<p>Cercet\u0103torii \u0219tiin\u021bifici din cadrul Sec\u021biei \u201eCultura tradi\u021bional\u0103 a Minorit\u0103\u021bilor etnice\u201d a Institutului Patrimoniului Cultural, au prezentat dou\u0103 comunic\u0103ri:<\/p>\n\n\n\n<p><em>\u041a. \u0424. \u041f\u043e\u043f\u043e\u0432\u0438\u0447 \u2013<\/em><em> <\/em><em>\u043d\u0430\u0448 \u0434\u0443\u0445\u043e\u0432\u043d\u044b\u0439 \u043f\u0430\u0442\u0440\u0438\u0430\u0440\u0445<\/em> \/\/ COJUHARI Ecaterina, dr.;<\/p>\n\n\n\n<p><em>\u041a. \u0424. \u041f\u043e\u043f\u043e\u0432\u0438\u0447 \u2013<\/em><em> \u043e\u0441\u043d\u043e\u0432\u0430\u0442\u0435\u043b\u044c \u0443\u043a\u0440\u0430\u0438\u043d\u043e\u0432\u0435\u0434\u0435\u043d\u0438\u044f \u0432 \u0420\u0435\u0441\u043f\u0443\u0431\u043b\u0438\u043a\u0435 \u041c\u043e\u043b\u0434\u043e\u0432\u0430<\/em> \/\/ COJUHARI &nbsp;Victor, dr.<\/p>\n\n\n\n<p>\u00cen cadrul comunic\u0103rilor prezentate, cercet\u0103torii Institutului Patrimoniului Cultural, succesorii ucraini\u0219ti ai academicianului Constantin Popovici, au reliefat rolul esen\u021bial al savantului \u00een procesul de institu\u021bionalizare \u0219i valorificare a studiilor ucrainistice \u00een Republica Moldova.&nbsp; Totodat\u0103, pe \u00eentregul itinerariu al activit\u0103\u021bii academice, Constantin Popovici s-a manifestat \u00een domeniul de investiga\u0163ie teoretic\u0103 \u0219i aplicat\u0103, focusat pe studierea interferen\u021belor literare est-europene. \u00cen mod special, academicianul Constantin Popovici a fost preocupat de opera \u0219i personalitatea lui Mihai Eminescu, prin desf\u0103\u0219urarea activit\u0103\u021bii de cercetare \u00een calitate de monografist, editor al operelor literare, autor de albume \u0219i culegeri memorialistice despre marele poet. Este autorul a 50 de monografii \u0219i peste 600 de publica\u0163ii, scrise \u00een limbile rom\u00e2n\u0103, rus\u0103 \u0219i ucrainean\u0103. \u00cen perioada 2008 \u2013 2010, printr-un enorm efort \u0219i munc\u0103 asidu\u0103 a academicianului Constantin Popovici desf\u0103\u0219urat\u0103 \u00een cadrul Institutului Patrimoniului Cultural, apar de sub tipar cele XV volume ale \u201eScrierelor alese\u201d, care creeaz\u0103 \u00een ansamblu imaginea complex\u0103 a vie\u0163ii \u015fi activit\u0103\u0163ii savantului, persoan\u0103 proieminent\u0103 \u00een studierea teoriei \u015fi istoriei literare, eminescologiei, folcloristicii \u0219i ucrainisticii: POPOVICI, Constanin. <em>Scrieri<\/em><em> <\/em><em>alese<\/em>: [\u00een 15 volume]. Volumul I\u2013XV. Chi\u015fin\u0103u: Complexul editorial Elan INC, 2008 \u2013 2010.<\/p>\n\n\n\n<p>\u00cen mare m\u0103sur\u0103, mo\u0219tenirea \u0219tiin\u0163ific\u0103 a academicianului Constantin Popovici \u0219i-a g\u0103sit continuitate \u00een lucr\u0103rile discipolilor s\u0103i, care au fost \u00eendruma\u0163i de un conduc\u0103tor \u00een\u0163elept \u0219i grijuliu. Patriarhul specialit\u0103\u021bii \u0219tiin\u021bifice \u201eLiteratura universal\u0103 \u0219i comparat\u0103\u201d \u2013 a crescut o \u00eentreag\u0103 genera\u0163ie de savan\u0163i, lucr\u0103rile c\u0103rora au valorificat domeniul de cercetare umanistic\u0103 a literaturii rom\u00e2ne, ucrainene, bulgare, g\u0103g\u0103uze, ruse, evreie\u0219ti din Republica Moldova.<\/p>\n\n\n\n<p><strong>Autori:<\/strong>  dr. Victor COJUHARI, dr. Ion DUMINICA  <\/p>\n\n\n\n<figure class=\"wp-block-image size-large\"><a href=\"https:\/\/ich.md\/wp-content\/uploads\/2024\/05\/mr-ucr-pop.jpg\"><img decoding=\"async\" loading=\"lazy\" width=\"1024\" height=\"768\" src=\"https:\/\/ich.md\/wp-content\/uploads\/2024\/05\/mr-ucr-pop-1024x768.jpg\" alt=\"\" class=\"wp-image-7645\"\/><\/a><\/figure>\n\n\n\n<p><\/p>\n\n\n\n<figure class=\"wp-block-image size-large\"><a href=\"https:\/\/ich.md\/wp-content\/uploads\/2024\/05\/ucrain-grup-pr.jpg\"><img decoding=\"async\" loading=\"lazy\" width=\"1024\" height=\"598\" src=\"https:\/\/ich.md\/wp-content\/uploads\/2024\/05\/ucrain-grup-pr-1024x598.jpg\" alt=\"\" class=\"wp-image-7654\"\/><\/a><\/figure>\n\n\n\n<figure class=\"wp-block-image size-large\"><a href=\"https:\/\/ich.md\/wp-content\/uploads\/2024\/05\/online-mr-ucr.jpg\"><img decoding=\"async\" loading=\"lazy\" width=\"1024\" height=\"628\" src=\"https:\/\/ich.md\/wp-content\/uploads\/2024\/05\/online-mr-ucr-1024x628.jpg\" alt=\"\" class=\"wp-image-7651\"\/><\/a><\/figure>\n\n\n\n<figure class=\"wp-block-image size-large\"><a href=\"https:\/\/ich.md\/wp-content\/uploads\/2024\/05\/ucrain-mr.jpg\"><img decoding=\"async\" loading=\"lazy\" width=\"1024\" height=\"576\" src=\"https:\/\/ich.md\/wp-content\/uploads\/2024\/05\/ucrain-mr-1024x576.jpg\" alt=\"\" class=\"wp-image-7652\"\/><\/a><\/figure>\n\n\n\n<figure class=\"wp-block-image size-large\"><a href=\"https:\/\/ich.md\/wp-content\/uploads\/2024\/05\/mr-ucraineni.jpg\"><img decoding=\"async\" loading=\"lazy\" width=\"1024\" height=\"576\" src=\"https:\/\/ich.md\/wp-content\/uploads\/2024\/05\/mr-ucraineni-1024x576.jpg\" alt=\"\" class=\"wp-image-7650\"\/><\/a><\/figure>\n\n\n\n<figure class=\"wp-block-image size-large\"><a href=\"https:\/\/ich.md\/wp-content\/uploads\/2024\/05\/mr-ucr-po.jpg\"><img decoding=\"async\" loading=\"lazy\" width=\"1024\" height=\"576\" src=\"https:\/\/ich.md\/wp-content\/uploads\/2024\/05\/mr-ucr-po-1024x576.jpg\" alt=\"\" class=\"wp-image-7649\"\/><\/a><\/figure>\n\n\n\n<figure class=\"wp-block-image size-large\"><a href=\"https:\/\/ich.md\/wp-content\/uploads\/2024\/05\/mr-ucr.jpg\"><img decoding=\"async\" loading=\"lazy\" width=\"1024\" height=\"768\" src=\"https:\/\/ich.md\/wp-content\/uploads\/2024\/05\/mr-ucr-1024x768.jpg\" alt=\"\" class=\"wp-image-7648\"\/><\/a><\/figure>\n\n\n\n<figure class=\"wp-block-image size-large\"><a href=\"https:\/\/ich.md\/wp-content\/uploads\/2024\/05\/cojuh.jpg\"><img decoding=\"async\" loading=\"lazy\" width=\"1024\" height=\"576\" src=\"https:\/\/ich.md\/wp-content\/uploads\/2024\/05\/cojuh-1024x576.jpg\" alt=\"\" class=\"wp-image-7646\"\/><\/a><\/figure>\n\n\n\n<figure class=\"wp-block-image size-large\"><a href=\"https:\/\/ich.md\/wp-content\/uploads\/2024\/05\/popovici.jpg\"><img decoding=\"async\" loading=\"lazy\" width=\"1024\" height=\"576\" src=\"https:\/\/ich.md\/wp-content\/uploads\/2024\/05\/popovici-1024x576.jpg\" alt=\"\" class=\"wp-image-7655\"\/><\/a><\/figure>\n","protected":false},"excerpt":{"rendered":"<p>La 21 mai 2024, cercet\u0103torii Institutului Patrimoniului Cultural au participat online la lucr\u0103rile Mesei rotunde interna\u021bionale \u201eIn memoriam academicianului Constantin Popovici: Omul. Savantul. Scriitorul\u201d, organizat\u0103<span class=\"read-more-link\"><a class=\"read-more\" href=\"https:\/\/ich.md\/?p=7644\">Read More<\/a><\/span><\/p>\n","protected":false},"author":11,"featured_media":7655,"comment_status":"closed","ping_status":"closed","sticky":false,"template":"","format":"standard","meta":[],"categories":[10],"tags":[],"_links":{"self":[{"href":"https:\/\/ich.md\/index.php?rest_route=\/wp\/v2\/posts\/7644"}],"collection":[{"href":"https:\/\/ich.md\/index.php?rest_route=\/wp\/v2\/posts"}],"about":[{"href":"https:\/\/ich.md\/index.php?rest_route=\/wp\/v2\/types\/post"}],"author":[{"embeddable":true,"href":"https:\/\/ich.md\/index.php?rest_route=\/wp\/v2\/users\/11"}],"replies":[{"embeddable":true,"href":"https:\/\/ich.md\/index.php?rest_route=%2Fwp%2Fv2%2Fcomments&post=7644"}],"version-history":[{"count":2,"href":"https:\/\/ich.md\/index.php?rest_route=\/wp\/v2\/posts\/7644\/revisions"}],"predecessor-version":[{"id":7657,"href":"https:\/\/ich.md\/index.php?rest_route=\/wp\/v2\/posts\/7644\/revisions\/7657"}],"wp:featuredmedia":[{"embeddable":true,"href":"https:\/\/ich.md\/index.php?rest_route=\/wp\/v2\/media\/7655"}],"wp:attachment":[{"href":"https:\/\/ich.md\/index.php?rest_route=%2Fwp%2Fv2%2Fmedia&parent=7644"}],"wp:term":[{"taxonomy":"category","embeddable":true,"href":"https:\/\/ich.md\/index.php?rest_route=%2Fwp%2Fv2%2Fcategories&post=7644"},{"taxonomy":"post_tag","embeddable":true,"href":"https:\/\/ich.md\/index.php?rest_route=%2Fwp%2Fv2%2Ftags&post=7644"}],"curies":[{"name":"wp","href":"https:\/\/api.w.org\/{rel}","templated":true}]}}