{"id":7660,"date":"2024-05-31T11:23:00","date_gmt":"2024-05-31T08:23:00","guid":{"rendered":"https:\/\/ich.md\/?p=7660"},"modified":"2024-05-31T11:26:28","modified_gmt":"2024-05-31T08:26:28","slug":"se-anunta-sedinta-seminarului-stiintific-de-profil-pentru-audierea-tezei-de-doctor-in","status":"publish","type":"post","link":"https:\/\/ich.md\/?p=7660","title":{"rendered":"Se anun\u021b\u0103 \u0218edin\u021ba Seminarului \u0218tiin\u021bific de Profil pentru audierea tezei de doctor \u00een studiul artelor"},"content":{"rendered":"\n<p><\/p>\n\n\n\n<p>Mar\u021bi, 11 iunie 2024, ora 13.00, \u00een sala de \u0219edin\u021be a Institutului Patrimoniului Cultural (biroul 538, bd. \u0218tefan cel Mare \u0219i Sf\u00e2nt 1) va avea loc \u0219edin\u021ba Seminarului \u0218tiin\u021bific de Profil 651&nbsp;<em>Arte vizuale,&nbsp;<\/em>la specialitatea <em>651.01.&nbsp;<em>Teoria \u015fi istoria artelor<\/em><\/em> (format prin Decizia Consiliului de Conducere al ANACEC nr. 16 din 4 octombrie 2021), la care va fi evaluat\u0103 teza de doctor \u00een arhitectur\u0103 cu tema \u201ePractici \u0219i discursuri \u00een arta vizual\u0103 contemporan\u0103 din Republica Moldova  (anii 1970-2010)\u201d<em>.<\/em><\/p>\n\n\n\n<p>&nbsp;Autor: Lilia Dragneva.<\/p>\n\n\n\n<p>Conduc\u0103tor \u0219tiin\u021bific: Tudor STAVIL\u0102, doctor habilitat \u00een studiul artelor, profesor cercet\u0103tor.<\/p>\n\n\n\n<p>Pre\u015fedinte al S\u0218P: Mariana \u015elapac, doctor habilitat \u00een studiul artelor, membru corespondent al A\u0218M.<\/p>\n\n\n\n<p>Secretar \u015ftiin\u0163ific: Victoria ROCACIUC, doctor habilitat \u00een studiul artelor, conferen\u0163iar cercet\u0103tor<\/p>\n\n\n\n<figure class=\"wp-block-image size-full\"><a href=\"http:\/\/ich.md\/wp-content\/uploads\/2023\/03\/phd720x300.jpeg\"><img decoding=\"async\" loading=\"lazy\" width=\"720\" height=\"300\" src=\"http:\/\/ich.md\/wp-content\/uploads\/2023\/03\/phd720x300.jpeg\" alt=\"\" class=\"wp-image-7031\"\/><\/a><\/figure>\n","protected":false},"excerpt":{"rendered":"<p>Mar\u021bi, 11 iunie 2024, ora 13.00, \u00een sala de \u0219edin\u021be a Institutului Patrimoniului Cultural (biroul 538, bd. \u0218tefan cel Mare \u0219i Sf\u00e2nt 1) va avea<span class=\"read-more-link\"><a class=\"read-more\" href=\"https:\/\/ich.md\/?p=7660\">Read More<\/a><\/span><\/p>\n","protected":false},"author":11,"featured_media":7031,"comment_status":"closed","ping_status":"closed","sticky":false,"template":"","format":"standard","meta":[],"categories":[10],"tags":[],"_links":{"self":[{"href":"https:\/\/ich.md\/index.php?rest_route=\/wp\/v2\/posts\/7660"}],"collection":[{"href":"https:\/\/ich.md\/index.php?rest_route=\/wp\/v2\/posts"}],"about":[{"href":"https:\/\/ich.md\/index.php?rest_route=\/wp\/v2\/types\/post"}],"author":[{"embeddable":true,"href":"https:\/\/ich.md\/index.php?rest_route=\/wp\/v2\/users\/11"}],"replies":[{"embeddable":true,"href":"https:\/\/ich.md\/index.php?rest_route=%2Fwp%2Fv2%2Fcomments&post=7660"}],"version-history":[{"count":3,"href":"https:\/\/ich.md\/index.php?rest_route=\/wp\/v2\/posts\/7660\/revisions"}],"predecessor-version":[{"id":7664,"href":"https:\/\/ich.md\/index.php?rest_route=\/wp\/v2\/posts\/7660\/revisions\/7664"}],"wp:featuredmedia":[{"embeddable":true,"href":"https:\/\/ich.md\/index.php?rest_route=\/wp\/v2\/media\/7031"}],"wp:attachment":[{"href":"https:\/\/ich.md\/index.php?rest_route=%2Fwp%2Fv2%2Fmedia&parent=7660"}],"wp:term":[{"taxonomy":"category","embeddable":true,"href":"https:\/\/ich.md\/index.php?rest_route=%2Fwp%2Fv2%2Fcategories&post=7660"},{"taxonomy":"post_tag","embeddable":true,"href":"https:\/\/ich.md\/index.php?rest_route=%2Fwp%2Fv2%2Ftags&post=7660"}],"curies":[{"name":"wp","href":"https:\/\/api.w.org\/{rel}","templated":true}]}}